{"id":13406,"date":"2013-11-20T19:24:54","date_gmt":"2013-11-20T19:24:54","guid":{"rendered":"http:\/\/aconteceunovale.com.br\/portal\/?p=13406"},"modified":"2013-11-20T19:24:54","modified_gmt":"2013-11-20T19:24:54","slug":"teofilo-otoni-instituto-estadual-de-florestas-promove-capacitacao-para-detentos","status":"publish","type":"post","link":"https:\/\/aconteceunovale.com.br\/portal\/?p=13406","title":{"rendered":"TE\u00d3FILO OTONI: Instituto Estadual de Florestas promove capacita\u00e7\u00e3o para detentos"},"content":{"rendered":"<p>A fim de aproveitar a m\u00e3o de obra prisional na produ\u00e7\u00e3o de mudas e recupera\u00e7\u00e3o de \u00e1reas degradadas, o Instituto Estadual de Florestas (IEF) promoveu, na \u00faltima semana, um curso para constru\u00e7\u00e3o de cercas ecologicamente corretas e de baixo custo. O treinamento, parte do projeto Plantando a Liberdade por meio da Sustentabilidade, foi dado a dez detentos do Pres\u00eddio de Te\u00f3filo Otoni, na regi\u00e3o do Vale do Mucuri, e \u00e9 fruto de uma parceria firmada com a Secretaria de Estado de Defesa Social (SEDS), o Sindicato de Produtores Rurais de Te\u00f3filo Otoni e a Federa\u00e7\u00e3o da Agricultura e Pecu\u00e1ria de Minas Gerais (Faemg).<\/p>\n<p><img loading=\"lazy\" decoding=\"async\" alt=\"\" src=\"http:\/\/aconteceunovale.com.br\/portal\/wp-content\/uploads\/2013\/11\/detentos_teo.jpg\" width=\"1024\" height=\"768\" border=\"0\" \/><\/p>\n<p>Durante o curso que durou cinco dias e foi ministrado pelo Servi\u00e7o Nacional de Aprendizagem Rural (Senar) dentro do pres\u00eddio de Te\u00f3filo Otoni, os detentos tiveram aulas pr\u00e1ticas e te\u00f3ricas. Eles aprenderam a construir cercas de arame farpado e liso, de formas econ\u00f4mica e ecologicamente corretas, por meio do uso de eucaliptos. Para o diretor-geral do IEF, Bertholdino Teixeira j\u00fanior, o trabalho \u00e9 muito importante e a meta do Instituto \u00e9 capacitar detentos de outras regi\u00f5es mineiras. \u201cEsse treinamento envolve a quest\u00e3o ambiental e social. Por meio dele, o detento se capacita e pode usar o aprendizado ao deixar o sistema penitenci\u00e1rio j\u00e1 que h\u00e1 pouca m\u00e3o-de-obra preparada para atuar nessa \u00e1rea\u201d, explica.<\/p>\n<p>A chefe do Escrit\u00f3rio Regional Nordeste do IEF, Jana\u00edna Mendon\u00e7a Pereira, uma das organizadoras do curso, afirma que neste ano ser\u00e3o realizadas outras a\u00e7\u00f5es de cercamento de nascente e recupera\u00e7\u00e3o de \u00e1reas de preserva\u00e7\u00e3o permanente na regi\u00e3o da penitenci\u00e1ria e em \u00e1reas particulares do entorno do pres\u00eddio. Para 2014, a meta \u00e9 ministrar mais cursos de capacita\u00e7\u00e3o em produ\u00e7\u00e3o de mudas nativas e ex\u00f3ticas, t\u00e9cnicas de recupera\u00e7\u00e3o de \u00e1reas degradadas e outros voltados para a\u00e7\u00f5es de recupera\u00e7\u00e3o ambiental.<\/p>\n<p>\u201cPara n\u00f3s, essa a\u00e7\u00e3o \u00e9 uma parceria de muito sucesso j\u00e1 que o IEF ganha aumentando a efici\u00eancia de suas a\u00e7\u00f5es de fomento florestal, por meio da utiliza\u00e7\u00e3o de m\u00e3o de obra prisional em atividades de produ\u00e7\u00e3o de mudas e recupera\u00e7\u00e3o ambiental\u201d, afirma. Para a chefe do regional essa \u00e9 tamb\u00e9m uma forma de o Estado oferecer a chance da ressocializa\u00e7\u00e3o com oportunidade de trabalho. \u201cContribuindo para o processo de defesa social, o detento ganha novas capacidades e possibilidades de gera\u00e7\u00e3o de renda quando em liberdade, al\u00e9m de remiss\u00e3o de pena\u201d, completa.<\/p>\n","protected":false},"excerpt":{"rendered":"<p>A fim de aproveitar a m\u00e3o de obra prisional na produ\u00e7\u00e3o de mudas e recupera\u00e7\u00e3o de \u00e1reas degradadas, o Instituto Estadual de Florestas (IEF) promoveu, na \u00faltima semana, um curso para constru\u00e7\u00e3o de cercas ecologicamente corretas e de baixo custo. O treinamento, parte do projeto Plantando a Liberdade por meio da Sustentabilidade, foi dado a [&hellip;]<\/p>\n","protected":false},"author":1,"featured_media":13407,"comment_status":"open","ping_status":"open","sticky":false,"template":"","format":"standard","meta":{"amp_status":"","footnotes":""},"categories":[122],"tags":[748,747,164],"class_list":["post-13406","post","type-post","status-publish","format-standard","has-post-thumbnail","hentry","category-mucuri","tag-ief","tag-instituto-estadual-de-florestas-promove-capacitacao-para-detentos-em-teofilo-otoni","tag-teofilo-otoni"],"_links":{"self":[{"href":"https:\/\/aconteceunovale.com.br\/portal\/index.php?rest_route=\/wp\/v2\/posts\/13406","targetHints":{"allow":["GET"]}}],"collection":[{"href":"https:\/\/aconteceunovale.com.br\/portal\/index.php?rest_route=\/wp\/v2\/posts"}],"about":[{"href":"https:\/\/aconteceunovale.com.br\/portal\/index.php?rest_route=\/wp\/v2\/types\/post"}],"author":[{"embeddable":true,"href":"https:\/\/aconteceunovale.com.br\/portal\/index.php?rest_route=\/wp\/v2\/users\/1"}],"replies":[{"embeddable":true,"href":"https:\/\/aconteceunovale.com.br\/portal\/index.php?rest_route=%2Fwp%2Fv2%2Fcomments&post=13406"}],"version-history":[{"count":0,"href":"https:\/\/aconteceunovale.com.br\/portal\/index.php?rest_route=\/wp\/v2\/posts\/13406\/revisions"}],"wp:featuredmedia":[{"embeddable":true,"href":"https:\/\/aconteceunovale.com.br\/portal\/index.php?rest_route=\/wp\/v2\/media\/13407"}],"wp:attachment":[{"href":"https:\/\/aconteceunovale.com.br\/portal\/index.php?rest_route=%2Fwp%2Fv2%2Fmedia&parent=13406"}],"wp:term":[{"taxonomy":"category","embeddable":true,"href":"https:\/\/aconteceunovale.com.br\/portal\/index.php?rest_route=%2Fwp%2Fv2%2Fcategories&post=13406"},{"taxonomy":"post_tag","embeddable":true,"href":"https:\/\/aconteceunovale.com.br\/portal\/index.php?rest_route=%2Fwp%2Fv2%2Ftags&post=13406"}],"curies":[{"name":"wp","href":"https:\/\/api.w.org\/{rel}","templated":true}]}}