{"id":13397,"date":"2013-11-20T19:10:12","date_gmt":"2013-11-20T19:10:12","guid":{"rendered":"http:\/\/aconteceunovale.com.br\/portal\/?p=13397"},"modified":"2013-11-20T19:10:12","modified_gmt":"2013-11-20T19:10:12","slug":"jequitinhonha-sera-sede-do-iii-encontro-de-comunicadores-do-vale-do-jequitinhonha","status":"publish","type":"post","link":"https:\/\/aconteceunovale.com.br\/portal\/?p=13397","title":{"rendered":"Jequitinhonha ser\u00e1 sede do III Encontro de Comunicadores do Vale do Jequitinhonha"},"content":{"rendered":"<p>De 23 a 25 de janeiro de 2014 o Programa Polo de Integra\u00e7\u00e3o da UFMG no Vale do Jequitinhonha, da Pr\u00f3-Reitoria de Extens\u00e3o da UFMG, realizar\u00e1 no munic\u00edpio de Jequitinhonha, o III Encontro de Comunicadores do Vale do Jequitinhonha. Promovido em parceria com a Associa\u00e7\u00e3o Imagem Comunit\u00e1ria e a Oficina de Imagens, com apoio da Prefeitura Municipal de Jequitinhonha, al\u00e9m de lideran\u00e7as locais e regionais, o evento ter\u00e1 como tem\u00e1tica central \u201cComo trazer o comunit\u00e1rio para a comunica\u00e7\u00e3o? O que h\u00e1 de comunit\u00e1rio na comunica\u00e7\u00e3o comunit\u00e1ria?\u201d.<\/p>\n<p>Al\u00e9m de pain\u00e9is, haver\u00e1 atividades culturais e oficinas nas \u00e1reas de web, r\u00e1dio, m\u00eddias sociais e projetos culturais, entre outras. As atividades do Encontro de Comunicadores ser\u00e3o realizadas no Rotary, no Centro Vocacional Tecnol\u00f3gico &#8211; CVT, na antiga Secretaria de Educa\u00e7\u00e3o, na Casa de Cultura e na R\u00e1dio Santa Cruz. O evento conta, ainda, com o apoio do com\u00e9rcio local, de blogs e sites, r\u00e1dios e jornais da regi\u00e3o.<\/p>\n<p>PROGRAMA\u00c7\u00c3O<\/p>\n<p><strong>Quinta-feira, 23 jan. (noite \u2013 19:00h)<\/strong><\/p>\n<p>&#8211; Abertura com fala da Prefeita, de representante da UFMG e TV Jequi.<br \/>\n&#8211; Grupos de Discuss\u00e3o organizados a partir de relatos de experi\u00eancia<\/p>\n<p><strong>Sexta-feira, 24 jan. (manh\u00e3 \/ tarde \/ noite)<\/strong><\/p>\n<p>&#8211; Oficinas (9:00h at\u00e9 17:00h \u2013 com pausa para almo\u00e7o e coffee break)<br \/>\n\u2022 Produ\u00e7\u00e3o Cultural \u2013 Local: Mini-audit\u00f3rio do CVT; Ministrantes: Larissa Scarpelli.<br \/>\n\u2022 R\u00e1dio Comunit\u00e1ria \u2013 Local: Rotary; Ministrante: Representante da ABRA\u00c7O-MG.<br \/>\n\u2022 Stop-motion \u2013 Local: Secretaria de Educa\u00e7\u00e3o; Ministrantes: Bruna Lubambo e S\u00e2mia Bechelane (AIC).<br \/>\n\u2022 Fotografia \u2013 Local: Casa de Cultura; Ministrantes: Let\u00edcia Lopes e D\u00e9bora Amaral (AIC).<br \/>\n\u2022 Interven\u00e7\u00f5es em Cena: o nome disso \u00e9 rua \u2013 Local: CVT; Ministrante: Rodrigo Corr\u00eaa (Oficina de Imagens).<br \/>\n\u2022 @internet e #rua: M\u00eddias Sociais, Web ativismo e Comunica\u00e7\u00e3o \u2013 Local: CVT; Ministrante: Bruno Vieira (Oficina de Imagens).<br \/>\n\u2022 Propaganda Educativa de R\u00e1dio \u2013 Local: R\u00e1dio Santa Cruz; Ministrantes: Del\u00e2nzia Junho e Levy Guimar\u00e3es (Vozes do Vale)<\/p>\n<p>&#8211; Mostra de Oficinas (Noite \u2013 17:30h at\u00e9 19:30h): exposi\u00e7\u00e3o dos resultados das oficinas. Rotary.<br \/>\n&#8211; Sarau (Noite \u2013 20:30h): apresenta\u00e7\u00f5es culturais.<\/p>\n<p><strong>S\u00e1bado, 25 jan. (manh\u00e3 \u2013 9:00h at\u00e9 12:30h)<\/strong><\/p>\n<p>&#8211; Confer\u00eancia de encerramento.<br \/>\n&#8211; Plen\u00e1ria de discuss\u00e3o da proposta tem\u00e1tica. (10:30 at\u00e9 12:30h).<\/p>\n<p>INFORMA\u00c7\u00d5ES<br \/>\npolojequitinhonhaufmg@gmail.com<\/p>\n","protected":false},"excerpt":{"rendered":"<p>De 23 a 25 de janeiro de 2014 o Programa Polo de Integra\u00e7\u00e3o da UFMG no Vale do Jequitinhonha, da Pr\u00f3-Reitoria de Extens\u00e3o da UFMG, realizar\u00e1 no munic\u00edpio de Jequitinhonha, o III Encontro de Comunicadores do Vale do Jequitinhonha. Promovido em parceria com a Associa\u00e7\u00e3o Imagem Comunit\u00e1ria e a Oficina de Imagens, com apoio da [&hellip;]<\/p>\n","protected":false},"author":1,"featured_media":13398,"comment_status":"open","ping_status":"open","sticky":false,"template":"","format":"standard","meta":{"amp_status":"","footnotes":""},"categories":[125],"tags":[744,743,206030],"class_list":["post-13397","post","type-post","status-publish","format-standard","has-post-thumbnail","hentry","category-noticias","tag-encontro-de-comunicadores-do-vale","tag-iii-encontro-de-comunicadores-do-vale","tag-jequi"],"_links":{"self":[{"href":"https:\/\/aconteceunovale.com.br\/portal\/index.php?rest_route=\/wp\/v2\/posts\/13397","targetHints":{"allow":["GET"]}}],"collection":[{"href":"https:\/\/aconteceunovale.com.br\/portal\/index.php?rest_route=\/wp\/v2\/posts"}],"about":[{"href":"https:\/\/aconteceunovale.com.br\/portal\/index.php?rest_route=\/wp\/v2\/types\/post"}],"author":[{"embeddable":true,"href":"https:\/\/aconteceunovale.com.br\/portal\/index.php?rest_route=\/wp\/v2\/users\/1"}],"replies":[{"embeddable":true,"href":"https:\/\/aconteceunovale.com.br\/portal\/index.php?rest_route=%2Fwp%2Fv2%2Fcomments&post=13397"}],"version-history":[{"count":0,"href":"https:\/\/aconteceunovale.com.br\/portal\/index.php?rest_route=\/wp\/v2\/posts\/13397\/revisions"}],"wp:featuredmedia":[{"embeddable":true,"href":"https:\/\/aconteceunovale.com.br\/portal\/index.php?rest_route=\/wp\/v2\/media\/13398"}],"wp:attachment":[{"href":"https:\/\/aconteceunovale.com.br\/portal\/index.php?rest_route=%2Fwp%2Fv2%2Fmedia&parent=13397"}],"wp:term":[{"taxonomy":"category","embeddable":true,"href":"https:\/\/aconteceunovale.com.br\/portal\/index.php?rest_route=%2Fwp%2Fv2%2Fcategories&post=13397"},{"taxonomy":"post_tag","embeddable":true,"href":"https:\/\/aconteceunovale.com.br\/portal\/index.php?rest_route=%2Fwp%2Fv2%2Ftags&post=13397"}],"curies":[{"name":"wp","href":"https:\/\/api.w.org\/{rel}","templated":true}]}}