{"id":13394,"date":"2013-11-20T19:01:58","date_gmt":"2013-11-20T19:01:58","guid":{"rendered":"http:\/\/aconteceunovale.com.br\/portal\/?p=13394"},"modified":"2013-11-20T19:01:58","modified_gmt":"2013-11-20T19:01:58","slug":"diamantina-realiza-o-3o-encontro-de-comunidades-afro-descendentes","status":"publish","type":"post","link":"https:\/\/aconteceunovale.com.br\/portal\/?p=13394","title":{"rendered":"Diamantina realiza o 3\u00ba Encontro de Comunidades Afro descendentes"},"content":{"rendered":"<p>O tempo avan\u00e7ou e com ele continua a busca pela conquista de uma politica p\u00fablica municipal voltada as comunidades afro descendentes de Diamantina. J\u00e1 se v\u00e3o quase tr\u00eas anos desde o primeiro Encontro, realizado no distrito de S\u00e3o Jo\u00e3o da Chapada em 2011 e o segundo no distrito de Inha\u00ed em 2012.<\/p>\n<p>Realizado junto com a Semana da Consci\u00eancia Negra em parceria com diversas entidades o encontro desse ano pretende pautar como tema central a quest\u00e3o do racismo e a falta de pol\u00edticas para a igualdade racial no munic\u00edpio. Para o povo negro diamantinense, h\u00e1 pouco a comemorar, embora h\u00e1 que se reconhecer conquistas advindas da luta dos movimentos sociais em \u00e2mbito nacional que trazem hoje um legado de direitos, a exemplo da pol\u00edtica de cotas raciais no ensino superior. Mas, algumas conquistas locais recentes reafirmam a dif\u00edcil caminhada que a popula\u00e7\u00e3o negra diamantinense ainda tem pela frente para a conquista de direitos. Algumas vit\u00f3rias podem ser comemoradas, como por exemplo a conquista da certifica\u00e7\u00e3o de auto-defini\u00e7\u00e3o enquanto comunidades quilombolas, concedida pela Funda\u00e7\u00e3o Palmares as comunidades de Mata dos Crioulos, Vargem do Inha\u00ed e Quartel do Indai\u00e1 nos anos de 2010 e 2011; ainda outra como a cria\u00e7\u00e3o do Comit\u00ea pr\u00f3 igualdade racial de Diamantina que ap\u00f3s ter dado uma pequena parada, est\u00e1 sendo retomado; tamb\u00e9m a participa\u00e7\u00e3o dos mestres das comunidades, ministrando oficinas durante o 45\u00ba Festival de Inverno da UFMG; assim como, a premia\u00e7\u00e3o concedida em novembro de 2013 pelo Minist\u00e9rio da Cultura ao nosso querido Sr. \u201cPedro de Alexina\u201d, como mestre da cultura popular brasileira. Ainda a cria\u00e7\u00e3o da Comiss\u00e3o em Defesa dos Direitos das Comunidades Extrativistas demonstra a capacidade de um importante segmento social do munic\u00edpio em se organizar, mesmo \u00e0 revelia e aliena\u00e7\u00e3o das institui\u00e7\u00f5es p\u00fablicas. \u00c9 claro que atualmente as comunidades quilombolas se tornaram mais vis\u00edveis e come\u00e7aram a despertar interesses das comunidades docentes e discentes, institui\u00e7\u00f5es e curiosos. S\u00e3o pequenas conquistas que elevam os \u00e2nimos das comunidades, que cada vez mais se afirmam como quilombolas e partem em busca de seus direitos.<\/p>\n<p>O Encontro das Comunidades Afro descendentes de Diamantina, em sua terceira edi\u00e7\u00e3o, retorna ao Distrito de S\u00e3o Jo\u00e3o da Chapada, prometendo ser um encontro colorido e multicultural, para \u201cfazer a cabe\u00e7a\u201d dos participantes. Durante os quatro dias de evento, representantes institucionais ministrar\u00e3o palestras e participar\u00e3o de mesas com temas de interesse das comunidades. Conjuntamente a programa\u00e7\u00e3o cultural exp\u00f5e uma caracter\u00edstica que essas comunidades sabem expressar muito bem: a alegria!<\/p>\n<p>Para a integrante do Instituto Bateia e Coordenadora do encontro, Marcia Bet\u00e2nia, o III Encontro das Comunidades Afro descendentes ser\u00e1 um momento importante de retomada do movimento social e ainda de debate e reflex\u00e3o sobre esta grande mancha chamada racismo que fere a sociedade brasileira e prejudica o desenvolvimento humano.<\/p>\n<p>Confira abaixo a Programa\u00e7\u00e3o Cultural do III Encontro das Comunidades Afro Descendentes de Diamantina:<\/p>\n<p><strong>Dia 20-Quarta-feira<\/strong><\/p>\n<p>\u00b717hs-Exposi\u00e7\u00e3o de fotos- A busca de direitos- I e II Encontro de Comunidades Afro- Descendentes &#8211; Sede da Associa\u00e7\u00e3o\/Sal\u00e3o da Tape\u00e7aria.<\/p>\n<p>\u00b718hs- Palestra:\u201d Igualdade Racial: Conquistas e Direitos\u201d- Maria do Carmo Silva- Assistente Social, advogada, ex- Secret\u00e1ria Adjunta da Secretaria Especial de Pol\u00edticas de Promo\u00e7\u00e3o da Igualdade Racial do governo federal.<\/p>\n<p>Local: Escola Estadual Governador Juscelino Kubitschek.<\/p>\n<p>\u00b719hs30min &#8211; Missa Afro- Igreja Matriz Santo Ant\u00f4nio \u2013 presidida pelo Pe. Paulo Francisco de Souza \u2013 Inimutaba &#8211; MG<\/p>\n<p><strong>Dia 21-Quinta-feira<\/strong><\/p>\n<p>\u00b718hs30min &#8211; Mostra de curtas e document\u00e1rios-Tema: Igualdade racial. Local: Sede da Associa\u00e7\u00e3o\/Sal\u00e3o da Tape\u00e7aria.<\/p>\n<p>\u00b719hs30min \u2013 Mesa de debates\/Tema: Racismo Institucional<\/p>\n<p>\u00b7Local: Escola Estadual Gov. Juscelino Kubitschek<\/p>\n<p>Renato Cunha- advogado, assessor jur\u00eddico do IDENE: Aspectos legais para coibi\u00e7\u00e3o do racismo institucional.<\/p>\n<p>Lucas Dias-Conselho Municipal de Jovens e Adolescentes do Meio Rural-CONJARD: O impacto do racismo ou preconceito racial na forma\u00e7\u00e3o do jovem.<\/p>\n<p>Maria Cristina \u00c1vila Rodrigues- Diretora da E.E.Governador Juscelino Kubitschek: O papel da educa\u00e7\u00e3o no combate ao racismo.<\/p>\n<p>Media\u00e7\u00e3o: M\u00e1rcia Bet\u00e2nia Oliveira Horta<\/p>\n<p><strong>Dia 22-Sexta-feira<\/strong><\/p>\n<p>\u00b713hs-Oficina de constru\u00e7\u00e3o de brinquedos populares &#8211; Local: Nossa Casa<\/p>\n<p>\u00b718hs -Espa\u00e7o Gri\u00f4\/Conta\u00e7\u00e3o de est\u00f3rias com mestres da cultura popular. Local: Nossa Casa<\/p>\n<p>\u00b720hs-Filme: \u201cBesouro\u201d &#8211; Local: Centro Comunit\u00e1rio Infantil Pe. Romano Merten (CCI).<\/p>\n<p>Longa Metragem-Dire\u00e7\u00e3o de JO\u00c3O DANIEL TIKHOMIROFF. 1h 35m de dura\u00e7\u00e3o- Besouro \u00e9 o nome do maior capoeirista de todos os tempos. Um menino que, ao se identificar com o inseto que desafia as leis da F\u00edsica, desafia ele mesmo as leis cru\u00e9is do preconceito e da opress\u00e3o. Um mito, um super-her\u00f3i.<\/p>\n<p><strong>Dia 23-S\u00e1bado<\/strong><\/p>\n<p>Espa\u00e7o Afrox\u00e9<\/p>\n<p>\u00b7Varal de cartazes alusivos ao Dia Nacional da Consci\u00eancia Negra, feitos pelos alunos da Escola Estadual Governador Juscelino Kubitschek.<\/p>\n<p>\u00b715hs &#8211; Cabe\u00e7a feita: Oficina de Penteado Afro e de Pintura corporal.<\/p>\n<p>\u00b717hs-Concentra\u00e7\u00e3o seguida de cortejo em homenagem ao Dia Nacional da Consci\u00eancia Negra.<\/p>\n<p>\u00b720hs &#8211; Apresenta\u00e7\u00f5es art\u00edstico-culturais de grupos da comunidade e convidados e barraquinhas.<\/p>\n<p>Local: Rua Ant\u00f4nio de Carvalho Cruz &#8211; Pra\u00e7a<\/p>\n<p>Servi\u00e7o de Informa\u00e7\u00e3o: Alberis Mafra (alberismafra@yahoo.com.br)<\/p>\n","protected":false},"excerpt":{"rendered":"<p>O tempo avan\u00e7ou e com ele continua a busca pela conquista de uma politica p\u00fablica municipal voltada as comunidades afro descendentes de Diamantina. J\u00e1 se v\u00e3o quase tr\u00eas anos desde o primeiro Encontro, realizado no distrito de S\u00e3o Jo\u00e3o da Chapada em 2011 e o segundo no distrito de Inha\u00ed em 2012. Realizado junto com [&hellip;]<\/p>\n","protected":false},"author":1,"featured_media":13395,"comment_status":"open","ping_status":"open","sticky":false,"template":"","format":"standard","meta":{"amp_status":"","footnotes":""},"categories":[125],"tags":[198,742],"class_list":["post-13394","post","type-post","status-publish","format-standard","has-post-thumbnail","hentry","category-noticias","tag-diamantina","tag-diamantina-realiza-o-3o-encontro-de-comunidades-afro-descendentes"],"_links":{"self":[{"href":"https:\/\/aconteceunovale.com.br\/portal\/index.php?rest_route=\/wp\/v2\/posts\/13394","targetHints":{"allow":["GET"]}}],"collection":[{"href":"https:\/\/aconteceunovale.com.br\/portal\/index.php?rest_route=\/wp\/v2\/posts"}],"about":[{"href":"https:\/\/aconteceunovale.com.br\/portal\/index.php?rest_route=\/wp\/v2\/types\/post"}],"author":[{"embeddable":true,"href":"https:\/\/aconteceunovale.com.br\/portal\/index.php?rest_route=\/wp\/v2\/users\/1"}],"replies":[{"embeddable":true,"href":"https:\/\/aconteceunovale.com.br\/portal\/index.php?rest_route=%2Fwp%2Fv2%2Fcomments&post=13394"}],"version-history":[{"count":0,"href":"https:\/\/aconteceunovale.com.br\/portal\/index.php?rest_route=\/wp\/v2\/posts\/13394\/revisions"}],"wp:featuredmedia":[{"embeddable":true,"href":"https:\/\/aconteceunovale.com.br\/portal\/index.php?rest_route=\/wp\/v2\/media\/13395"}],"wp:attachment":[{"href":"https:\/\/aconteceunovale.com.br\/portal\/index.php?rest_route=%2Fwp%2Fv2%2Fmedia&parent=13394"}],"wp:term":[{"taxonomy":"category","embeddable":true,"href":"https:\/\/aconteceunovale.com.br\/portal\/index.php?rest_route=%2Fwp%2Fv2%2Fcategories&post=13394"},{"taxonomy":"post_tag","embeddable":true,"href":"https:\/\/aconteceunovale.com.br\/portal\/index.php?rest_route=%2Fwp%2Fv2%2Ftags&post=13394"}],"curies":[{"name":"wp","href":"https:\/\/api.w.org\/{rel}","templated":true}]}}