{"id":13384,"date":"2013-11-20T19:32:13","date_gmt":"2013-11-20T19:32:13","guid":{"rendered":"http:\/\/aconteceunovale.com.br\/portal\/?p=13384"},"modified":"2026-09-02T13:55:50","modified_gmt":"2026-09-02T16:55:50","slug":"turmalina-acidente-proximo-ao-senai-deixa-vitima-fatal","status":"publish","type":"post","link":"https:\/\/aconteceunovale.com.br\/portal\/?p=13384","title":{"rendered":"TURMALINA: acidente pr\u00f3ximo ao SENAI deixa v\u00edtima fatal"},"content":{"rendered":"<p>A foto abaixo foi publicada no facebook pelo nosso turmalinense Dejonsyo Cordeiro (imagem que at\u00e9 o momento j\u00e1 recebeu dezenas de compartilhamentos e coment\u00e1rios). O acidente retratado aconteceu na manh\u00e3 desta quarta-feira (20) nas imedia\u00e7\u00f5es do SENAI de Turmalina.<\/p>\n<p><img loading=\"lazy\" decoding=\"async\" alt=\"\" src=\"http:\/\/aconteceunovale.com.br\/portal\/wp-content\/uploads\/2013\/11\/acidente_senai.jpg\" width=\"960\" height=\"720\" border=\"0\" \/><\/p>\n<p>O acidente que encabe\u00e7a a lista de v\u00e1rios outros (como j\u00e1 foi publicado aqui na nossa p\u00e1gina) mais uma vez desperta a opini\u00e3o do p\u00fablico. <\/p>\n<p>Para Sonia Macedo a solu\u00e7\u00e3o deve partir dos pr\u00f3prios condutores. \u201cAs pessoas deveriam ter menos pressa. Em uma cidade como Turmalina acidentes como esse \u00e9 um absurdo\u201d, disse. Para Fabiana Cordeiro providencias j\u00e1 deveriam ter sido tomadas. \u201cJ\u00e1 est\u00e1 passando da hora de algu\u00e9m tomar alguma providencia. Tem acontecido muitos casos em curto espa\u00e7o de tempo\u201d, relata.<\/p>\n<p>Para Adriano Macedo os motoristas n\u00e3o respeitam o limite de velocidade. \u201cGeralmente os condutores que passam por esse trecho est\u00e3o seguindo viagem e passam bem acima da velocidade permitida. Nesse ponto existem motos e carros atravessando o tempo todo\u201d, explica. E depois sugere, \u201cTrechos assim tem que ter redutores de velocidade, sejam eles quebra molas ou lombadas seq\u00fcenciais\u201d, finaliza. <\/p>\n<p>De acordo com informa\u00e7\u00f5es de populares, Samuel Francisco (que pilotava uma das motos) morreu no local do acidente. A outra vitima foi atendida pelo SAMU em estado grave. <\/p>\n<p>Para efeito de informa\u00e7\u00e3o, a C\u00e2mara Municipal de Turmalina j\u00e1 aprovou um requerimento (autoria Quincas\/PSDB) obrigando o DNIT \u2013 Departamento Nacional de Transito a tomar provid\u00eancias para evitar o grande n\u00famero de acidentes nesse trecho da BR 367. O que se apura \u00e9 que a BR (assim como muita coisa que \u00e9 de responsabilidade federal) est\u00e1 totalmente abandonada. Basta circular pelo trecho entre Minas Novas e Virgem da Lapa, mas essa \u00e9 uma outra hist\u00f3ria de terror.<\/p>\n","protected":false},"excerpt":{"rendered":"<p>A foto abaixo foi publicada no facebook pelo nosso turmalinense Dejonsyo Cordeiro (imagem que at\u00e9 o momento j\u00e1 recebeu dezenas de compartilhamentos e coment\u00e1rios). O acidente retratado aconteceu na manh\u00e3 desta quarta-feira (20) nas imedia\u00e7\u00f5es do SENAI de Turmalina. O acidente que encabe\u00e7a a lista de v\u00e1rios outros (como j\u00e1 foi publicado aqui na nossa [&hellip;]<\/p>\n","protected":false},"author":1,"featured_media":13385,"comment_status":"open","ping_status":"open","sticky":false,"template":"","format":"standard","meta":{"amp_status":"","footnotes":""},"categories":[272576,120],"tags":[740,739,178],"class_list":["post-13384","post","type-post","status-publish","format-standard","has-post-thumbnail","hentry","category-turmalina","category-jequi","tag-acidente-proximo-ao-senai","tag-acidente-turmalina","tag-turmalina"],"yoast_head":"<!-- This site is optimized with the Yoast SEO plugin v28.3 - https:\/\/yoast.com\/product\/yoast-seo-wordpress\/ -->\n<title>TURMALINA: acidente pr\u00f3ximo ao SENAI deixa v\u00edtima fatal - Aconteceu no Vale<\/title>\n<meta name=\"robots\" content=\"index, follow, max-snippet:-1, max-image-preview:large, max-video-preview:-1\" \/>\n<link rel=\"canonical\" href=\"https:\/\/aconteceunovale.com.br\/portal\/?p=13384\" \/>\n<meta property=\"og:locale\" content=\"pt_BR\" \/>\n<meta property=\"og:type\" content=\"article\" \/>\n<meta property=\"og:title\" content=\"TURMALINA: acidente pr\u00f3ximo ao SENAI deixa v\u00edtima fatal - Aconteceu no Vale\" \/>\n<meta property=\"og:description\" content=\"A foto abaixo foi publicada no facebook pelo nosso turmalinense Dejonsyo Cordeiro (imagem que at\u00e9 o momento j\u00e1 recebeu dezenas de compartilhamentos e coment\u00e1rios). O acidente retratado aconteceu na manh\u00e3 desta quarta-feira (20) nas imedia\u00e7\u00f5es do SENAI de Turmalina. O acidente que encabe\u00e7a a lista de v\u00e1rios outros (como j\u00e1 foi publicado aqui na nossa [&hellip;]\" \/>\n<meta property=\"og:url\" content=\"https:\/\/aconteceunovale.com.br\/portal\/?p=13384\" \/>\n<meta property=\"og:site_name\" content=\"Aconteceu no Vale\" \/>\n<meta property=\"article:publisher\" content=\"https:\/\/www.facebook.com\/aconteceunovale\/\" \/>\n<meta property=\"article:published_time\" content=\"2013-11-20T19:32:13+00:00\" \/>\n<meta property=\"article:modified_time\" content=\"2026-09-02T16:55:50+00:00\" \/>\n<meta property=\"og:image\" content=\"https:\/\/aconteceunovale.com.br\/portal\/wp-content\/uploads\/2013\/11\/acidente_senai.jpg\" \/>\n\t<meta property=\"og:image:width\" content=\"600\" \/>\n\t<meta property=\"og:image:height\" content=\"450\" \/>\n\t<meta property=\"og:image:type\" content=\"image\/jpeg\" \/>\n<meta name=\"author\" content=\"Aconteceu no Vale\" \/>\n<meta name=\"twitter:card\" content=\"summary_large_image\" \/>\n<meta name=\"twitter:creator\" content=\"@noticiadosvales\" \/>\n<meta name=\"twitter:site\" content=\"@noticiadosvales\" \/>\n<meta name=\"twitter:label1\" content=\"Escrito por\" \/>\n\t<meta name=\"twitter:data1\" content=\"Aconteceu no Vale\" \/>\n\t<meta name=\"twitter:label2\" content=\"Est. tempo de leitura\" \/>\n\t<meta name=\"twitter:data2\" content=\"1 minuto\" \/>\n<script type=\"application\/ld+json\" class=\"yoast-schema-graph\">{\"@context\":\"https:\\\/\\\/schema.org\",\"@graph\":[{\"@type\":\"Article\",\"@id\":\"https:\\\/\\\/aconteceunovale.com.br\\\/portal\\\/?p=13384#article\",\"isPartOf\":{\"@id\":\"https:\\\/\\\/aconteceunovale.com.br\\\/portal\\\/?p=13384\"},\"author\":{\"name\":\"Aconteceu no Vale\",\"@id\":\"https:\\\/\\\/aconteceunovale.com.br\\\/portal\\\/#\\\/schema\\\/person\\\/633529146f2c94272bef50ac2953d589\"},\"headline\":\"TURMALINA: acidente pr\u00f3ximo ao SENAI deixa v\u00edtima fatal\",\"datePublished\":\"2013-11-20T19:32:13+00:00\",\"dateModified\":\"2026-09-02T16:55:50+00:00\",\"mainEntityOfPage\":{\"@id\":\"https:\\\/\\\/aconteceunovale.com.br\\\/portal\\\/?p=13384\"},\"wordCount\":309,\"commentCount\":0,\"image\":{\"@id\":\"https:\\\/\\\/aconteceunovale.com.br\\\/portal\\\/?p=13384#primaryimage\"},\"thumbnailUrl\":\"https:\\\/\\\/aconteceunovale.com.br\\\/portal\\\/wp-content\\\/uploads\\\/2013\\\/11\\\/acidente_senai.jpg\",\"keywords\":[\"acidente pr\u00f3ximo ao senai\",\"acidente turmalina\",\"Turmalina\"],\"articleSection\":[\"Turmalina\",\"Vale do Jequitinhonha\"],\"inLanguage\":\"pt-BR\",\"potentialAction\":[{\"@type\":\"CommentAction\",\"name\":\"Comment\",\"target\":[\"https:\\\/\\\/aconteceunovale.com.br\\\/portal\\\/?p=13384#respond\"]}]},{\"@type\":\"WebPage\",\"@id\":\"https:\\\/\\\/aconteceunovale.com.br\\\/portal\\\/?p=13384\",\"url\":\"https:\\\/\\\/aconteceunovale.com.br\\\/portal\\\/?p=13384\",\"name\":\"TURMALINA: acidente pr\u00f3ximo ao SENAI deixa v\u00edtima fatal - Aconteceu no Vale\",\"isPartOf\":{\"@id\":\"https:\\\/\\\/aconteceunovale.com.br\\\/portal\\\/#website\"},\"primaryImageOfPage\":{\"@id\":\"https:\\\/\\\/aconteceunovale.com.br\\\/portal\\\/?p=13384#primaryimage\"},\"image\":{\"@id\":\"https:\\\/\\\/aconteceunovale.com.br\\\/portal\\\/?p=13384#primaryimage\"},\"thumbnailUrl\":\"https:\\\/\\\/aconteceunovale.com.br\\\/portal\\\/wp-content\\\/uploads\\\/2013\\\/11\\\/acidente_senai.jpg\",\"datePublished\":\"2013-11-20T19:32:13+00:00\",\"dateModified\":\"2026-09-02T16:55:50+00:00\",\"author\":{\"@id\":\"https:\\\/\\\/aconteceunovale.com.br\\\/portal\\\/#\\\/schema\\\/person\\\/633529146f2c94272bef50ac2953d589\"},\"breadcrumb\":{\"@id\":\"https:\\\/\\\/aconteceunovale.com.br\\\/portal\\\/?p=13384#breadcrumb\"},\"inLanguage\":\"pt-BR\",\"potentialAction\":[{\"@type\":\"ReadAction\",\"target\":[\"https:\\\/\\\/aconteceunovale.com.br\\\/portal\\\/?p=13384\"]}]},{\"@type\":\"ImageObject\",\"inLanguage\":\"pt-BR\",\"@id\":\"https:\\\/\\\/aconteceunovale.com.br\\\/portal\\\/?p=13384#primaryimage\",\"url\":\"https:\\\/\\\/aconteceunovale.com.br\\\/portal\\\/wp-content\\\/uploads\\\/2013\\\/11\\\/acidente_senai.jpg\",\"contentUrl\":\"https:\\\/\\\/aconteceunovale.com.br\\\/portal\\\/wp-content\\\/uploads\\\/2013\\\/11\\\/acidente_senai.jpg\",\"width\":600,\"height\":450},{\"@type\":\"BreadcrumbList\",\"@id\":\"https:\\\/\\\/aconteceunovale.com.br\\\/portal\\\/?p=13384#breadcrumb\",\"itemListElement\":[{\"@type\":\"ListItem\",\"position\":1,\"name\":\"In\u00edcio\",\"item\":\"https:\\\/\\\/aconteceunovale.com.br\\\/portal\\\/\"},{\"@type\":\"ListItem\",\"position\":2,\"name\":\"TURMALINA: acidente pr\u00f3ximo ao SENAI deixa v\u00edtima fatal\"}]},{\"@type\":\"WebSite\",\"@id\":\"https:\\\/\\\/aconteceunovale.com.br\\\/portal\\\/#website\",\"url\":\"https:\\\/\\\/aconteceunovale.com.br\\\/portal\\\/\",\"name\":\"Aconteceu no Vale\",\"description\":\"Portal de Not\u00edcias\",\"potentialAction\":[{\"@type\":\"SearchAction\",\"target\":{\"@type\":\"EntryPoint\",\"urlTemplate\":\"https:\\\/\\\/aconteceunovale.com.br\\\/portal\\\/?s={search_term_string}\"},\"query-input\":{\"@type\":\"PropertyValueSpecification\",\"valueRequired\":true,\"valueName\":\"search_term_string\"}}],\"inLanguage\":\"pt-BR\"},{\"@type\":\"Person\",\"@id\":\"https:\\\/\\\/aconteceunovale.com.br\\\/portal\\\/#\\\/schema\\\/person\\\/633529146f2c94272bef50ac2953d589\",\"name\":\"Aconteceu no Vale\",\"description\":\"Equipe de reportagem do Aconteceu no Vale, portal de not\u00edcias do Vale do Jequitinhonha, em Minas Gerais. Cobrimos as 51 cidades do Vale desde 2013. Sugest\u00f5es de pauta e pedidos de corre\u00e7\u00e3o: contato@aconteceunovale.com.br\",\"sameAs\":[\"http:\\\/\\\/www.aconteceunovale.com.br\"],\"url\":\"https:\\\/\\\/aconteceunovale.com.br\\\/portal\\\/?author=1\"}]}<\/script>\n<!-- \/ Yoast SEO plugin. -->","yoast_head_json":{"title":"TURMALINA: acidente pr\u00f3ximo ao SENAI deixa v\u00edtima fatal - Aconteceu no Vale","robots":{"index":"index","follow":"follow","max-snippet":"max-snippet:-1","max-image-preview":"max-image-preview:large","max-video-preview":"max-video-preview:-1"},"canonical":"https:\/\/aconteceunovale.com.br\/portal\/?p=13384","og_locale":"pt_BR","og_type":"article","og_title":"TURMALINA: acidente pr\u00f3ximo ao SENAI deixa v\u00edtima fatal - Aconteceu no Vale","og_description":"A foto abaixo foi publicada no facebook pelo nosso turmalinense Dejonsyo Cordeiro (imagem que at\u00e9 o momento j\u00e1 recebeu dezenas de compartilhamentos e coment\u00e1rios). O acidente retratado aconteceu na manh\u00e3 desta quarta-feira (20) nas imedia\u00e7\u00f5es do SENAI de Turmalina. O acidente que encabe\u00e7a a lista de v\u00e1rios outros (como j\u00e1 foi publicado aqui na nossa [&hellip;]","og_url":"https:\/\/aconteceunovale.com.br\/portal\/?p=13384","og_site_name":"Aconteceu no Vale","article_publisher":"https:\/\/www.facebook.com\/aconteceunovale\/","article_published_time":"2013-11-20T19:32:13+00:00","article_modified_time":"2026-09-02T16:55:50+00:00","og_image":[{"width":600,"height":450,"url":"https:\/\/aconteceunovale.com.br\/portal\/wp-content\/uploads\/2013\/11\/acidente_senai.jpg","type":"image\/jpeg"}],"author":"Aconteceu no Vale","twitter_card":"summary_large_image","twitter_creator":"@noticiadosvales","twitter_site":"@noticiadosvales","twitter_misc":{"Escrito por":"Aconteceu no Vale","Est. tempo de leitura":"1 minuto"},"schema":{"@context":"https:\/\/schema.org","@graph":[{"@type":"Article","@id":"https:\/\/aconteceunovale.com.br\/portal\/?p=13384#article","isPartOf":{"@id":"https:\/\/aconteceunovale.com.br\/portal\/?p=13384"},"author":{"name":"Aconteceu no Vale","@id":"https:\/\/aconteceunovale.com.br\/portal\/#\/schema\/person\/633529146f2c94272bef50ac2953d589"},"headline":"TURMALINA: acidente pr\u00f3ximo ao SENAI deixa v\u00edtima fatal","datePublished":"2013-11-20T19:32:13+00:00","dateModified":"2026-09-02T16:55:50+00:00","mainEntityOfPage":{"@id":"https:\/\/aconteceunovale.com.br\/portal\/?p=13384"},"wordCount":309,"commentCount":0,"image":{"@id":"https:\/\/aconteceunovale.com.br\/portal\/?p=13384#primaryimage"},"thumbnailUrl":"https:\/\/aconteceunovale.com.br\/portal\/wp-content\/uploads\/2013\/11\/acidente_senai.jpg","keywords":["acidente pr\u00f3ximo ao senai","acidente turmalina","Turmalina"],"articleSection":["Turmalina","Vale do Jequitinhonha"],"inLanguage":"pt-BR","potentialAction":[{"@type":"CommentAction","name":"Comment","target":["https:\/\/aconteceunovale.com.br\/portal\/?p=13384#respond"]}]},{"@type":"WebPage","@id":"https:\/\/aconteceunovale.com.br\/portal\/?p=13384","url":"https:\/\/aconteceunovale.com.br\/portal\/?p=13384","name":"TURMALINA: acidente pr\u00f3ximo ao SENAI deixa v\u00edtima fatal - Aconteceu no Vale","isPartOf":{"@id":"https:\/\/aconteceunovale.com.br\/portal\/#website"},"primaryImageOfPage":{"@id":"https:\/\/aconteceunovale.com.br\/portal\/?p=13384#primaryimage"},"image":{"@id":"https:\/\/aconteceunovale.com.br\/portal\/?p=13384#primaryimage"},"thumbnailUrl":"https:\/\/aconteceunovale.com.br\/portal\/wp-content\/uploads\/2013\/11\/acidente_senai.jpg","datePublished":"2013-11-20T19:32:13+00:00","dateModified":"2026-09-02T16:55:50+00:00","author":{"@id":"https:\/\/aconteceunovale.com.br\/portal\/#\/schema\/person\/633529146f2c94272bef50ac2953d589"},"breadcrumb":{"@id":"https:\/\/aconteceunovale.com.br\/portal\/?p=13384#breadcrumb"},"inLanguage":"pt-BR","potentialAction":[{"@type":"ReadAction","target":["https:\/\/aconteceunovale.com.br\/portal\/?p=13384"]}]},{"@type":"ImageObject","inLanguage":"pt-BR","@id":"https:\/\/aconteceunovale.com.br\/portal\/?p=13384#primaryimage","url":"https:\/\/aconteceunovale.com.br\/portal\/wp-content\/uploads\/2013\/11\/acidente_senai.jpg","contentUrl":"https:\/\/aconteceunovale.com.br\/portal\/wp-content\/uploads\/2013\/11\/acidente_senai.jpg","width":600,"height":450},{"@type":"BreadcrumbList","@id":"https:\/\/aconteceunovale.com.br\/portal\/?p=13384#breadcrumb","itemListElement":[{"@type":"ListItem","position":1,"name":"In\u00edcio","item":"https:\/\/aconteceunovale.com.br\/portal\/"},{"@type":"ListItem","position":2,"name":"TURMALINA: acidente pr\u00f3ximo ao SENAI deixa v\u00edtima fatal"}]},{"@type":"WebSite","@id":"https:\/\/aconteceunovale.com.br\/portal\/#website","url":"https:\/\/aconteceunovale.com.br\/portal\/","name":"Aconteceu no Vale","description":"Portal de Not\u00edcias","potentialAction":[{"@type":"SearchAction","target":{"@type":"EntryPoint","urlTemplate":"https:\/\/aconteceunovale.com.br\/portal\/?s={search_term_string}"},"query-input":{"@type":"PropertyValueSpecification","valueRequired":true,"valueName":"search_term_string"}}],"inLanguage":"pt-BR"},{"@type":"Person","@id":"https:\/\/aconteceunovale.com.br\/portal\/#\/schema\/person\/633529146f2c94272bef50ac2953d589","name":"Aconteceu no Vale","description":"Equipe de reportagem do Aconteceu no Vale, portal de not\u00edcias do Vale do Jequitinhonha, em Minas Gerais. Cobrimos as 51 cidades do Vale desde 2013. Sugest\u00f5es de pauta e pedidos de corre\u00e7\u00e3o: contato@aconteceunovale.com.br","sameAs":["http:\/\/www.aconteceunovale.com.br"],"url":"https:\/\/aconteceunovale.com.br\/portal\/?author=1"}]}},"_links":{"self":[{"href":"https:\/\/aconteceunovale.com.br\/portal\/index.php?rest_route=\/wp\/v2\/posts\/13384","targetHints":{"allow":["GET"]}}],"collection":[{"href":"https:\/\/aconteceunovale.com.br\/portal\/index.php?rest_route=\/wp\/v2\/posts"}],"about":[{"href":"https:\/\/aconteceunovale.com.br\/portal\/index.php?rest_route=\/wp\/v2\/types\/post"}],"author":[{"embeddable":true,"href":"https:\/\/aconteceunovale.com.br\/portal\/index.php?rest_route=\/wp\/v2\/users\/1"}],"replies":[{"embeddable":true,"href":"https:\/\/aconteceunovale.com.br\/portal\/index.php?rest_route=%2Fwp%2Fv2%2Fcomments&post=13384"}],"version-history":[{"count":1,"href":"https:\/\/aconteceunovale.com.br\/portal\/index.php?rest_route=\/wp\/v2\/posts\/13384\/revisions"}],"predecessor-version":[{"id":201987,"href":"https:\/\/aconteceunovale.com.br\/portal\/index.php?rest_route=\/wp\/v2\/posts\/13384\/revisions\/201987"}],"wp:featuredmedia":[{"embeddable":true,"href":"https:\/\/aconteceunovale.com.br\/portal\/index.php?rest_route=\/wp\/v2\/media\/13385"}],"wp:attachment":[{"href":"https:\/\/aconteceunovale.com.br\/portal\/index.php?rest_route=%2Fwp%2Fv2%2Fmedia&parent=13384"}],"wp:term":[{"taxonomy":"category","embeddable":true,"href":"https:\/\/aconteceunovale.com.br\/portal\/index.php?rest_route=%2Fwp%2Fv2%2Fcategories&post=13384"},{"taxonomy":"post_tag","embeddable":true,"href":"https:\/\/aconteceunovale.com.br\/portal\/index.php?rest_route=%2Fwp%2Fv2%2Ftags&post=13384"}],"curies":[{"name":"wp","href":"https:\/\/api.w.org\/{rel}","templated":true}]}}