{"id":133806,"date":"2018-08-01T00:20:05","date_gmt":"2018-08-01T02:20:05","guid":{"rendered":"http:\/\/aconteceunovale.com.br\/portal\/?p=133806"},"modified":"2018-08-01T00:20:05","modified_gmt":"2018-08-01T02:20:05","slug":"oito-pessoas-morrem-em-tres-acidentes-na-rmbh","status":"publish","type":"post","link":"https:\/\/aconteceunovale.com.br\/portal\/?p=133806","title":{"rendered":"Oito pessoas morrem em tr\u00eas acidentes na RMBH"},"content":{"rendered":"<p>Tr\u00eas pessoas morreram em um grave acidente na manh\u00e3 desta ter\u00e7a-feira na BR-381, KM-438, em Sabar\u00e1, perto do Trevo de Ravena, na Regi\u00e3o Metropolitana de Belo Horizonte. Um ve\u00edculo Fox vermelho, com placa FUO-1945, de Boituva (SP), seguia no sentido BH quando invadiu a contram\u00e3o, bateu na traseira de um caminh\u00e3o e depois na frente de outro ve\u00edculo de carga, um Mercedes Branco. <\/p>\n<p>Os ocupantes do carro de passeio morreram na hora. O motorista foi identificado como H\u00e9lio Batista Faria, de 52 anos, e os passageiros como Geraldo Narciso Castro, de 65, e Elza Martins de Paiva Castro, de 52. Os corpos j\u00e1 foram desencarcerados e encaminhados para o Instituto M\u00e9dico Legal (IML).<\/p>\n<p><img decoding=\"async\" src=\"http:\/\/aconteceunovale.com.br\/portal\/wp-content\/uploads\/2018\/08\/acidente_381.jpg\" alt=\"\" \/><em>Tr\u00eas ocupantes do carro morreram no local (Foto: Reprodu\u00e7\u00e3o\/Itatiaia)<\/em><br \/>\n<\/br><\/p>\n<p><strong><\/p>\n<h4>Acidente na MG-432, em Esmeraldas<\/h4>\n<p><\/strong><\/p>\n<p>Duas pessoas morreram em um grave acidente no fim da tarde desta ter\u00e7a-feira, na rodovia MG-432, em Esmeraldas, na Regi\u00e3o Metropolitana de Belo Horizonte. Uma carreta carregada de areia tombou em cima de quatro carros. Segundo informa\u00e7\u00f5es da Pol\u00edcia Rodovi\u00e1ria Federal (PRF), o ve\u00edculo perdeu os freios. Na tentativa do motorista de parar o caminh\u00e3o, a carroceria virou para cima dos autom\u00f3veis que estavam pr\u00f3ximos.<\/p>\n<p>As v\u00edtimas fatais s\u00e3o um homem e uma mulher, que ainda n\u00e3o tiveram as identidades divulgadas. O motorista da carreta n\u00e3o se feriu. O acidente ocorreu pr\u00f3ximo \u00e0 pousada Floresta Encantada.<\/p>\n<p>Em busca de mais v\u00edtimas, os bombeiros retiraram a areia que ficou espalhada sobre a pista e sobre os carros, mas ningu\u00e9m foi encontrado. Dois autom\u00f3veis chegaram a ficar soterrados.<\/p>\n<p><img decoding=\"async\" src=\"http:\/\/aconteceunovale.com.br\/portal\/wp-content\/uploads\/2018\/08\/acidente_esmeraldas.jpg\" alt=\"\" \/><em>Acidente aconteceu na MG-432 (Foto: Reprodu\u00e7\u00e3o\/Itatiaia)<\/em><br \/>\n<\/br><\/p>\n<p><strong><\/p>\n<h4>Acidente na BR-040, em Itabirito<\/h4>\n<p><\/strong><\/p>\n<p>Acidente grave envolvendo uma carreta, um Gol e uma caminhonete Hyundai HR na BR-040, em Itabirito, deixou tr\u00eas pessoas mortas no fim da noite dessa segunda-feira (30). Um beb\u00ea que estava em um dos carros foi resgatado por equipes do Corpo de Bombeiros e levado de helic\u00f3ptero para o Hospital de Pronto-Socorro Jo\u00e3o XXIII, no Bairro Funcion\u00e1rios, Regi\u00e3o Centro-Sul de Belo Horizonte. Ele passa bem.<\/p>\n<p>Segundo a Pol\u00edcia Rodovi\u00e1ria Federal (PRF), o trecho estava congestionado na altura do Km 588, sentido Rio de Janeiro, por causa de obras. O motorista da carreta carregada com detergentes foi para a contram\u00e3o para n\u00e3o atingir os ve\u00edculos parados, mas acertou o Gol, arrastando a caminhonete em seguida.<\/p>\n<p>Cleber Teles Ribeiro, de 48 anos, e Rita Cristina Batista Mendes, de 38, casal que estava no Gol, e o motorista da caminhonete, Cilas Rodrigues Silva, de 41, morreram na hora. Em meio aos destro\u00e7os do carro tinha um beb\u00ea de 10 meses em uma cadeirinha.<\/p>\n<p><strong>VER PRIMEIRO<\/strong><\/p>\n<p>Receba as not\u00edcias do Aconteceu no Vale em primeira m\u00e3o. Clique em curtir no endere\u00e7o <a href=\"https:\/\/www.facebook.com\/aconteceunovale\" target=\"_blank\"><font color=\"red\">www.facebook.com\/aconteceunovale<\/font><\/a> ou no box abaixo:<\/p>\n<div class=\"fb-like\" data-href=\"https:\/\/www.facebook.com\/aconteceunovale\" data-width=\"120\" data-layout=\"standard\" data-action=\"like\" data-size=\"small\" data-show-faces=\"true\" data-share=\"true\"><\/div>\n<p><\/br><\/p>\n<p><em>(Fonte: R\u00e1dio Itatiaia)<\/em><\/p>\n","protected":false},"excerpt":{"rendered":"<p>Tr\u00eas pessoas morreram em um grave acidente na manh\u00e3 desta ter\u00e7a-feira na BR-381, KM-438, em Sabar\u00e1, perto do Trevo de Ravena, na Regi\u00e3o Metropolitana de Belo Horizonte. Um ve\u00edculo Fox vermelho, com placa FUO-1945, de Boituva (SP), seguia no sentido BH quando invadiu a contram\u00e3o, bateu na traseira de um caminh\u00e3o e depois na frente [&hellip;]<\/p>\n","protected":false},"author":1,"featured_media":133807,"comment_status":"open","ping_status":"closed","sticky":false,"template":"","format":"standard","meta":{"amp_status":"","footnotes":""},"categories":[123],"tags":[177378,177377,22456,27494,8237,177380,91054,14990,1397,177386,177384,177383,1492,177382,177381,1499,167792,177387,177385,1779,36403,177379],"class_list":["post-133806","post","type-post","status-publish","format-standard","has-post-thumbnail","hentry","category-gerais","tag-acidente-com-carro-de-boituva","tag-acidente-com-fox-de-boituva","tag-acidente-em-sabara","tag-acidente-na-br-040","tag-acidente-na-br-381","tag-acidente-perto-do-trevo-de-ravena","tag-boituva","tag-br-040","tag-br-381","tag-cilas-rodrigues-silva","tag-cleber-teles-ribeiro","tag-elza-martins-de-paiva-castro","tag-esmeraldas","tag-geraldo-narciso-castro","tag-helio-batista-faria","tag-itabirito","tag-mg-432","tag-oito-pessoas-morrem-em-tres-acidentes-na-rmbh","tag-rita-cristina-batista-mendes","tag-sabara","tag-tragedia-na-br-381","tag-trevo-de-ravena"],"yoast_head":"<!-- This site is optimized with the Yoast SEO plugin v28.3 - https:\/\/yoast.com\/product\/yoast-seo-wordpress\/ -->\n<title>Oito pessoas morrem em tr\u00eas acidentes na RMBH - Aconteceu no Vale<\/title>\n<meta name=\"robots\" content=\"index, follow, max-snippet:-1, max-image-preview:large, max-video-preview:-1\" \/>\n<link rel=\"canonical\" href=\"https:\/\/aconteceunovale.com.br\/portal\/?p=133806\" \/>\n<meta property=\"og:locale\" content=\"pt_BR\" \/>\n<meta property=\"og:type\" content=\"article\" \/>\n<meta property=\"og:title\" content=\"Oito pessoas morrem em tr\u00eas acidentes na RMBH - Aconteceu no Vale\" \/>\n<meta property=\"og:description\" content=\"Tr\u00eas pessoas morreram em um grave acidente na manh\u00e3 desta ter\u00e7a-feira na BR-381, KM-438, em Sabar\u00e1, perto do Trevo de Ravena, na Regi\u00e3o Metropolitana de Belo Horizonte. Um ve\u00edculo Fox vermelho, com placa FUO-1945, de Boituva (SP), seguia no sentido BH quando invadiu a contram\u00e3o, bateu na traseira de um caminh\u00e3o e depois na frente [&hellip;]\" \/>\n<meta property=\"og:url\" content=\"https:\/\/aconteceunovale.com.br\/portal\/?p=133806\" \/>\n<meta property=\"og:site_name\" content=\"Aconteceu no Vale\" \/>\n<meta property=\"article:publisher\" content=\"https:\/\/www.facebook.com\/aconteceunovale\/\" \/>\n<meta property=\"article:published_time\" content=\"2018-08-01T02:20:05+00:00\" \/>\n<meta property=\"og:image\" content=\"https:\/\/aconteceunovale.com.br\/portal\/wp-content\/uploads\/2018\/08\/acidente_381.jpg\" \/>\n\t<meta property=\"og:image:width\" content=\"650\" \/>\n\t<meta property=\"og:image:height\" content=\"437\" \/>\n\t<meta property=\"og:image:type\" content=\"image\/jpeg\" \/>\n<meta name=\"author\" content=\"Aconteceu no Vale\" \/>\n<meta name=\"twitter:card\" content=\"summary_large_image\" \/>\n<meta name=\"twitter:creator\" content=\"@noticiadosvales\" \/>\n<meta name=\"twitter:site\" content=\"@noticiadosvales\" \/>\n<meta name=\"twitter:label1\" content=\"Escrito por\" \/>\n\t<meta name=\"twitter:data1\" content=\"Aconteceu no Vale\" \/>\n\t<meta name=\"twitter:label2\" content=\"Est. tempo de leitura\" \/>\n\t<meta name=\"twitter:data2\" content=\"2 minutos\" \/>\n<script type=\"application\/ld+json\" class=\"yoast-schema-graph\">{\"@context\":\"https:\\\/\\\/schema.org\",\"@graph\":[{\"@type\":\"Article\",\"@id\":\"https:\\\/\\\/aconteceunovale.com.br\\\/portal\\\/?p=133806#article\",\"isPartOf\":{\"@id\":\"https:\\\/\\\/aconteceunovale.com.br\\\/portal\\\/?p=133806\"},\"author\":{\"name\":\"Aconteceu no Vale\",\"@id\":\"https:\\\/\\\/aconteceunovale.com.br\\\/portal\\\/#\\\/schema\\\/person\\\/633529146f2c94272bef50ac2953d589\"},\"headline\":\"Oito pessoas morrem em tr\u00eas acidentes na RMBH\",\"datePublished\":\"2018-08-01T02:20:05+00:00\",\"mainEntityOfPage\":{\"@id\":\"https:\\\/\\\/aconteceunovale.com.br\\\/portal\\\/?p=133806\"},\"wordCount\":497,\"commentCount\":0,\"image\":{\"@id\":\"https:\\\/\\\/aconteceunovale.com.br\\\/portal\\\/?p=133806#primaryimage\"},\"thumbnailUrl\":\"https:\\\/\\\/aconteceunovale.com.br\\\/portal\\\/wp-content\\\/uploads\\\/2018\\\/08\\\/acidente_381.jpg\",\"keywords\":[\"Acidente com carro de Boituva\",\"Acidente com Fox de Boituva\",\"acidente em sabar\u00e1\",\"acidente na br 040\",\"acidente na BR-381\",\"Acidente perto do Trevo de Ravena\",\"Boituva\",\"br 040\",\"br 381\",\"Cilas Rodrigues Silva\",\"Cleber Teles Ribeiro\",\"Elza Martins de Paiva Castro\",\"Esmeraldas\",\"Geraldo Narciso Castro\",\"H\u00e9lio Batista Faria\",\"Itabirito\",\"MG-432\",\"Oito pessoas morrem em tr\u00eas acidentes na RMBH\",\"Rita Cristina Batista Mendes\",\"Sabar\u00e1\",\"trag\u00e9dia na br 381\",\"Trevo de Ravena\"],\"articleSection\":[\"Minas Gerais\"],\"inLanguage\":\"pt-BR\",\"potentialAction\":[{\"@type\":\"CommentAction\",\"name\":\"Comment\",\"target\":[\"https:\\\/\\\/aconteceunovale.com.br\\\/portal\\\/?p=133806#respond\"]}]},{\"@type\":\"WebPage\",\"@id\":\"https:\\\/\\\/aconteceunovale.com.br\\\/portal\\\/?p=133806\",\"url\":\"https:\\\/\\\/aconteceunovale.com.br\\\/portal\\\/?p=133806\",\"name\":\"Oito pessoas morrem em tr\u00eas acidentes na RMBH - Aconteceu no Vale\",\"isPartOf\":{\"@id\":\"https:\\\/\\\/aconteceunovale.com.br\\\/portal\\\/#website\"},\"primaryImageOfPage\":{\"@id\":\"https:\\\/\\\/aconteceunovale.com.br\\\/portal\\\/?p=133806#primaryimage\"},\"image\":{\"@id\":\"https:\\\/\\\/aconteceunovale.com.br\\\/portal\\\/?p=133806#primaryimage\"},\"thumbnailUrl\":\"https:\\\/\\\/aconteceunovale.com.br\\\/portal\\\/wp-content\\\/uploads\\\/2018\\\/08\\\/acidente_381.jpg\",\"datePublished\":\"2018-08-01T02:20:05+00:00\",\"author\":{\"@id\":\"https:\\\/\\\/aconteceunovale.com.br\\\/portal\\\/#\\\/schema\\\/person\\\/633529146f2c94272bef50ac2953d589\"},\"breadcrumb\":{\"@id\":\"https:\\\/\\\/aconteceunovale.com.br\\\/portal\\\/?p=133806#breadcrumb\"},\"inLanguage\":\"pt-BR\",\"potentialAction\":[{\"@type\":\"ReadAction\",\"target\":[\"https:\\\/\\\/aconteceunovale.com.br\\\/portal\\\/?p=133806\"]}]},{\"@type\":\"ImageObject\",\"inLanguage\":\"pt-BR\",\"@id\":\"https:\\\/\\\/aconteceunovale.com.br\\\/portal\\\/?p=133806#primaryimage\",\"url\":\"https:\\\/\\\/aconteceunovale.com.br\\\/portal\\\/wp-content\\\/uploads\\\/2018\\\/08\\\/acidente_381.jpg\",\"contentUrl\":\"https:\\\/\\\/aconteceunovale.com.br\\\/portal\\\/wp-content\\\/uploads\\\/2018\\\/08\\\/acidente_381.jpg\",\"width\":650,\"height\":437},{\"@type\":\"BreadcrumbList\",\"@id\":\"https:\\\/\\\/aconteceunovale.com.br\\\/portal\\\/?p=133806#breadcrumb\",\"itemListElement\":[{\"@type\":\"ListItem\",\"position\":1,\"name\":\"In\u00edcio\",\"item\":\"https:\\\/\\\/aconteceunovale.com.br\\\/portal\\\/\"},{\"@type\":\"ListItem\",\"position\":2,\"name\":\"Oito pessoas morrem em tr\u00eas acidentes na RMBH\"}]},{\"@type\":\"WebSite\",\"@id\":\"https:\\\/\\\/aconteceunovale.com.br\\\/portal\\\/#website\",\"url\":\"https:\\\/\\\/aconteceunovale.com.br\\\/portal\\\/\",\"name\":\"Aconteceu no Vale\",\"description\":\"Portal de Not\u00edcias\",\"potentialAction\":[{\"@type\":\"SearchAction\",\"target\":{\"@type\":\"EntryPoint\",\"urlTemplate\":\"https:\\\/\\\/aconteceunovale.com.br\\\/portal\\\/?s={search_term_string}\"},\"query-input\":{\"@type\":\"PropertyValueSpecification\",\"valueRequired\":true,\"valueName\":\"search_term_string\"}}],\"inLanguage\":\"pt-BR\"},{\"@type\":\"Person\",\"@id\":\"https:\\\/\\\/aconteceunovale.com.br\\\/portal\\\/#\\\/schema\\\/person\\\/633529146f2c94272bef50ac2953d589\",\"name\":\"Aconteceu no Vale\",\"description\":\"Equipe de reportagem do Aconteceu no Vale, portal de not\u00edcias do Vale do Jequitinhonha, em Minas Gerais. Cobrimos as 51 cidades do Vale desde 2013. Sugest\u00f5es de pauta e pedidos de corre\u00e7\u00e3o: contato@aconteceunovale.com.br\",\"sameAs\":[\"http:\\\/\\\/www.aconteceunovale.com.br\"],\"url\":\"https:\\\/\\\/aconteceunovale.com.br\\\/portal\\\/?author=1\"}]}<\/script>\n<!-- \/ Yoast SEO plugin. -->","yoast_head_json":{"title":"Oito pessoas morrem em tr\u00eas acidentes na RMBH - Aconteceu no Vale","robots":{"index":"index","follow":"follow","max-snippet":"max-snippet:-1","max-image-preview":"max-image-preview:large","max-video-preview":"max-video-preview:-1"},"canonical":"https:\/\/aconteceunovale.com.br\/portal\/?p=133806","og_locale":"pt_BR","og_type":"article","og_title":"Oito pessoas morrem em tr\u00eas acidentes na RMBH - Aconteceu no Vale","og_description":"Tr\u00eas pessoas morreram em um grave acidente na manh\u00e3 desta ter\u00e7a-feira na BR-381, KM-438, em Sabar\u00e1, perto do Trevo de Ravena, na Regi\u00e3o Metropolitana de Belo Horizonte. Um ve\u00edculo Fox vermelho, com placa FUO-1945, de Boituva (SP), seguia no sentido BH quando invadiu a contram\u00e3o, bateu na traseira de um caminh\u00e3o e depois na frente [&hellip;]","og_url":"https:\/\/aconteceunovale.com.br\/portal\/?p=133806","og_site_name":"Aconteceu no Vale","article_publisher":"https:\/\/www.facebook.com\/aconteceunovale\/","article_published_time":"2018-08-01T02:20:05+00:00","og_image":[{"width":650,"height":437,"url":"https:\/\/aconteceunovale.com.br\/portal\/wp-content\/uploads\/2018\/08\/acidente_381.jpg","type":"image\/jpeg"}],"author":"Aconteceu no Vale","twitter_card":"summary_large_image","twitter_creator":"@noticiadosvales","twitter_site":"@noticiadosvales","twitter_misc":{"Escrito por":"Aconteceu no Vale","Est. tempo de leitura":"2 minutos"},"schema":{"@context":"https:\/\/schema.org","@graph":[{"@type":"Article","@id":"https:\/\/aconteceunovale.com.br\/portal\/?p=133806#article","isPartOf":{"@id":"https:\/\/aconteceunovale.com.br\/portal\/?p=133806"},"author":{"name":"Aconteceu no Vale","@id":"https:\/\/aconteceunovale.com.br\/portal\/#\/schema\/person\/633529146f2c94272bef50ac2953d589"},"headline":"Oito pessoas morrem em tr\u00eas acidentes na RMBH","datePublished":"2018-08-01T02:20:05+00:00","mainEntityOfPage":{"@id":"https:\/\/aconteceunovale.com.br\/portal\/?p=133806"},"wordCount":497,"commentCount":0,"image":{"@id":"https:\/\/aconteceunovale.com.br\/portal\/?p=133806#primaryimage"},"thumbnailUrl":"https:\/\/aconteceunovale.com.br\/portal\/wp-content\/uploads\/2018\/08\/acidente_381.jpg","keywords":["Acidente com carro de Boituva","Acidente com Fox de Boituva","acidente em sabar\u00e1","acidente na br 040","acidente na BR-381","Acidente perto do Trevo de Ravena","Boituva","br 040","br 381","Cilas Rodrigues Silva","Cleber Teles Ribeiro","Elza Martins de Paiva Castro","Esmeraldas","Geraldo Narciso Castro","H\u00e9lio Batista Faria","Itabirito","MG-432","Oito pessoas morrem em tr\u00eas acidentes na RMBH","Rita Cristina Batista Mendes","Sabar\u00e1","trag\u00e9dia na br 381","Trevo de Ravena"],"articleSection":["Minas Gerais"],"inLanguage":"pt-BR","potentialAction":[{"@type":"CommentAction","name":"Comment","target":["https:\/\/aconteceunovale.com.br\/portal\/?p=133806#respond"]}]},{"@type":"WebPage","@id":"https:\/\/aconteceunovale.com.br\/portal\/?p=133806","url":"https:\/\/aconteceunovale.com.br\/portal\/?p=133806","name":"Oito pessoas morrem em tr\u00eas acidentes na RMBH - Aconteceu no Vale","isPartOf":{"@id":"https:\/\/aconteceunovale.com.br\/portal\/#website"},"primaryImageOfPage":{"@id":"https:\/\/aconteceunovale.com.br\/portal\/?p=133806#primaryimage"},"image":{"@id":"https:\/\/aconteceunovale.com.br\/portal\/?p=133806#primaryimage"},"thumbnailUrl":"https:\/\/aconteceunovale.com.br\/portal\/wp-content\/uploads\/2018\/08\/acidente_381.jpg","datePublished":"2018-08-01T02:20:05+00:00","author":{"@id":"https:\/\/aconteceunovale.com.br\/portal\/#\/schema\/person\/633529146f2c94272bef50ac2953d589"},"breadcrumb":{"@id":"https:\/\/aconteceunovale.com.br\/portal\/?p=133806#breadcrumb"},"inLanguage":"pt-BR","potentialAction":[{"@type":"ReadAction","target":["https:\/\/aconteceunovale.com.br\/portal\/?p=133806"]}]},{"@type":"ImageObject","inLanguage":"pt-BR","@id":"https:\/\/aconteceunovale.com.br\/portal\/?p=133806#primaryimage","url":"https:\/\/aconteceunovale.com.br\/portal\/wp-content\/uploads\/2018\/08\/acidente_381.jpg","contentUrl":"https:\/\/aconteceunovale.com.br\/portal\/wp-content\/uploads\/2018\/08\/acidente_381.jpg","width":650,"height":437},{"@type":"BreadcrumbList","@id":"https:\/\/aconteceunovale.com.br\/portal\/?p=133806#breadcrumb","itemListElement":[{"@type":"ListItem","position":1,"name":"In\u00edcio","item":"https:\/\/aconteceunovale.com.br\/portal\/"},{"@type":"ListItem","position":2,"name":"Oito pessoas morrem em tr\u00eas acidentes na RMBH"}]},{"@type":"WebSite","@id":"https:\/\/aconteceunovale.com.br\/portal\/#website","url":"https:\/\/aconteceunovale.com.br\/portal\/","name":"Aconteceu no Vale","description":"Portal de Not\u00edcias","potentialAction":[{"@type":"SearchAction","target":{"@type":"EntryPoint","urlTemplate":"https:\/\/aconteceunovale.com.br\/portal\/?s={search_term_string}"},"query-input":{"@type":"PropertyValueSpecification","valueRequired":true,"valueName":"search_term_string"}}],"inLanguage":"pt-BR"},{"@type":"Person","@id":"https:\/\/aconteceunovale.com.br\/portal\/#\/schema\/person\/633529146f2c94272bef50ac2953d589","name":"Aconteceu no Vale","description":"Equipe de reportagem do Aconteceu no Vale, portal de not\u00edcias do Vale do Jequitinhonha, em Minas Gerais. Cobrimos as 51 cidades do Vale desde 2013. Sugest\u00f5es de pauta e pedidos de corre\u00e7\u00e3o: contato@aconteceunovale.com.br","sameAs":["http:\/\/www.aconteceunovale.com.br"],"url":"https:\/\/aconteceunovale.com.br\/portal\/?author=1"}]}},"_links":{"self":[{"href":"https:\/\/aconteceunovale.com.br\/portal\/index.php?rest_route=\/wp\/v2\/posts\/133806","targetHints":{"allow":["GET"]}}],"collection":[{"href":"https:\/\/aconteceunovale.com.br\/portal\/index.php?rest_route=\/wp\/v2\/posts"}],"about":[{"href":"https:\/\/aconteceunovale.com.br\/portal\/index.php?rest_route=\/wp\/v2\/types\/post"}],"author":[{"embeddable":true,"href":"https:\/\/aconteceunovale.com.br\/portal\/index.php?rest_route=\/wp\/v2\/users\/1"}],"replies":[{"embeddable":true,"href":"https:\/\/aconteceunovale.com.br\/portal\/index.php?rest_route=%2Fwp%2Fv2%2Fcomments&post=133806"}],"version-history":[{"count":0,"href":"https:\/\/aconteceunovale.com.br\/portal\/index.php?rest_route=\/wp\/v2\/posts\/133806\/revisions"}],"wp:featuredmedia":[{"embeddable":true,"href":"https:\/\/aconteceunovale.com.br\/portal\/index.php?rest_route=\/wp\/v2\/media\/133807"}],"wp:attachment":[{"href":"https:\/\/aconteceunovale.com.br\/portal\/index.php?rest_route=%2Fwp%2Fv2%2Fmedia&parent=133806"}],"wp:term":[{"taxonomy":"category","embeddable":true,"href":"https:\/\/aconteceunovale.com.br\/portal\/index.php?rest_route=%2Fwp%2Fv2%2Fcategories&post=133806"},{"taxonomy":"post_tag","embeddable":true,"href":"https:\/\/aconteceunovale.com.br\/portal\/index.php?rest_route=%2Fwp%2Fv2%2Ftags&post=133806"}],"curies":[{"name":"wp","href":"https:\/\/api.w.org\/{rel}","templated":true}]}}