{"id":133802,"date":"2018-08-01T00:00:50","date_gmt":"2018-08-01T02:00:50","guid":{"rendered":"http:\/\/aconteceunovale.com.br\/portal\/?p=133802"},"modified":"2018-08-01T00:00:50","modified_gmt":"2018-08-01T02:00:50","slug":"bandidos-explodem-carro-forte-na-br-251-no-norte-de-minas","status":"publish","type":"post","link":"https:\/\/aconteceunovale.com.br\/portal\/?p=133802","title":{"rendered":"Bandidos explodem carro-forte na BR-251, no Norte de Minas"},"content":{"rendered":"<p>Um carro-forte, utilizado para transporte de valores, foi alvo de ataque de uma quadrilha na tarde desta ter\u00e7a-feira (31\/07\/2018) na BR-251, pr\u00f3ximo a Gr\u00e3o Mogol, na regi\u00e3o Norte de Minas Gerais. De acordo com a Pol\u00edcia Militar, o ve\u00edculo foi explodido e um dos seguran\u00e7as ficou gravemente ferido ap\u00f3s ser baleado pelos assaltantes. O carro foi interceptado pela quadrilha na zona rural, entre as comunidades de Bocaina e Vale das Cancelas.<\/p>\n<p>Segundo a PM, o crime ocorreu em frente a um restaurante da regi\u00e3o. O carro-forte passava pela localidade quando os seguran\u00e7as foram rendidos. N\u00e3o houve troca de tiros entre os funcion\u00e1rios e os assaltantes. C\u00e1psulas de fuzil disparadas pelos autores do crime foram encontradas no ch\u00e3o, pr\u00f3ximo ao local onde o carro foi incendiado. A pol\u00edcia acredita que n\u00e3o havia dinheiro sendo transportado no ve\u00edculo e que nada de valor foi levado pelos criminosos.<\/p>\n<p>Segundo a Pol\u00edcia Rodovi\u00e1ria Federal, o homem baleado foi socorrido e encaminhado para o Hospital Santa Casa, em Montes Claros. Al\u00e9m dele, um motorista de um caminh\u00e3o tamb\u00e9m ficou ferido e foi levado para um hospital em Salinas.<\/p>\n<p>A PM acredita que quatro ve\u00edculos de passeio est\u00e3o envolvidos na cobertura do assalto. Um dos carros de luxo utilizado no crime foi encontrado incendiado a poucos quil\u00f4metros do restaurante, dentro de uma planta\u00e7\u00e3o de eucalipto pr\u00f3ximo a comunidade de Campo Alto, ainda no munic\u00edpio de Gr\u00e3o Mogol. A PM suspeita que um caminh\u00e3o-ba\u00fa roubado em Vale das Cancelas nas \u00faltimas semanas possa ser usado para fazer o transporte de armas e dinheiro e faz buscas para encontrar o ve\u00edculo.<\/p>\n<p>O cerco foi montado logo depois que a ocorr\u00eancia foi divulgada. Militares de Montes Claros, Francisco S\u00e1, Gr\u00e3o Mogol e Salinas, fazem buscas pelos criminosos.<\/p>\n<p><img decoding=\"async\" src=\"http:\/\/aconteceunovale.com.br\/portal\/wp-content\/uploads\/2018\/07\/assalto_carro_forte_1.jpg\" alt=\"\" \/><em>Carro-forte foi explodido na BR-251 (Foto: Pol\u00edcia Militar\/Divulga\u00e7\u00e3o)<\/em><br \/>\n<\/br><\/p>\n<p><img decoding=\"async\" src=\"http:\/\/aconteceunovale.com.br\/portal\/wp-content\/uploads\/2018\/07\/assalto_carro_forte_2.jpg\" alt=\"\" \/><em>Ataque aconteceu na tarde desta ter\u00e7a-feira (Foto: Reprodu\u00e7\u00e3o\/WhatsApp)<\/em><br \/>\n<\/br><\/p>\n<p><strong>VER PRIMEIRO<\/strong><\/p>\n<p>Receba as not\u00edcias do Aconteceu no Vale em primeira m\u00e3o. Clique em curtir no endere\u00e7o <a href=\"https:\/\/www.facebook.com\/aconteceunovale\" target=\"_blank\"><font color=\"red\">www.facebook.com\/aconteceunovale<\/font><\/a> ou no box abaixo:<\/p>\n<div class=\"fb-like\" data-href=\"https:\/\/www.facebook.com\/aconteceunovale\" data-width=\"120\" data-layout=\"standard\" data-action=\"like\" data-size=\"small\" data-show-faces=\"true\" data-share=\"true\"><\/div>\n<p><\/br><\/p>\n<p><em>(Fonte: G1 Grande Minas)<\/em><\/p>\n","protected":false},"excerpt":{"rendered":"<p>Um carro-forte, utilizado para transporte de valores, foi alvo de ataque de uma quadrilha na tarde desta ter\u00e7a-feira (31\/07\/2018) na BR-251, pr\u00f3ximo a Gr\u00e3o Mogol, na regi\u00e3o Norte de Minas Gerais. De acordo com a Pol\u00edcia Militar, o ve\u00edculo foi explodido e um dos seguran\u00e7as ficou gravemente ferido ap\u00f3s ser baleado pelos assaltantes. O carro [&hellip;]<\/p>\n","protected":false},"author":1,"featured_media":133804,"comment_status":"open","ping_status":"closed","sticky":false,"template":"","format":"standard","meta":{"amp_status":"","footnotes":""},"categories":[1236],"tags":[90852,177372,177375,177376,145657,921,1018,177373,1153,33228,90456,177374,190,73056],"class_list":["post-133802","post","type-post","status-publish","format-standard","has-post-thumbnail","hentry","category-norte_de_minas","tag-assalto-br-251","tag-assalto-carro-forte-br-251","tag-bandidos-explodem-carro-forte-na-br-251","tag-bandidos-explodem-carro-forte-na-br-251-no-norte-de-minas","tag-bocaina","tag-br-251","tag-destaque","tag-explosao-carro-forte-br-251","tag-grao-mogol","tag-no-norte-de-minas","tag-roubo-br-251","tag-roubo-carro-forte-br-251","tag-salinas","tag-vale-das-cancelas"],"yoast_head":"<!-- This site is optimized with the Yoast SEO plugin v28.3 - https:\/\/yoast.com\/product\/yoast-seo-wordpress\/ -->\n<title>Bandidos explodem carro-forte na BR-251, no Norte de Minas - Aconteceu no Vale<\/title>\n<meta name=\"robots\" content=\"index, follow, max-snippet:-1, max-image-preview:large, max-video-preview:-1\" \/>\n<link rel=\"canonical\" href=\"https:\/\/aconteceunovale.com.br\/portal\/?p=133802\" \/>\n<meta property=\"og:locale\" content=\"pt_BR\" \/>\n<meta property=\"og:type\" content=\"article\" \/>\n<meta property=\"og:title\" content=\"Bandidos explodem carro-forte na BR-251, no Norte de Minas - Aconteceu no Vale\" \/>\n<meta property=\"og:description\" content=\"Um carro-forte, utilizado para transporte de valores, foi alvo de ataque de uma quadrilha na tarde desta ter\u00e7a-feira (31\/07\/2018) na BR-251, pr\u00f3ximo a Gr\u00e3o Mogol, na regi\u00e3o Norte de Minas Gerais. De acordo com a Pol\u00edcia Militar, o ve\u00edculo foi explodido e um dos seguran\u00e7as ficou gravemente ferido ap\u00f3s ser baleado pelos assaltantes. O carro [&hellip;]\" \/>\n<meta property=\"og:url\" content=\"https:\/\/aconteceunovale.com.br\/portal\/?p=133802\" \/>\n<meta property=\"og:site_name\" content=\"Aconteceu no Vale\" \/>\n<meta property=\"article:publisher\" content=\"https:\/\/www.facebook.com\/aconteceunovale\/\" \/>\n<meta property=\"article:published_time\" content=\"2018-08-01T02:00:50+00:00\" \/>\n<meta property=\"og:image\" content=\"https:\/\/aconteceunovale.com.br\/portal\/wp-content\/uploads\/2018\/07\/assalto_carro_forte_1.jpg\" \/>\n\t<meta property=\"og:image:width\" content=\"678\" \/>\n\t<meta property=\"og:image:height\" content=\"381\" \/>\n\t<meta property=\"og:image:type\" content=\"image\/jpeg\" \/>\n<meta name=\"author\" content=\"Aconteceu no Vale\" \/>\n<meta name=\"twitter:card\" content=\"summary_large_image\" \/>\n<meta name=\"twitter:creator\" content=\"@noticiadosvales\" \/>\n<meta name=\"twitter:site\" content=\"@noticiadosvales\" \/>\n<meta name=\"twitter:label1\" content=\"Escrito por\" \/>\n\t<meta name=\"twitter:data1\" content=\"Aconteceu no Vale\" \/>\n\t<meta name=\"twitter:label2\" content=\"Est. tempo de leitura\" \/>\n\t<meta name=\"twitter:data2\" content=\"2 minutos\" \/>\n<script type=\"application\/ld+json\" class=\"yoast-schema-graph\">{\"@context\":\"https:\\\/\\\/schema.org\",\"@graph\":[{\"@type\":\"Article\",\"@id\":\"https:\\\/\\\/aconteceunovale.com.br\\\/portal\\\/?p=133802#article\",\"isPartOf\":{\"@id\":\"https:\\\/\\\/aconteceunovale.com.br\\\/portal\\\/?p=133802\"},\"author\":{\"name\":\"Aconteceu no Vale\",\"@id\":\"https:\\\/\\\/aconteceunovale.com.br\\\/portal\\\/#\\\/schema\\\/person\\\/633529146f2c94272bef50ac2953d589\"},\"headline\":\"Bandidos explodem carro-forte na BR-251, no Norte de Minas\",\"datePublished\":\"2018-08-01T02:00:50+00:00\",\"mainEntityOfPage\":{\"@id\":\"https:\\\/\\\/aconteceunovale.com.br\\\/portal\\\/?p=133802\"},\"wordCount\":384,\"commentCount\":0,\"image\":{\"@id\":\"https:\\\/\\\/aconteceunovale.com.br\\\/portal\\\/?p=133802#primaryimage\"},\"thumbnailUrl\":\"https:\\\/\\\/aconteceunovale.com.br\\\/portal\\\/wp-content\\\/uploads\\\/2018\\\/07\\\/assalto_carro_forte_1.jpg\",\"keywords\":[\"Assalto BR-251\",\"Assalto carro forte BR-251\",\"Bandidos explodem carro-forte na BR-251\",\"Bandidos explodem carro-forte na BR-251 no Norte de Minas\",\"Bocaina\",\"br 251\",\"destaque\",\"Explos\u00e3o carro forte BR-251\",\"gr\u00e3o mogol\",\"no Norte de Minas\",\"Roubo BR 251\",\"Roubo carro forte BR-251\",\"Salinas\",\"vale das cancelas\"],\"articleSection\":[\"Norte de Minas\"],\"inLanguage\":\"pt-BR\",\"potentialAction\":[{\"@type\":\"CommentAction\",\"name\":\"Comment\",\"target\":[\"https:\\\/\\\/aconteceunovale.com.br\\\/portal\\\/?p=133802#respond\"]}]},{\"@type\":\"WebPage\",\"@id\":\"https:\\\/\\\/aconteceunovale.com.br\\\/portal\\\/?p=133802\",\"url\":\"https:\\\/\\\/aconteceunovale.com.br\\\/portal\\\/?p=133802\",\"name\":\"Bandidos explodem carro-forte na BR-251, no Norte de Minas - Aconteceu no Vale\",\"isPartOf\":{\"@id\":\"https:\\\/\\\/aconteceunovale.com.br\\\/portal\\\/#website\"},\"primaryImageOfPage\":{\"@id\":\"https:\\\/\\\/aconteceunovale.com.br\\\/portal\\\/?p=133802#primaryimage\"},\"image\":{\"@id\":\"https:\\\/\\\/aconteceunovale.com.br\\\/portal\\\/?p=133802#primaryimage\"},\"thumbnailUrl\":\"https:\\\/\\\/aconteceunovale.com.br\\\/portal\\\/wp-content\\\/uploads\\\/2018\\\/07\\\/assalto_carro_forte_1.jpg\",\"datePublished\":\"2018-08-01T02:00:50+00:00\",\"author\":{\"@id\":\"https:\\\/\\\/aconteceunovale.com.br\\\/portal\\\/#\\\/schema\\\/person\\\/633529146f2c94272bef50ac2953d589\"},\"breadcrumb\":{\"@id\":\"https:\\\/\\\/aconteceunovale.com.br\\\/portal\\\/?p=133802#breadcrumb\"},\"inLanguage\":\"pt-BR\",\"potentialAction\":[{\"@type\":\"ReadAction\",\"target\":[\"https:\\\/\\\/aconteceunovale.com.br\\\/portal\\\/?p=133802\"]}]},{\"@type\":\"ImageObject\",\"inLanguage\":\"pt-BR\",\"@id\":\"https:\\\/\\\/aconteceunovale.com.br\\\/portal\\\/?p=133802#primaryimage\",\"url\":\"https:\\\/\\\/aconteceunovale.com.br\\\/portal\\\/wp-content\\\/uploads\\\/2018\\\/07\\\/assalto_carro_forte_1.jpg\",\"contentUrl\":\"https:\\\/\\\/aconteceunovale.com.br\\\/portal\\\/wp-content\\\/uploads\\\/2018\\\/07\\\/assalto_carro_forte_1.jpg\",\"width\":678,\"height\":381},{\"@type\":\"BreadcrumbList\",\"@id\":\"https:\\\/\\\/aconteceunovale.com.br\\\/portal\\\/?p=133802#breadcrumb\",\"itemListElement\":[{\"@type\":\"ListItem\",\"position\":1,\"name\":\"In\u00edcio\",\"item\":\"https:\\\/\\\/aconteceunovale.com.br\\\/portal\\\/\"},{\"@type\":\"ListItem\",\"position\":2,\"name\":\"Bandidos explodem carro-forte na BR-251, no Norte de Minas\"}]},{\"@type\":\"WebSite\",\"@id\":\"https:\\\/\\\/aconteceunovale.com.br\\\/portal\\\/#website\",\"url\":\"https:\\\/\\\/aconteceunovale.com.br\\\/portal\\\/\",\"name\":\"Aconteceu no Vale\",\"description\":\"Portal de Not\u00edcias\",\"potentialAction\":[{\"@type\":\"SearchAction\",\"target\":{\"@type\":\"EntryPoint\",\"urlTemplate\":\"https:\\\/\\\/aconteceunovale.com.br\\\/portal\\\/?s={search_term_string}\"},\"query-input\":{\"@type\":\"PropertyValueSpecification\",\"valueRequired\":true,\"valueName\":\"search_term_string\"}}],\"inLanguage\":\"pt-BR\"},{\"@type\":\"Person\",\"@id\":\"https:\\\/\\\/aconteceunovale.com.br\\\/portal\\\/#\\\/schema\\\/person\\\/633529146f2c94272bef50ac2953d589\",\"name\":\"Aconteceu no Vale\",\"description\":\"Equipe de reportagem do Aconteceu no Vale, portal de not\u00edcias do Vale do Jequitinhonha, em Minas Gerais. Cobrimos as 51 cidades do Vale desde 2013. Sugest\u00f5es de pauta e pedidos de corre\u00e7\u00e3o: contato@aconteceunovale.com.br\",\"sameAs\":[\"http:\\\/\\\/www.aconteceunovale.com.br\"],\"url\":\"https:\\\/\\\/aconteceunovale.com.br\\\/portal\\\/?author=1\"}]}<\/script>\n<!-- \/ Yoast SEO plugin. -->","yoast_head_json":{"title":"Bandidos explodem carro-forte na BR-251, no Norte de Minas - Aconteceu no Vale","robots":{"index":"index","follow":"follow","max-snippet":"max-snippet:-1","max-image-preview":"max-image-preview:large","max-video-preview":"max-video-preview:-1"},"canonical":"https:\/\/aconteceunovale.com.br\/portal\/?p=133802","og_locale":"pt_BR","og_type":"article","og_title":"Bandidos explodem carro-forte na BR-251, no Norte de Minas - Aconteceu no Vale","og_description":"Um carro-forte, utilizado para transporte de valores, foi alvo de ataque de uma quadrilha na tarde desta ter\u00e7a-feira (31\/07\/2018) na BR-251, pr\u00f3ximo a Gr\u00e3o Mogol, na regi\u00e3o Norte de Minas Gerais. De acordo com a Pol\u00edcia Militar, o ve\u00edculo foi explodido e um dos seguran\u00e7as ficou gravemente ferido ap\u00f3s ser baleado pelos assaltantes. O carro [&hellip;]","og_url":"https:\/\/aconteceunovale.com.br\/portal\/?p=133802","og_site_name":"Aconteceu no Vale","article_publisher":"https:\/\/www.facebook.com\/aconteceunovale\/","article_published_time":"2018-08-01T02:00:50+00:00","og_image":[{"width":678,"height":381,"url":"https:\/\/aconteceunovale.com.br\/portal\/wp-content\/uploads\/2018\/07\/assalto_carro_forte_1.jpg","type":"image\/jpeg"}],"author":"Aconteceu no Vale","twitter_card":"summary_large_image","twitter_creator":"@noticiadosvales","twitter_site":"@noticiadosvales","twitter_misc":{"Escrito por":"Aconteceu no Vale","Est. tempo de leitura":"2 minutos"},"schema":{"@context":"https:\/\/schema.org","@graph":[{"@type":"Article","@id":"https:\/\/aconteceunovale.com.br\/portal\/?p=133802#article","isPartOf":{"@id":"https:\/\/aconteceunovale.com.br\/portal\/?p=133802"},"author":{"name":"Aconteceu no Vale","@id":"https:\/\/aconteceunovale.com.br\/portal\/#\/schema\/person\/633529146f2c94272bef50ac2953d589"},"headline":"Bandidos explodem carro-forte na BR-251, no Norte de Minas","datePublished":"2018-08-01T02:00:50+00:00","mainEntityOfPage":{"@id":"https:\/\/aconteceunovale.com.br\/portal\/?p=133802"},"wordCount":384,"commentCount":0,"image":{"@id":"https:\/\/aconteceunovale.com.br\/portal\/?p=133802#primaryimage"},"thumbnailUrl":"https:\/\/aconteceunovale.com.br\/portal\/wp-content\/uploads\/2018\/07\/assalto_carro_forte_1.jpg","keywords":["Assalto BR-251","Assalto carro forte BR-251","Bandidos explodem carro-forte na BR-251","Bandidos explodem carro-forte na BR-251 no Norte de Minas","Bocaina","br 251","destaque","Explos\u00e3o carro forte BR-251","gr\u00e3o mogol","no Norte de Minas","Roubo BR 251","Roubo carro forte BR-251","Salinas","vale das cancelas"],"articleSection":["Norte de Minas"],"inLanguage":"pt-BR","potentialAction":[{"@type":"CommentAction","name":"Comment","target":["https:\/\/aconteceunovale.com.br\/portal\/?p=133802#respond"]}]},{"@type":"WebPage","@id":"https:\/\/aconteceunovale.com.br\/portal\/?p=133802","url":"https:\/\/aconteceunovale.com.br\/portal\/?p=133802","name":"Bandidos explodem carro-forte na BR-251, no Norte de Minas - Aconteceu no Vale","isPartOf":{"@id":"https:\/\/aconteceunovale.com.br\/portal\/#website"},"primaryImageOfPage":{"@id":"https:\/\/aconteceunovale.com.br\/portal\/?p=133802#primaryimage"},"image":{"@id":"https:\/\/aconteceunovale.com.br\/portal\/?p=133802#primaryimage"},"thumbnailUrl":"https:\/\/aconteceunovale.com.br\/portal\/wp-content\/uploads\/2018\/07\/assalto_carro_forte_1.jpg","datePublished":"2018-08-01T02:00:50+00:00","author":{"@id":"https:\/\/aconteceunovale.com.br\/portal\/#\/schema\/person\/633529146f2c94272bef50ac2953d589"},"breadcrumb":{"@id":"https:\/\/aconteceunovale.com.br\/portal\/?p=133802#breadcrumb"},"inLanguage":"pt-BR","potentialAction":[{"@type":"ReadAction","target":["https:\/\/aconteceunovale.com.br\/portal\/?p=133802"]}]},{"@type":"ImageObject","inLanguage":"pt-BR","@id":"https:\/\/aconteceunovale.com.br\/portal\/?p=133802#primaryimage","url":"https:\/\/aconteceunovale.com.br\/portal\/wp-content\/uploads\/2018\/07\/assalto_carro_forte_1.jpg","contentUrl":"https:\/\/aconteceunovale.com.br\/portal\/wp-content\/uploads\/2018\/07\/assalto_carro_forte_1.jpg","width":678,"height":381},{"@type":"BreadcrumbList","@id":"https:\/\/aconteceunovale.com.br\/portal\/?p=133802#breadcrumb","itemListElement":[{"@type":"ListItem","position":1,"name":"In\u00edcio","item":"https:\/\/aconteceunovale.com.br\/portal\/"},{"@type":"ListItem","position":2,"name":"Bandidos explodem carro-forte na BR-251, no Norte de Minas"}]},{"@type":"WebSite","@id":"https:\/\/aconteceunovale.com.br\/portal\/#website","url":"https:\/\/aconteceunovale.com.br\/portal\/","name":"Aconteceu no Vale","description":"Portal de Not\u00edcias","potentialAction":[{"@type":"SearchAction","target":{"@type":"EntryPoint","urlTemplate":"https:\/\/aconteceunovale.com.br\/portal\/?s={search_term_string}"},"query-input":{"@type":"PropertyValueSpecification","valueRequired":true,"valueName":"search_term_string"}}],"inLanguage":"pt-BR"},{"@type":"Person","@id":"https:\/\/aconteceunovale.com.br\/portal\/#\/schema\/person\/633529146f2c94272bef50ac2953d589","name":"Aconteceu no Vale","description":"Equipe de reportagem do Aconteceu no Vale, portal de not\u00edcias do Vale do Jequitinhonha, em Minas Gerais. Cobrimos as 51 cidades do Vale desde 2013. Sugest\u00f5es de pauta e pedidos de corre\u00e7\u00e3o: contato@aconteceunovale.com.br","sameAs":["http:\/\/www.aconteceunovale.com.br"],"url":"https:\/\/aconteceunovale.com.br\/portal\/?author=1"}]}},"_links":{"self":[{"href":"https:\/\/aconteceunovale.com.br\/portal\/index.php?rest_route=\/wp\/v2\/posts\/133802","targetHints":{"allow":["GET"]}}],"collection":[{"href":"https:\/\/aconteceunovale.com.br\/portal\/index.php?rest_route=\/wp\/v2\/posts"}],"about":[{"href":"https:\/\/aconteceunovale.com.br\/portal\/index.php?rest_route=\/wp\/v2\/types\/post"}],"author":[{"embeddable":true,"href":"https:\/\/aconteceunovale.com.br\/portal\/index.php?rest_route=\/wp\/v2\/users\/1"}],"replies":[{"embeddable":true,"href":"https:\/\/aconteceunovale.com.br\/portal\/index.php?rest_route=%2Fwp%2Fv2%2Fcomments&post=133802"}],"version-history":[{"count":0,"href":"https:\/\/aconteceunovale.com.br\/portal\/index.php?rest_route=\/wp\/v2\/posts\/133802\/revisions"}],"wp:featuredmedia":[{"embeddable":true,"href":"https:\/\/aconteceunovale.com.br\/portal\/index.php?rest_route=\/wp\/v2\/media\/133804"}],"wp:attachment":[{"href":"https:\/\/aconteceunovale.com.br\/portal\/index.php?rest_route=%2Fwp%2Fv2%2Fmedia&parent=133802"}],"wp:term":[{"taxonomy":"category","embeddable":true,"href":"https:\/\/aconteceunovale.com.br\/portal\/index.php?rest_route=%2Fwp%2Fv2%2Fcategories&post=133802"},{"taxonomy":"post_tag","embeddable":true,"href":"https:\/\/aconteceunovale.com.br\/portal\/index.php?rest_route=%2Fwp%2Fv2%2Ftags&post=133802"}],"curies":[{"name":"wp","href":"https:\/\/api.w.org\/{rel}","templated":true}]}}