{"id":133798,"date":"2018-07-31T23:44:17","date_gmt":"2018-08-01T01:44:17","guid":{"rendered":"http:\/\/aconteceunovale.com.br\/portal\/?p=133798"},"modified":"2018-07-31T23:44:17","modified_gmt":"2018-08-01T01:44:17","slug":"aviao-fabricado-no-brasil-cai-no-norte-do-mexico","status":"publish","type":"post","link":"https:\/\/aconteceunovale.com.br\/portal\/?p=133798","title":{"rendered":"Avi\u00e3o fabricado no Brasil cai no norte do M\u00e9xico"},"content":{"rendered":"<p>Um avi\u00e3o da Aerom\u00e9xico caiu hoje (31\/07\/2018) no Aeroporto Guadalupe Victoria, em Durango, no norte do M\u00e9xico. A companhia a\u00e9rea ainda n\u00e3o revelou o n\u00famero de pessoas a bordo, mas a imprensa do pa\u00eds fala em cerca de 100 passageiros.<\/p>\n<p>Segundo a Defesa Civil local, a queda aconteceu poucos instantes ap\u00f3s a decolagem da aeronave, modelo E190 e que tinha como destino a Cidade do M\u00e9xico.<\/p>\n<p>Em sua conta no Twitter, a Aerom\u00e9xico informou que ainda verifica as informa\u00e7\u00f5es sobre o acidente. &#8220;A Aerom\u00e9xico teve conhecimento de um acidente em Durango e estamos trabalhando para verificar a informa\u00e7\u00e3o e obter detalhes&#8221;, disse a empresa. Segundo a companhia, o v\u00f4o 2431 fazia a rota Durango-Cidade do M\u00e9xico, operado por um avi\u00e3o Embraer 190 com capacidade para 100 passageiros.<\/p>\n<p>Tamb\u00e9m pelo Twitter, o governador do estado de Durango, Jos\u00e9 R. Aispuro, disse que solicitou \u00e0s entidades de seguran\u00e7a que fa\u00e7am atendimento ao \u201clament\u00e1vel acidente\u201d. \u201cOficialmente n\u00e3o h\u00e1 n\u00fameros de feridos ou mortos\u201d, disse ele.<\/p>\n<p>Em nota, a Embraer afirmou lamentar o acidente. &#8220;A Empresa j\u00e1 se colocou \u00e0 disposi\u00e7\u00e3o das autoridades aeron\u00e1uticas para auxiliar nas investiga\u00e7\u00f5es e uma equipe de t\u00e9cnicos da Embraer prepara-se para deslocar-se para o local do acidente&#8221;, disse.<\/p>\n<p><img decoding=\"async\" src=\"http:\/\/aconteceunovale.com.br\/portal\/wp-content\/uploads\/2018\/07\/aviao_mexico_1.jpg\" alt=\"\" \/><em>Avi\u00e3o da Aerom\u00e9xico em Durango (Foto: Defesa Civil de Durango\/Direitos reservados)<\/em><br \/>\n<\/br><\/p>\n<p><img decoding=\"async\" src=\"http:\/\/aconteceunovale.com.br\/portal\/wp-content\/uploads\/2018\/07\/aviao_mexico_2.jpg\" alt=\"\" \/><em>Avi\u00e3o da Aerom\u00e9xico em Durango (Foto: Defesa Civil de Durango\/Direitos reservados)<\/em><br \/>\n<\/br><\/p>\n<p><strong>VER PRIMEIRO<\/strong><\/p>\n<p>Receba as not\u00edcias do Aconteceu no Vale em primeira m\u00e3o. Clique em curtir no endere\u00e7o <a href=\"https:\/\/www.facebook.com\/aconteceunovale\" target=\"_blank\"><font color=\"red\">www.facebook.com\/aconteceunovale<\/font><\/a> ou no box abaixo:<\/p>\n<div class=\"fb-like\" data-href=\"https:\/\/www.facebook.com\/aconteceunovale\" data-width=\"120\" data-layout=\"standard\" data-action=\"like\" data-size=\"small\" data-show-faces=\"true\" data-share=\"true\"><\/div>\n<p><\/br><\/p>\n<p><em>(Fonte: Ag\u00eancia Brasil)<\/em><\/p>\n","protected":false},"excerpt":{"rendered":"<p>Um avi\u00e3o da Aerom\u00e9xico caiu hoje (31\/07\/2018) no Aeroporto Guadalupe Victoria, em Durango, no norte do M\u00e9xico. A companhia a\u00e9rea ainda n\u00e3o revelou o n\u00famero de pessoas a bordo, mas a imprensa do pa\u00eds fala em cerca de 100 passageiros. Segundo a Defesa Civil local, a queda aconteceu poucos instantes ap\u00f3s a decolagem da aeronave, [&hellip;]<\/p>\n","protected":false},"author":1,"featured_media":133800,"comment_status":"open","ping_status":"closed","sticky":false,"template":"","format":"standard","meta":{"amp_status":"","footnotes":""},"categories":[6,28848],"tags":[72438,177364,177354,177356,177362,177367,177353,177360,177358,177370,177371,160166,1018,177361,177365,177366,177369,18921,177355,177357,63041,177363,177368,177359],"class_list":["post-133798","post","type-post","status-publish","format-standard","has-post-thumbnail","hentry","category-br","category-mundo","tag-acidente-aereo","tag-acidente-aereo-em-durango","tag-acidente-aeromexico","tag-acidente-aviao-aeromexico","tag-acidente-em-durango","tag-acidente-embraer-190","tag-aeromexico","tag-aeroporto-guadalupe-victoria","tag-aviao-aeromexico","tag-aviao-fabricado-no-brasil-cai-no-mexico","tag-aviao-fabricado-no-brasil-cai-no-norte-do-mexico","tag-cidade-do-mexico","tag-destaque","tag-durango","tag-durango-cidade-do-mexico","tag-embraer-190","tag-jose-r-aispuro","tag-mexico","tag-queda-aviao-aeromexico","tag-queda-de-aeronave-da-aeromexico","tag-queda-de-aviao","tag-queda-de-aviao-em-durango","tag-queda-embraer-190","tag-tragedia-aeromexico"],"yoast_head":"<!-- This site is optimized with the Yoast SEO plugin v28.3 - https:\/\/yoast.com\/product\/yoast-seo-wordpress\/ -->\n<title>Avi\u00e3o fabricado no Brasil cai no norte do M\u00e9xico - Aconteceu no Vale<\/title>\n<meta name=\"robots\" content=\"index, follow, max-snippet:-1, max-image-preview:large, max-video-preview:-1\" \/>\n<link rel=\"canonical\" href=\"https:\/\/aconteceunovale.com.br\/portal\/?p=133798\" \/>\n<meta property=\"og:locale\" content=\"pt_BR\" \/>\n<meta property=\"og:type\" content=\"article\" \/>\n<meta property=\"og:title\" content=\"Avi\u00e3o fabricado no Brasil cai no norte do M\u00e9xico - Aconteceu no Vale\" \/>\n<meta property=\"og:description\" content=\"Um avi\u00e3o da Aerom\u00e9xico caiu hoje (31\/07\/2018) no Aeroporto Guadalupe Victoria, em Durango, no norte do M\u00e9xico. A companhia a\u00e9rea ainda n\u00e3o revelou o n\u00famero de pessoas a bordo, mas a imprensa do pa\u00eds fala em cerca de 100 passageiros. Segundo a Defesa Civil local, a queda aconteceu poucos instantes ap\u00f3s a decolagem da aeronave, [&hellip;]\" \/>\n<meta property=\"og:url\" content=\"https:\/\/aconteceunovale.com.br\/portal\/?p=133798\" \/>\n<meta property=\"og:site_name\" content=\"Aconteceu no Vale\" \/>\n<meta property=\"article:publisher\" content=\"https:\/\/www.facebook.com\/aconteceunovale\/\" \/>\n<meta property=\"article:published_time\" content=\"2018-08-01T01:44:17+00:00\" \/>\n<meta property=\"og:image\" content=\"https:\/\/aconteceunovale.com.br\/portal\/wp-content\/uploads\/2018\/07\/aviao_mexico_1.jpg\" \/>\n\t<meta property=\"og:image:width\" content=\"599\" \/>\n\t<meta property=\"og:image:height\" content=\"450\" \/>\n\t<meta property=\"og:image:type\" content=\"image\/jpeg\" \/>\n<meta name=\"author\" content=\"Aconteceu no Vale\" \/>\n<meta name=\"twitter:card\" content=\"summary_large_image\" \/>\n<meta name=\"twitter:creator\" content=\"@noticiadosvales\" \/>\n<meta name=\"twitter:site\" content=\"@noticiadosvales\" \/>\n<meta name=\"twitter:label1\" content=\"Escrito por\" \/>\n\t<meta name=\"twitter:data1\" content=\"Aconteceu no Vale\" \/>\n\t<meta name=\"twitter:label2\" content=\"Est. tempo de leitura\" \/>\n\t<meta name=\"twitter:data2\" content=\"1 minuto\" \/>\n<script type=\"application\/ld+json\" class=\"yoast-schema-graph\">{\"@context\":\"https:\\\/\\\/schema.org\",\"@graph\":[{\"@type\":\"Article\",\"@id\":\"https:\\\/\\\/aconteceunovale.com.br\\\/portal\\\/?p=133798#article\",\"isPartOf\":{\"@id\":\"https:\\\/\\\/aconteceunovale.com.br\\\/portal\\\/?p=133798\"},\"author\":{\"name\":\"Aconteceu no Vale\",\"@id\":\"https:\\\/\\\/aconteceunovale.com.br\\\/portal\\\/#\\\/schema\\\/person\\\/633529146f2c94272bef50ac2953d589\"},\"headline\":\"Avi\u00e3o fabricado no Brasil cai no norte do M\u00e9xico\",\"datePublished\":\"2018-08-01T01:44:17+00:00\",\"mainEntityOfPage\":{\"@id\":\"https:\\\/\\\/aconteceunovale.com.br\\\/portal\\\/?p=133798\"},\"wordCount\":291,\"commentCount\":0,\"image\":{\"@id\":\"https:\\\/\\\/aconteceunovale.com.br\\\/portal\\\/?p=133798#primaryimage\"},\"thumbnailUrl\":\"https:\\\/\\\/aconteceunovale.com.br\\\/portal\\\/wp-content\\\/uploads\\\/2018\\\/07\\\/aviao_mexico_1.jpg\",\"keywords\":[\"acidente a\u00e9reo\",\"Acidente a\u00e9reo em Durango\",\"Acidente Aerom\u00e9xico\",\"Acidente avi\u00e3o Aerom\u00e9xico\",\"Acidente em Durango\",\"Acidente Embraer 190\",\"Aerom\u00e9xico\",\"Aeroporto Guadalupe Victoria\",\"Avi\u00e3o Aerom\u00e9xico\",\"Avi\u00e3o fabricado no Brasil cai no M\u00e9xico\",\"Avi\u00e3o fabricado no Brasil cai no norte do M\u00e9xico\",\"Cidade do M\u00e9xico\",\"destaque\",\"Durango\",\"Durango-Cidade do M\u00e9xico\",\"Embraer 190\",\"Jos\u00e9 R. Aispuro\",\"M\u00e9xico\",\"Queda avi\u00e3o Aerom\u00e9xico\",\"Queda de aeronave da Aerom\u00e9xico\",\"queda de avi\u00e3o\",\"Queda de avi\u00e3o em Durango\",\"Queda Embraer 190\",\"Trag\u00e9dia Aerom\u00e9xico\"],\"articleSection\":[\"Brasil\",\"Mundo\"],\"inLanguage\":\"pt-BR\",\"potentialAction\":[{\"@type\":\"CommentAction\",\"name\":\"Comment\",\"target\":[\"https:\\\/\\\/aconteceunovale.com.br\\\/portal\\\/?p=133798#respond\"]}]},{\"@type\":\"WebPage\",\"@id\":\"https:\\\/\\\/aconteceunovale.com.br\\\/portal\\\/?p=133798\",\"url\":\"https:\\\/\\\/aconteceunovale.com.br\\\/portal\\\/?p=133798\",\"name\":\"Avi\u00e3o fabricado no Brasil cai no norte do M\u00e9xico - Aconteceu no Vale\",\"isPartOf\":{\"@id\":\"https:\\\/\\\/aconteceunovale.com.br\\\/portal\\\/#website\"},\"primaryImageOfPage\":{\"@id\":\"https:\\\/\\\/aconteceunovale.com.br\\\/portal\\\/?p=133798#primaryimage\"},\"image\":{\"@id\":\"https:\\\/\\\/aconteceunovale.com.br\\\/portal\\\/?p=133798#primaryimage\"},\"thumbnailUrl\":\"https:\\\/\\\/aconteceunovale.com.br\\\/portal\\\/wp-content\\\/uploads\\\/2018\\\/07\\\/aviao_mexico_1.jpg\",\"datePublished\":\"2018-08-01T01:44:17+00:00\",\"author\":{\"@id\":\"https:\\\/\\\/aconteceunovale.com.br\\\/portal\\\/#\\\/schema\\\/person\\\/633529146f2c94272bef50ac2953d589\"},\"breadcrumb\":{\"@id\":\"https:\\\/\\\/aconteceunovale.com.br\\\/portal\\\/?p=133798#breadcrumb\"},\"inLanguage\":\"pt-BR\",\"potentialAction\":[{\"@type\":\"ReadAction\",\"target\":[\"https:\\\/\\\/aconteceunovale.com.br\\\/portal\\\/?p=133798\"]}]},{\"@type\":\"ImageObject\",\"inLanguage\":\"pt-BR\",\"@id\":\"https:\\\/\\\/aconteceunovale.com.br\\\/portal\\\/?p=133798#primaryimage\",\"url\":\"https:\\\/\\\/aconteceunovale.com.br\\\/portal\\\/wp-content\\\/uploads\\\/2018\\\/07\\\/aviao_mexico_1.jpg\",\"contentUrl\":\"https:\\\/\\\/aconteceunovale.com.br\\\/portal\\\/wp-content\\\/uploads\\\/2018\\\/07\\\/aviao_mexico_1.jpg\",\"width\":599,\"height\":450},{\"@type\":\"BreadcrumbList\",\"@id\":\"https:\\\/\\\/aconteceunovale.com.br\\\/portal\\\/?p=133798#breadcrumb\",\"itemListElement\":[{\"@type\":\"ListItem\",\"position\":1,\"name\":\"In\u00edcio\",\"item\":\"https:\\\/\\\/aconteceunovale.com.br\\\/portal\\\/\"},{\"@type\":\"ListItem\",\"position\":2,\"name\":\"Avi\u00e3o fabricado no Brasil cai no norte do M\u00e9xico\"}]},{\"@type\":\"WebSite\",\"@id\":\"https:\\\/\\\/aconteceunovale.com.br\\\/portal\\\/#website\",\"url\":\"https:\\\/\\\/aconteceunovale.com.br\\\/portal\\\/\",\"name\":\"Aconteceu no Vale\",\"description\":\"Portal de Not\u00edcias\",\"potentialAction\":[{\"@type\":\"SearchAction\",\"target\":{\"@type\":\"EntryPoint\",\"urlTemplate\":\"https:\\\/\\\/aconteceunovale.com.br\\\/portal\\\/?s={search_term_string}\"},\"query-input\":{\"@type\":\"PropertyValueSpecification\",\"valueRequired\":true,\"valueName\":\"search_term_string\"}}],\"inLanguage\":\"pt-BR\"},{\"@type\":\"Person\",\"@id\":\"https:\\\/\\\/aconteceunovale.com.br\\\/portal\\\/#\\\/schema\\\/person\\\/633529146f2c94272bef50ac2953d589\",\"name\":\"Aconteceu no Vale\",\"description\":\"Equipe de reportagem do Aconteceu no Vale, portal de not\u00edcias do Vale do Jequitinhonha, em Minas Gerais. Cobrimos as 51 cidades do Vale desde 2013. Sugest\u00f5es de pauta e pedidos de corre\u00e7\u00e3o: contato@aconteceunovale.com.br\",\"sameAs\":[\"http:\\\/\\\/www.aconteceunovale.com.br\"],\"url\":\"https:\\\/\\\/aconteceunovale.com.br\\\/portal\\\/?author=1\"}]}<\/script>\n<!-- \/ Yoast SEO plugin. -->","yoast_head_json":{"title":"Avi\u00e3o fabricado no Brasil cai no norte do M\u00e9xico - Aconteceu no Vale","robots":{"index":"index","follow":"follow","max-snippet":"max-snippet:-1","max-image-preview":"max-image-preview:large","max-video-preview":"max-video-preview:-1"},"canonical":"https:\/\/aconteceunovale.com.br\/portal\/?p=133798","og_locale":"pt_BR","og_type":"article","og_title":"Avi\u00e3o fabricado no Brasil cai no norte do M\u00e9xico - Aconteceu no Vale","og_description":"Um avi\u00e3o da Aerom\u00e9xico caiu hoje (31\/07\/2018) no Aeroporto Guadalupe Victoria, em Durango, no norte do M\u00e9xico. A companhia a\u00e9rea ainda n\u00e3o revelou o n\u00famero de pessoas a bordo, mas a imprensa do pa\u00eds fala em cerca de 100 passageiros. Segundo a Defesa Civil local, a queda aconteceu poucos instantes ap\u00f3s a decolagem da aeronave, [&hellip;]","og_url":"https:\/\/aconteceunovale.com.br\/portal\/?p=133798","og_site_name":"Aconteceu no Vale","article_publisher":"https:\/\/www.facebook.com\/aconteceunovale\/","article_published_time":"2018-08-01T01:44:17+00:00","og_image":[{"width":599,"height":450,"url":"https:\/\/aconteceunovale.com.br\/portal\/wp-content\/uploads\/2018\/07\/aviao_mexico_1.jpg","type":"image\/jpeg"}],"author":"Aconteceu no Vale","twitter_card":"summary_large_image","twitter_creator":"@noticiadosvales","twitter_site":"@noticiadosvales","twitter_misc":{"Escrito por":"Aconteceu no Vale","Est. tempo de leitura":"1 minuto"},"schema":{"@context":"https:\/\/schema.org","@graph":[{"@type":"Article","@id":"https:\/\/aconteceunovale.com.br\/portal\/?p=133798#article","isPartOf":{"@id":"https:\/\/aconteceunovale.com.br\/portal\/?p=133798"},"author":{"name":"Aconteceu no Vale","@id":"https:\/\/aconteceunovale.com.br\/portal\/#\/schema\/person\/633529146f2c94272bef50ac2953d589"},"headline":"Avi\u00e3o fabricado no Brasil cai no norte do M\u00e9xico","datePublished":"2018-08-01T01:44:17+00:00","mainEntityOfPage":{"@id":"https:\/\/aconteceunovale.com.br\/portal\/?p=133798"},"wordCount":291,"commentCount":0,"image":{"@id":"https:\/\/aconteceunovale.com.br\/portal\/?p=133798#primaryimage"},"thumbnailUrl":"https:\/\/aconteceunovale.com.br\/portal\/wp-content\/uploads\/2018\/07\/aviao_mexico_1.jpg","keywords":["acidente a\u00e9reo","Acidente a\u00e9reo em Durango","Acidente Aerom\u00e9xico","Acidente avi\u00e3o Aerom\u00e9xico","Acidente em Durango","Acidente Embraer 190","Aerom\u00e9xico","Aeroporto Guadalupe Victoria","Avi\u00e3o Aerom\u00e9xico","Avi\u00e3o fabricado no Brasil cai no M\u00e9xico","Avi\u00e3o fabricado no Brasil cai no norte do M\u00e9xico","Cidade do M\u00e9xico","destaque","Durango","Durango-Cidade do M\u00e9xico","Embraer 190","Jos\u00e9 R. Aispuro","M\u00e9xico","Queda avi\u00e3o Aerom\u00e9xico","Queda de aeronave da Aerom\u00e9xico","queda de avi\u00e3o","Queda de avi\u00e3o em Durango","Queda Embraer 190","Trag\u00e9dia Aerom\u00e9xico"],"articleSection":["Brasil","Mundo"],"inLanguage":"pt-BR","potentialAction":[{"@type":"CommentAction","name":"Comment","target":["https:\/\/aconteceunovale.com.br\/portal\/?p=133798#respond"]}]},{"@type":"WebPage","@id":"https:\/\/aconteceunovale.com.br\/portal\/?p=133798","url":"https:\/\/aconteceunovale.com.br\/portal\/?p=133798","name":"Avi\u00e3o fabricado no Brasil cai no norte do M\u00e9xico - Aconteceu no Vale","isPartOf":{"@id":"https:\/\/aconteceunovale.com.br\/portal\/#website"},"primaryImageOfPage":{"@id":"https:\/\/aconteceunovale.com.br\/portal\/?p=133798#primaryimage"},"image":{"@id":"https:\/\/aconteceunovale.com.br\/portal\/?p=133798#primaryimage"},"thumbnailUrl":"https:\/\/aconteceunovale.com.br\/portal\/wp-content\/uploads\/2018\/07\/aviao_mexico_1.jpg","datePublished":"2018-08-01T01:44:17+00:00","author":{"@id":"https:\/\/aconteceunovale.com.br\/portal\/#\/schema\/person\/633529146f2c94272bef50ac2953d589"},"breadcrumb":{"@id":"https:\/\/aconteceunovale.com.br\/portal\/?p=133798#breadcrumb"},"inLanguage":"pt-BR","potentialAction":[{"@type":"ReadAction","target":["https:\/\/aconteceunovale.com.br\/portal\/?p=133798"]}]},{"@type":"ImageObject","inLanguage":"pt-BR","@id":"https:\/\/aconteceunovale.com.br\/portal\/?p=133798#primaryimage","url":"https:\/\/aconteceunovale.com.br\/portal\/wp-content\/uploads\/2018\/07\/aviao_mexico_1.jpg","contentUrl":"https:\/\/aconteceunovale.com.br\/portal\/wp-content\/uploads\/2018\/07\/aviao_mexico_1.jpg","width":599,"height":450},{"@type":"BreadcrumbList","@id":"https:\/\/aconteceunovale.com.br\/portal\/?p=133798#breadcrumb","itemListElement":[{"@type":"ListItem","position":1,"name":"In\u00edcio","item":"https:\/\/aconteceunovale.com.br\/portal\/"},{"@type":"ListItem","position":2,"name":"Avi\u00e3o fabricado no Brasil cai no norte do M\u00e9xico"}]},{"@type":"WebSite","@id":"https:\/\/aconteceunovale.com.br\/portal\/#website","url":"https:\/\/aconteceunovale.com.br\/portal\/","name":"Aconteceu no Vale","description":"Portal de Not\u00edcias","potentialAction":[{"@type":"SearchAction","target":{"@type":"EntryPoint","urlTemplate":"https:\/\/aconteceunovale.com.br\/portal\/?s={search_term_string}"},"query-input":{"@type":"PropertyValueSpecification","valueRequired":true,"valueName":"search_term_string"}}],"inLanguage":"pt-BR"},{"@type":"Person","@id":"https:\/\/aconteceunovale.com.br\/portal\/#\/schema\/person\/633529146f2c94272bef50ac2953d589","name":"Aconteceu no Vale","description":"Equipe de reportagem do Aconteceu no Vale, portal de not\u00edcias do Vale do Jequitinhonha, em Minas Gerais. Cobrimos as 51 cidades do Vale desde 2013. Sugest\u00f5es de pauta e pedidos de corre\u00e7\u00e3o: contato@aconteceunovale.com.br","sameAs":["http:\/\/www.aconteceunovale.com.br"],"url":"https:\/\/aconteceunovale.com.br\/portal\/?author=1"}]}},"_links":{"self":[{"href":"https:\/\/aconteceunovale.com.br\/portal\/index.php?rest_route=\/wp\/v2\/posts\/133798","targetHints":{"allow":["GET"]}}],"collection":[{"href":"https:\/\/aconteceunovale.com.br\/portal\/index.php?rest_route=\/wp\/v2\/posts"}],"about":[{"href":"https:\/\/aconteceunovale.com.br\/portal\/index.php?rest_route=\/wp\/v2\/types\/post"}],"author":[{"embeddable":true,"href":"https:\/\/aconteceunovale.com.br\/portal\/index.php?rest_route=\/wp\/v2\/users\/1"}],"replies":[{"embeddable":true,"href":"https:\/\/aconteceunovale.com.br\/portal\/index.php?rest_route=%2Fwp%2Fv2%2Fcomments&post=133798"}],"version-history":[{"count":0,"href":"https:\/\/aconteceunovale.com.br\/portal\/index.php?rest_route=\/wp\/v2\/posts\/133798\/revisions"}],"wp:featuredmedia":[{"embeddable":true,"href":"https:\/\/aconteceunovale.com.br\/portal\/index.php?rest_route=\/wp\/v2\/media\/133800"}],"wp:attachment":[{"href":"https:\/\/aconteceunovale.com.br\/portal\/index.php?rest_route=%2Fwp%2Fv2%2Fmedia&parent=133798"}],"wp:term":[{"taxonomy":"category","embeddable":true,"href":"https:\/\/aconteceunovale.com.br\/portal\/index.php?rest_route=%2Fwp%2Fv2%2Fcategories&post=133798"},{"taxonomy":"post_tag","embeddable":true,"href":"https:\/\/aconteceunovale.com.br\/portal\/index.php?rest_route=%2Fwp%2Fv2%2Ftags&post=133798"}],"curies":[{"name":"wp","href":"https:\/\/api.w.org\/{rel}","templated":true}]}}