{"id":13373,"date":"2013-11-20T18:38:01","date_gmt":"2013-11-20T18:38:01","guid":{"rendered":"http:\/\/aconteceunovale.com.br\/portal\/?p=13373"},"modified":"2013-11-20T18:39:17","modified_gmt":"2013-11-20T18:39:17","slug":"almeanra-pm-realiza-solenidade-para-incineracao-da-bandeira-nacional","status":"publish","type":"post","link":"https:\/\/aconteceunovale.com.br\/portal\/?p=13373","title":{"rendered":"ALMENARA &#8211; PM realiza solenidade para incinera\u00e7\u00e3o da Bandeira Nacional"},"content":{"rendered":"<p>19 de Novembro \u00e9 o Dia da Bandeira do Brasil e bandeiras velhas da regi\u00e3o s\u00e3o incineradas em solenidade pr\u00f3pria para o ato. Durante a incinera\u00e7\u00e3o, o p\u00fablico presente teve que tomar postura de rever\u00eancia e respeito.<\/p>\n<p>A Bandeira do Brasil quando chega a um determinado tempo de uso ela se desgasta devendo ser substitu\u00edda. As bandeiras velhas n\u00e3o podem ser jogadas fora ou rasgadas. Por este motivo, as bandeiras, ap\u00f3s terem completado seu tempo de uso, dever\u00e3o ser incineradas sempre \u00e0s 12horas do dia 19 de Novembro, Dia da Bandeira do Brasil.<\/p>\n<p>Em Almenara\/MG, sede do 44\u00ba Batalh\u00e3o de Pol\u00edcia Militar, foi realizada uma solenidade para a incinera\u00e7\u00e3o das Bandeiras velhas e a substitui\u00e7\u00e3o pelas novas. O evento aconteceu no p\u00e1tio do Batalh\u00e3o, exatamente \u00e0s 12horas de ontem, 19Nov. Durante a incinera\u00e7\u00e3o da Bandeira, o p\u00fablico presente teve que tomar postura de rever\u00eancia e respeito. Os policiais militares prestaram contin\u00eancia \u00e0 Bandeira durante o Hino Nacional. O Hino \u00e0 Bandeira tamb\u00e9m foi tocado durante o evento. Ao final do evento o Comandante do 44\u00ba BPM, Ten Cel Scheffer, agradeceu a presen\u00e7a das autoridades e explicou aos presentes o motivo da incinera\u00e7\u00e3o e as formalidades exigidas para o ato. O Comandante ainda falou sobre quest\u00f5es relativas ao patriotismo e respeito aos s\u00edmbolos nacionais.<\/p>\n<p><img loading=\"lazy\" decoding=\"async\" alt=\"\" src=\"http:\/\/aconteceunovale.com.br\/portal\/wp-content\/uploads\/2013\/11\/queima_bandeira_01.jpg\" width=\"800\" height=\"533\" border=\"0\" \/><br \/>\nTropa formada para a solenidade<\/p>\n<p><img loading=\"lazy\" decoding=\"async\" alt=\"\" src=\"http:\/\/aconteceunovale.com.br\/portal\/wp-content\/uploads\/2013\/11\/queima_bandeira_02.jpg\" width=\"800\" height=\"533\" border=\"0\" \/><br \/>\nRever\u00eancia ao Pavilh\u00e3o Nacional<\/p>\n<p><img loading=\"lazy\" decoding=\"async\" alt=\"\" src=\"http:\/\/aconteceunovale.com.br\/portal\/wp-content\/uploads\/2013\/11\/queima_bandeira_03.jpg\" width=\"800\" height=\"533\" border=\"0\" \/><br \/>\nHasteamento das bandeiras. Sargento Henrique do quadro de policiais militares da Reserva hasteou a Bandeira do Estado de Minas Gerais; Dino Fonseca, Presidente da C\u00e2mara Municipal de Almenara, hasteou a Bandeira do Brasil; e Alencar Souto de Oliveira, Vice-Prefeito de Rubim\/MG, hasteou a Bandeira da Insignia do Batalh\u00e3o representando as 16 bandeiras dos munic\u00edpios da Micro regi\u00e3o do Baixo Jequitinhonha, \u00e1rea do 44\u00ba BPM.<\/p>\n<p><img loading=\"lazy\" decoding=\"async\" alt=\"\" src=\"http:\/\/aconteceunovale.com.br\/portal\/wp-content\/uploads\/2013\/11\/queima_bandeira_04.jpg\" width=\"800\" height=\"533\" border=\"0\" \/><br \/>\nIncinera\u00e7\u00e3o da banderia inserv\u00edvel ao uso<\/p>\n<p><img loading=\"lazy\" decoding=\"async\" alt=\"\" src=\"http:\/\/aconteceunovale.com.br\/portal\/wp-content\/uploads\/2013\/11\/queima_bandeira_05.jpg\" width=\"800\" height=\"533\" border=\"0\" \/><br \/>\nPrestigiaram o evento os valorosos policiais militares que comp\u00f5e o quadro da reserva e reforma da PMMG<\/p>\n","protected":false},"excerpt":{"rendered":"<p>19 de Novembro \u00e9 o Dia da Bandeira do Brasil e bandeiras velhas da regi\u00e3o s\u00e3o incineradas em solenidade pr\u00f3pria para o ato. Durante a incinera\u00e7\u00e3o, o p\u00fablico presente teve que tomar postura de rever\u00eancia e respeito. A Bandeira do Brasil quando chega a um determinado tempo de uso ela se desgasta devendo ser substitu\u00edda. [&hellip;]<\/p>\n","protected":false},"author":1,"featured_media":13378,"comment_status":"open","ping_status":"open","sticky":false,"template":"","format":"standard","meta":{"amp_status":"","footnotes":""},"categories":[120],"tags":[142],"class_list":["post-13373","post","type-post","status-publish","format-standard","has-post-thumbnail","hentry","category-jequi","tag-almenara"],"_links":{"self":[{"href":"https:\/\/aconteceunovale.com.br\/portal\/index.php?rest_route=\/wp\/v2\/posts\/13373","targetHints":{"allow":["GET"]}}],"collection":[{"href":"https:\/\/aconteceunovale.com.br\/portal\/index.php?rest_route=\/wp\/v2\/posts"}],"about":[{"href":"https:\/\/aconteceunovale.com.br\/portal\/index.php?rest_route=\/wp\/v2\/types\/post"}],"author":[{"embeddable":true,"href":"https:\/\/aconteceunovale.com.br\/portal\/index.php?rest_route=\/wp\/v2\/users\/1"}],"replies":[{"embeddable":true,"href":"https:\/\/aconteceunovale.com.br\/portal\/index.php?rest_route=%2Fwp%2Fv2%2Fcomments&post=13373"}],"version-history":[{"count":0,"href":"https:\/\/aconteceunovale.com.br\/portal\/index.php?rest_route=\/wp\/v2\/posts\/13373\/revisions"}],"wp:featuredmedia":[{"embeddable":true,"href":"https:\/\/aconteceunovale.com.br\/portal\/index.php?rest_route=\/wp\/v2\/media\/13378"}],"wp:attachment":[{"href":"https:\/\/aconteceunovale.com.br\/portal\/index.php?rest_route=%2Fwp%2Fv2%2Fmedia&parent=13373"}],"wp:term":[{"taxonomy":"category","embeddable":true,"href":"https:\/\/aconteceunovale.com.br\/portal\/index.php?rest_route=%2Fwp%2Fv2%2Fcategories&post=13373"},{"taxonomy":"post_tag","embeddable":true,"href":"https:\/\/aconteceunovale.com.br\/portal\/index.php?rest_route=%2Fwp%2Fv2%2Ftags&post=13373"}],"curies":[{"name":"wp","href":"https:\/\/api.w.org\/{rel}","templated":true}]}}