{"id":133378,"date":"2018-07-03T20:11:30","date_gmt":"2018-07-03T22:11:30","guid":{"rendered":"http:\/\/aconteceunovale.com.br\/portal\/?p=133378"},"modified":"2018-07-03T20:11:30","modified_gmt":"2018-07-03T22:11:30","slug":"operacao-cumpre-170-mandados-de-prisao-contra-pessoas-envolvidas-em-crimes-violentos-em-minas-gerais","status":"publish","type":"post","link":"https:\/\/aconteceunovale.com.br\/portal\/?p=133378","title":{"rendered":"Opera\u00e7\u00e3o cumpre 170 mandados de pris\u00e3o contra pessoas envolvidas em crimes violentos em Minas Gerais"},"content":{"rendered":"<p>O Minist\u00e9rio P\u00fablico de Minas Gerais (MPMG), a Pol\u00edcia Militar e a Pol\u00edcia Civil realizaram na manh\u00e3 desta ter\u00e7a-feira, 3 de julho, a opera\u00e7\u00e3o \u201cO Regresso\u201d. O objetivo foi cumprir mandados de pris\u00e3o expedidos contra pessoas envolvidas em crimes violentos, como homic\u00eddio, latroc\u00ednio, roubo qualificado, tr\u00e1fico, explos\u00e3o de caixas eletr\u00f4nicos, em todas as regi\u00f5es do estado. Conforme investigado, v\u00e1rios dos presos integram fac\u00e7\u00f5es criminosas.<\/p>\n<p>O nome da opera\u00e7\u00e3o remete ao fato de que os alvos dos mandados, em sua maioria, s\u00e3o condenados foragidos ou pessoas que deveriam estar presas temporariamente ou preventivamente. Conforme o promotor de Justi\u00e7a Henrique Nogueira Macedo, coordenador do Centro de Apoio Operacional Criminal (Caocrim), a escolha dos alvos \u00e9 fruto de um trabalho integrado iniciado h\u00e1 cerca de tr\u00eas meses para identificar e localizar pessoas que representem impacto \u00e0 seguran\u00e7a p\u00fablica. At\u00e9 a opera\u00e7\u00e3o desta ter\u00e7a, 170 mandados de pris\u00e3o foram cumpridos em Minas Gerais.<\/p>\n<p>\u201cV\u00e1rios alvos estavam foragidos h\u00e1 muito tempo. A opera\u00e7\u00e3o teve in\u00edcio h\u00e1 tr\u00eas meses. Hoje, foi um dia de efetivo cumprimento de grande parte dos mandados. E ela continua em v\u00e1rias frentes, como no cumprimento de mandados contra alvos ainda n\u00e3o localizados e no abreviamento de inqu\u00e9ritos e a\u00e7\u00f5es penais para que possamos ter o m\u00e1ximo de senten\u00e7as condenat\u00f3rias\u201d, afirma.<\/p>\n<p>De acordo com o promotor, diante de um cen\u00e1rio de superlota\u00e7\u00e3o carcer\u00e1ria no estado, j\u00e1 um entendimento com a Secretaria de Seguran\u00e7a P\u00fablica para que os presos na opera\u00e7\u00e3o sejam recebidos no sistema prisional. <\/p>\n<p>Em coletiva de imprensa realizada nesta ter\u00e7a, o promotor de Justi\u00e7a Henrique Macedo deu mais detalhes sobre a opera\u00e7\u00e3o:<\/p>\n<p><iframe loading=\"lazy\" width=\"620\" height=\"345\" src=\"https:\/\/www.youtube.com\/embed\/eDUNM2BGe04\" frameborder=\"0\" allow=\"autoplay; encrypted-media\" allowfullscreen><\/iframe><br \/>\n<\/br><\/p>\n<p><strong>VER PRIMEIRO<\/strong><\/p>\n<p>Receba as not\u00edcias do Aconteceu no Vale em primeira m\u00e3o. Clique em curtir no endere\u00e7o <a href=\"https:\/\/www.facebook.com\/aconteceunovale\" target=\"_blank\"><font color=\"red\">www.facebook.com\/aconteceunovale<\/font><\/a> ou no box abaixo:<\/p>\n<div class=\"fb-like\" data-href=\"https:\/\/www.facebook.com\/aconteceunovale\" data-width=\"120\" data-layout=\"standard\" data-action=\"like\" data-size=\"small\" data-show-faces=\"true\" data-share=\"true\"><\/div>\n<p><\/br><\/p>\n<p><em>(Fonte: MPMG)<\/em><\/p>\n","protected":false},"excerpt":{"rendered":"<p>O Minist\u00e9rio P\u00fablico de Minas Gerais (MPMG), a Pol\u00edcia Militar e a Pol\u00edcia Civil realizaram na manh\u00e3 desta ter\u00e7a-feira, 3 de julho, a opera\u00e7\u00e3o \u201cO Regresso\u201d. O objetivo foi cumprir mandados de pris\u00e3o expedidos contra pessoas envolvidas em crimes violentos, como homic\u00eddio, latroc\u00ednio, roubo qualificado, tr\u00e1fico, explos\u00e3o de caixas eletr\u00f4nicos, em todas as regi\u00f5es do [&hellip;]<\/p>\n","protected":false},"author":1,"featured_media":117725,"comment_status":"open","ping_status":"closed","sticky":false,"template":"","format":"standard","meta":{"amp_status":"","footnotes":""},"categories":[123],"tags":[176711,9684,19674,19675,176712,176713,176710,176708,176709,604,38187],"class_list":["post-133378","post","type-post","status-publish","format-standard","has-post-thumbnail","hentry","category-gerais","tag-crimes-violentos","tag-crimes-violentos-em-minas-gerais","tag-ministerio-publico-de-minas-gerais","tag-mpmg","tag-operacao-contra-crimes-violentos-em-minas-gerais","tag-operacao-cumpre-170-mandados-de-prisao-contra-pessoas-envolvidas-em-crimes-violentos-em-minas-gerais","tag-operacao-em-minas-gerais","tag-operacao-o-regresso","tag-operacao-o-regresso-em-minas-gerais","tag-pcmg","tag-pmmg"],"_links":{"self":[{"href":"https:\/\/aconteceunovale.com.br\/portal\/index.php?rest_route=\/wp\/v2\/posts\/133378","targetHints":{"allow":["GET"]}}],"collection":[{"href":"https:\/\/aconteceunovale.com.br\/portal\/index.php?rest_route=\/wp\/v2\/posts"}],"about":[{"href":"https:\/\/aconteceunovale.com.br\/portal\/index.php?rest_route=\/wp\/v2\/types\/post"}],"author":[{"embeddable":true,"href":"https:\/\/aconteceunovale.com.br\/portal\/index.php?rest_route=\/wp\/v2\/users\/1"}],"replies":[{"embeddable":true,"href":"https:\/\/aconteceunovale.com.br\/portal\/index.php?rest_route=%2Fwp%2Fv2%2Fcomments&post=133378"}],"version-history":[{"count":0,"href":"https:\/\/aconteceunovale.com.br\/portal\/index.php?rest_route=\/wp\/v2\/posts\/133378\/revisions"}],"wp:featuredmedia":[{"embeddable":true,"href":"https:\/\/aconteceunovale.com.br\/portal\/index.php?rest_route=\/wp\/v2\/media\/117725"}],"wp:attachment":[{"href":"https:\/\/aconteceunovale.com.br\/portal\/index.php?rest_route=%2Fwp%2Fv2%2Fmedia&parent=133378"}],"wp:term":[{"taxonomy":"category","embeddable":true,"href":"https:\/\/aconteceunovale.com.br\/portal\/index.php?rest_route=%2Fwp%2Fv2%2Fcategories&post=133378"},{"taxonomy":"post_tag","embeddable":true,"href":"https:\/\/aconteceunovale.com.br\/portal\/index.php?rest_route=%2Fwp%2Fv2%2Ftags&post=133378"}],"curies":[{"name":"wp","href":"https:\/\/api.w.org\/{rel}","templated":true}]}}