{"id":133372,"date":"2018-07-03T20:03:56","date_gmt":"2018-07-03T22:03:56","guid":{"rendered":"http:\/\/aconteceunovale.com.br\/portal\/?p=133372"},"modified":"2018-07-03T20:03:56","modified_gmt":"2018-07-03T22:03:56","slug":"cejusc-de-valadares-realiza-casamento-comunitario","status":"publish","type":"post","link":"https:\/\/aconteceunovale.com.br\/portal\/?p=133372","title":{"rendered":"Cejusc de Valadares realiza casamento comunit\u00e1rio"},"content":{"rendered":"<p>A realiza\u00e7\u00e3o de casamentos comunit\u00e1rios tem pautado a agenda do Centro Judici\u00e1rio de Solu\u00e7\u00e3o de Conflitos e Cidadania (Cejusc) de Governador Valadares. Periodicamente, casais com tempo de conviv\u00eancia e idade variados  t\u00eam tido a oportunidade de converter a uni\u00e3o est\u00e1vel em casamento civil e, assim, concretizar o sonho adiado. No \u00faltimo dia 30 de junho, foi realizada mais uma edi\u00e7\u00e3o da iniciativa.<\/p>\n<p>A novidade dessa vez foi a utiliza\u00e7\u00e3o do Sistema Informatizado de Media\u00e7\u00e3o e Concilia\u00e7\u00e3o (Sime), plataforma que gerencia concilia\u00e7\u00f5es e media\u00e7\u00f5es pr\u00e9-processuais, conferindo maior seguran\u00e7a jur\u00eddica aos atos. Governador Valadares foi a primeira comarca do interior a receber a ferramenta, em raz\u00e3o da grande movimenta\u00e7\u00e3o no setor pr\u00e9-processual do Cejusc local, com cerca de 4 mil demandas mensais.<\/p>\n<p>Os casamentos, normalmente, s\u00e3o realizados na sede da comarca ou em munic\u00edpios mais distantes, por meio do Cejusc Itinerante. A homologa\u00e7\u00e3o da convers\u00e3o em casamento civil retroage ao in\u00edcio da uni\u00e3o est\u00e1vel. H\u00e1 registros de casais com mais de 40 anos de conviv\u00eancia e v\u00e1rios filhos e, por outro lado, outros bem jovens, iniciando a vida a dois. O fato \u00e9 que esse momento \u00e9 aguardado com grande emo\u00e7\u00e3o por todos os envolvidos \u2013 casais, familiares e amigos, que n\u00e3o medem esfor\u00e7os para real\u00e7ar a magia da data. Trajes formais, flores, fotos, m\u00fasica, muitos sorrisos e at\u00e9 algumas l\u00e1grimas coroam as cerim\u00f4nias.<\/p>\n<p>Grande incentivador da iniciativa, o juiz da 2\u00aa Vara C\u00edvel de Governador Valadares e coordenador do Cejusc, Roberto Apolin\u00e1rio de Castro, foi quem conduziu as audi\u00eancias. De acordo com o magistrado, a oficializa\u00e7\u00e3o da uni\u00e3o permite a muitos casais regularizarem sua situa\u00e7\u00e3o perante a igreja, quest\u00e3o de grande import\u00e2ncia para muitos deles, al\u00e9m de constituir-se em um exerc\u00edcio de cidadania.<\/p>\n<p><img decoding=\"async\" src=\"http:\/\/aconteceunovale.com.br\/portal\/wp-content\/uploads\/2018\/07\/casamento_gv_1.jpg\" alt=\"\" \/><em>Mobiliza\u00e7\u00e3o permitiu que pessoas unidas h\u00e1 anos formalizassem o la\u00e7o (Foto: TJMG)<\/em><br \/>\n<\/br><\/p>\n<p><img decoding=\"async\" src=\"http:\/\/aconteceunovale.com.br\/portal\/wp-content\/uploads\/2018\/07\/casamento_gv_2.jpg\" alt=\"\" \/><em>Equipe do Cejusc contou com sistema informatizado para preparar casamentos (Foto: TJMG)<\/em><br \/>\n<\/br><\/p>\n<p><img decoding=\"async\" src=\"http:\/\/aconteceunovale.com.br\/portal\/wp-content\/uploads\/2018\/07\/casamento_gv_3.jpg\" alt=\"\" \/><em>Casais tiveram oportunidade de, sem custos, participar da cerim\u00f4nia (Foto: TJMG)<\/em><br \/>\n<\/br><\/p>\n<p><strong>VER PRIMEIRO<\/strong><\/p>\n<p>Receba as not\u00edcias do Aconteceu no Vale em primeira m\u00e3o. Clique em curtir no endere\u00e7o <a href=\"https:\/\/www.facebook.com\/aconteceunovale\" target=\"_blank\"><font color=\"red\">www.facebook.com\/aconteceunovale<\/font><\/a> ou no box abaixo:<\/p>\n<div class=\"fb-like\" data-href=\"https:\/\/www.facebook.com\/aconteceunovale\" data-width=\"120\" data-layout=\"standard\" data-action=\"like\" data-size=\"small\" data-show-faces=\"true\" data-share=\"true\"><\/div>\n<p><\/br><\/p>\n<p><em>(Fonte: TJMG)<\/em><\/p>\n","protected":false},"excerpt":{"rendered":"<p>A realiza\u00e7\u00e3o de casamentos comunit\u00e1rios tem pautado a agenda do Centro Judici\u00e1rio de Solu\u00e7\u00e3o de Conflitos e Cidadania (Cejusc) de Governador Valadares. Periodicamente, casais com tempo de conviv\u00eancia e idade variados t\u00eam tido a oportunidade de converter a uni\u00e3o est\u00e1vel em casamento civil e, assim, concretizar o sonho adiado. No \u00faltimo dia 30 de junho, [&hellip;]<\/p>\n","protected":false},"author":1,"featured_media":133374,"comment_status":"open","ping_status":"closed","sticky":false,"template":"","format":"standard","meta":{"amp_status":"","footnotes":""},"categories":[121],"tags":[176705,176704,116029,156445,176707,156448,247,37665,176706],"class_list":["post-133372","post","type-post","status-publish","format-standard","has-post-thumbnail","hentry","category-leste","tag-casados-no-cejusc-de-governador-valadares","tag-casamento-no-cejusc-de-governador-valadares","tag-cejusc","tag-cejusc-de-governador-valadares","tag-cejusc-de-valadares-realiza-casamento-comunitario","tag-cejusc-itinerante","tag-governador-valadares","tag-roberto-apolinario-de-castro","tag-vara-civel-de-governador-valadares-e-coordenador-do-cejusc"],"_links":{"self":[{"href":"https:\/\/aconteceunovale.com.br\/portal\/index.php?rest_route=\/wp\/v2\/posts\/133372","targetHints":{"allow":["GET"]}}],"collection":[{"href":"https:\/\/aconteceunovale.com.br\/portal\/index.php?rest_route=\/wp\/v2\/posts"}],"about":[{"href":"https:\/\/aconteceunovale.com.br\/portal\/index.php?rest_route=\/wp\/v2\/types\/post"}],"author":[{"embeddable":true,"href":"https:\/\/aconteceunovale.com.br\/portal\/index.php?rest_route=\/wp\/v2\/users\/1"}],"replies":[{"embeddable":true,"href":"https:\/\/aconteceunovale.com.br\/portal\/index.php?rest_route=%2Fwp%2Fv2%2Fcomments&post=133372"}],"version-history":[{"count":0,"href":"https:\/\/aconteceunovale.com.br\/portal\/index.php?rest_route=\/wp\/v2\/posts\/133372\/revisions"}],"wp:featuredmedia":[{"embeddable":true,"href":"https:\/\/aconteceunovale.com.br\/portal\/index.php?rest_route=\/wp\/v2\/media\/133374"}],"wp:attachment":[{"href":"https:\/\/aconteceunovale.com.br\/portal\/index.php?rest_route=%2Fwp%2Fv2%2Fmedia&parent=133372"}],"wp:term":[{"taxonomy":"category","embeddable":true,"href":"https:\/\/aconteceunovale.com.br\/portal\/index.php?rest_route=%2Fwp%2Fv2%2Fcategories&post=133372"},{"taxonomy":"post_tag","embeddable":true,"href":"https:\/\/aconteceunovale.com.br\/portal\/index.php?rest_route=%2Fwp%2Fv2%2Ftags&post=133372"}],"curies":[{"name":"wp","href":"https:\/\/api.w.org\/{rel}","templated":true}]}}