{"id":13330,"date":"2013-11-19T18:06:09","date_gmt":"2013-11-19T18:06:09","guid":{"rendered":"http:\/\/aconteceunovale.com.br\/portal\/?p=13330"},"modified":"2013-11-19T18:06:09","modified_gmt":"2013-11-19T18:06:09","slug":"documentario-mostra-a-descoberta-de-nova-especie-de-sapo-no-pico-do-itambe","status":"publish","type":"post","link":"https:\/\/aconteceunovale.com.br\/portal\/?p=13330","title":{"rendered":"Document\u00e1rio mostra a descoberta de nova esp\u00e9cie de sapo no Pico do Itamb\u00e9"},"content":{"rendered":"<p><iframe loading=\"lazy\" src=\"\/\/www.youtube.com\/embed\/K0zKJV_NoIU\" height=\"360\" width=\"640\" allowfullscreen=\"\" frameborder=\"0\"><\/iframe><\/p>\n<p>Document\u00e1rio produzido pelo N\u00facleo Audiovisual do Instituto Biotr\u00f3picos<br \/>\nAno de produ\u00e7\u00e3o: 2013<br \/>\nImagens e edi\u00e7\u00e3o: Michel Becheleni<br \/>\nTrilha sonora: M\u00fasicas do Espinha\u00e7o | <a href=\"http:\/\/www.musicasdoespinhaco.com.br\">www.musicasdoespinhaco.com.br<\/a><br \/>\nSerra do Espinha\u00e7o | Minas Gerais | Brasil<br \/>\n<a href=\"http:\/\/www.biotropicos.org.br\">www.biotropicos.org.br<\/a> | <a href=\"http:\/\/www.facebook.com\/biotropicos\">www.facebook.com\/biotropicos<\/a><br \/>\n\u00a9 Instituto Biotr\u00f3picos<\/p>\n","protected":false},"excerpt":{"rendered":"<p>Document\u00e1rio produzido pelo N\u00facleo Audiovisual do Instituto Biotr\u00f3picos Ano de produ\u00e7\u00e3o: 2013 Imagens e edi\u00e7\u00e3o: Michel Becheleni Trilha sonora: M\u00fasicas do Espinha\u00e7o | www.musicasdoespinhaco.com.br Serra do Espinha\u00e7o | Minas Gerais | Brasil www.biotropicos.org.br | www.facebook.com\/biotropicos \u00a9 Instituto Biotr\u00f3picos<\/p>\n","protected":false},"author":1,"featured_media":13093,"comment_status":"open","ping_status":"open","sticky":false,"template":"","format":"standard","meta":{"amp_status":"","footnotes":""},"categories":[120],"tags":[],"class_list":["post-13330","post","type-post","status-publish","format-standard","has-post-thumbnail","hentry","category-jequi"],"_links":{"self":[{"href":"https:\/\/aconteceunovale.com.br\/portal\/index.php?rest_route=\/wp\/v2\/posts\/13330","targetHints":{"allow":["GET"]}}],"collection":[{"href":"https:\/\/aconteceunovale.com.br\/portal\/index.php?rest_route=\/wp\/v2\/posts"}],"about":[{"href":"https:\/\/aconteceunovale.com.br\/portal\/index.php?rest_route=\/wp\/v2\/types\/post"}],"author":[{"embeddable":true,"href":"https:\/\/aconteceunovale.com.br\/portal\/index.php?rest_route=\/wp\/v2\/users\/1"}],"replies":[{"embeddable":true,"href":"https:\/\/aconteceunovale.com.br\/portal\/index.php?rest_route=%2Fwp%2Fv2%2Fcomments&post=13330"}],"version-history":[{"count":0,"href":"https:\/\/aconteceunovale.com.br\/portal\/index.php?rest_route=\/wp\/v2\/posts\/13330\/revisions"}],"wp:featuredmedia":[{"embeddable":true,"href":"https:\/\/aconteceunovale.com.br\/portal\/index.php?rest_route=\/wp\/v2\/media\/13093"}],"wp:attachment":[{"href":"https:\/\/aconteceunovale.com.br\/portal\/index.php?rest_route=%2Fwp%2Fv2%2Fmedia&parent=13330"}],"wp:term":[{"taxonomy":"category","embeddable":true,"href":"https:\/\/aconteceunovale.com.br\/portal\/index.php?rest_route=%2Fwp%2Fv2%2Fcategories&post=13330"},{"taxonomy":"post_tag","embeddable":true,"href":"https:\/\/aconteceunovale.com.br\/portal\/index.php?rest_route=%2Fwp%2Fv2%2Ftags&post=13330"}],"curies":[{"name":"wp","href":"https:\/\/api.w.org\/{rel}","templated":true}]}}