{"id":133225,"date":"2018-06-30T22:07:36","date_gmt":"2018-07-01T00:07:36","guid":{"rendered":"http:\/\/aconteceunovale.com.br\/portal\/?p=133225"},"modified":"2018-06-30T22:07:36","modified_gmt":"2018-07-01T00:07:36","slug":"documento-de-2018-passa-a-ser-cobrado-neste-domingo","status":"publish","type":"post","link":"https:\/\/aconteceunovale.com.br\/portal\/?p=133225","title":{"rendered":"Documento de 2018 passa a ser cobrado neste domingo"},"content":{"rendered":"<p>A partir deste domingo (1\u00ba de julho de 2018), o motorista de ve\u00edculos com finais de placa de 1 a 5 que estiver sem o documento de 2018 regularizado estar\u00e1 cometendo infra\u00e7\u00e3o grav\u00edssima.<\/p>\n<p>Se o Certificado de Registro de Licenciamento de Ve\u00edculos (CRLV) n\u00e3o estiver em dia e o carro for parado nas fiscaliza\u00e7\u00f5es, ele poder\u00e1 ser removido, e o motorista, multado em cerca de R$ 293, somando sete pontos na carteira.<\/p>\n<p>Quem tem carro com placas de final 6, 7, 8, 9 e 0 conta com prazo maior, at\u00e9 dia 1\u00ba de agosto, para regularizar a situa\u00e7\u00e3o do ve\u00edculo.<\/p>\n<p>Motoristas que j\u00e1 quitaram todas as taxas do IPVA, incluindo seguro obrigat\u00f3rio e a taxa de licenciamento, n\u00e3o possuem nenhuma multa, mas ainda n\u00e3o receberam a documenta\u00e7\u00e3o, precisam ficar atentos. O CRLV \u00e9 enviado pelos Correios, com aviso de recebimento.<\/p>\n<p>Ap\u00f3s tr\u00eas tentativas de entrega n\u00e3o realizadas, o documento \u00e9 encaminhado para a Unidade de Atendimento Integrado (UAI). Nas cidades em que n\u00e3o h\u00e1 esses postos, o CRLV fica dispon\u00edvel nas delegacias de tr\u00e2nsito.<\/p>\n<p>No caso de irregularidade cadastral, o documento n\u00e3o \u00e9 emitido, e o propriet\u00e1rio s\u00f3 \u00e9 informado se o endere\u00e7o estiver atualizado no sistema do Departamento de Tr\u00e2nsito (Detran).<\/p>\n<p>A consulta da situa\u00e7\u00e3o do ve\u00edculo pode ser feita no <a href=\"https:\/\/www.detran.mg.gov.br\" target=\"_blank\">site do Detran &#8211; www.detran.mg.gov.br<\/a>.<\/p>\n<p><strong>VER PRIMEIRO<\/strong><\/p>\n<p>Receba as not\u00edcias do Aconteceu no Vale em primeira m\u00e3o. Clique em curtir no endere\u00e7o <a href=\"https:\/\/www.facebook.com\/aconteceunovale\" target=\"_blank\"><font color=\"red\">www.facebook.com\/aconteceunovale<\/font><\/a> ou no box abaixo:<\/p>\n<div class=\"fb-like\" data-href=\"https:\/\/www.facebook.com\/aconteceunovale\" data-width=\"120\" data-layout=\"standard\" data-action=\"like\" data-size=\"small\" data-show-faces=\"true\" data-share=\"true\"><\/div>\n<p><\/br><\/p>\n<p><em>(Fonte: G1 Minas)<\/em><\/p>\n","protected":false},"excerpt":{"rendered":"<p>A partir deste domingo (1\u00ba de julho de 2018), o motorista de ve\u00edculos com finais de placa de 1 a 5 que estiver sem o documento de 2018 regularizado estar\u00e1 cometendo infra\u00e7\u00e3o grav\u00edssima. Se o Certificado de Registro de Licenciamento de Ve\u00edculos (CRLV) n\u00e3o estiver em dia e o carro for parado nas fiscaliza\u00e7\u00f5es, ele [&hellip;]<\/p>\n","protected":false},"author":1,"featured_media":133226,"comment_status":"open","ping_status":"closed","sticky":false,"template":"","format":"standard","meta":{"amp_status":"","footnotes":""},"categories":[123],"tags":[176439,176438,176440,50080,175740,1018,176437,176436],"class_list":["post-133225","post","type-post","status-publish","format-standard","has-post-thumbnail","hentry","category-gerais","tag-cobranca-crlv-2018","tag-cobranca-documento-de-2018-veiculos","tag-cobranca-licenciamento-2018","tag-crlv","tag-crlv-2018","tag-destaque","tag-documento-de-2018","tag-documento-de-2018-passa-a-ser-cobrado-neste-domingo"],"_links":{"self":[{"href":"https:\/\/aconteceunovale.com.br\/portal\/index.php?rest_route=\/wp\/v2\/posts\/133225","targetHints":{"allow":["GET"]}}],"collection":[{"href":"https:\/\/aconteceunovale.com.br\/portal\/index.php?rest_route=\/wp\/v2\/posts"}],"about":[{"href":"https:\/\/aconteceunovale.com.br\/portal\/index.php?rest_route=\/wp\/v2\/types\/post"}],"author":[{"embeddable":true,"href":"https:\/\/aconteceunovale.com.br\/portal\/index.php?rest_route=\/wp\/v2\/users\/1"}],"replies":[{"embeddable":true,"href":"https:\/\/aconteceunovale.com.br\/portal\/index.php?rest_route=%2Fwp%2Fv2%2Fcomments&post=133225"}],"version-history":[{"count":0,"href":"https:\/\/aconteceunovale.com.br\/portal\/index.php?rest_route=\/wp\/v2\/posts\/133225\/revisions"}],"wp:featuredmedia":[{"embeddable":true,"href":"https:\/\/aconteceunovale.com.br\/portal\/index.php?rest_route=\/wp\/v2\/media\/133226"}],"wp:attachment":[{"href":"https:\/\/aconteceunovale.com.br\/portal\/index.php?rest_route=%2Fwp%2Fv2%2Fmedia&parent=133225"}],"wp:term":[{"taxonomy":"category","embeddable":true,"href":"https:\/\/aconteceunovale.com.br\/portal\/index.php?rest_route=%2Fwp%2Fv2%2Fcategories&post=133225"},{"taxonomy":"post_tag","embeddable":true,"href":"https:\/\/aconteceunovale.com.br\/portal\/index.php?rest_route=%2Fwp%2Fv2%2Ftags&post=133225"}],"curies":[{"name":"wp","href":"https:\/\/api.w.org\/{rel}","templated":true}]}}