{"id":133216,"date":"2018-06-30T12:41:17","date_gmt":"2018-06-30T14:41:17","guid":{"rendered":"http:\/\/aconteceunovale.com.br\/portal\/?p=133216"},"modified":"2018-06-30T12:41:17","modified_gmt":"2018-06-30T14:41:17","slug":"quatro-pessoas-morrem-em-dois-acidentes-na-br-381","status":"publish","type":"post","link":"https:\/\/aconteceunovale.com.br\/portal\/?p=133216","title":{"rendered":"Quatro pessoas morrem em dois acidentes na BR-381"},"content":{"rendered":"<p>Duas pessoas morreram em um grave acidente na madrugada deste s\u00e1bado (30\/06\/2018) na BR-381, em Nova Era, na regi\u00e3o Central de Minas. A colis\u00e3o entre um Ford EcoSport e um \u00f4nibus da empresa Via\u00e7\u00e3o Nacional aconteceu por volta das 5h.<\/p>\n<p>Segundo informa\u00e7\u00f5es da Pol\u00edcia Rodovi\u00e1ria Federal (PRF), com o impacto da batida, o carro ficou destru\u00eddo e a pista foi fechada para remo\u00e7\u00e3o dos corpos, que ficaram presos \u00e0s ferragens. Ainda n\u00e3o h\u00e1 informa\u00e7\u00f5es sobre feridos.<\/p>\n<p><img decoding=\"async\" src=\"http:\/\/aconteceunovale.com.br\/portal\/wp-content\/uploads\/2018\/06\/acidente_nacional_1.jpg\" alt=\"\" \/><em>Dois ocupantes do carro morreram no local (Foto: Reprodu\u00e7\u00e3o\/WhatsApp)<\/em><br \/>\n<\/br><\/p>\n<p><img decoding=\"async\" src=\"http:\/\/aconteceunovale.com.br\/portal\/wp-content\/uploads\/2018\/06\/acidente_nacional_2.jpg\" alt=\"\" \/><em>Acidente entre carro e \u00f4nibus aconteceu na BR-381 (Foto: Reprodu\u00e7\u00e3o\/WhatsApp)<\/em><br \/>\n<\/br><\/p>\n<p><strong><\/p>\n<h4>Outro acidente na BR-381<\/h4>\n<p><\/strong><\/p>\n<p>Outras duas pessoas morreram em um acidente na madrugada deste s\u00e1bado na BR-381, em Tr\u00eas Cora\u00e7\u00f5es, no Sul de Minas. Segundo a PRF, o motorista de um Renault Logan bateu com viol\u00eancia na mureta central de concreto que divide o fluxo da rodovia, deixando o ve\u00edculo destru\u00eddo. <\/p>\n<p>A batida ocorreu na altura do km 743,5, sentido Belo Horizonte, por volta das 4h45 da madrugada. Al\u00e9m do motorista, de 24 anos, um passageiro, de 49, tamb\u00e9m morreu no local.<\/p>\n<p><img decoding=\"async\" src=\"http:\/\/aconteceunovale.com.br\/portal\/wp-content\/uploads\/2018\/06\/acidente_381.jpeg\" alt=\"\" \/><em>Batida ocorreu no sentido Belo Horizonte da rodovia (Foto: PRF\/Divulga\u00e7\u00e3o)<\/em><br \/>\n<\/br><\/p>\n<p><strong>VER PRIMEIRO<\/strong><\/p>\n<p>Receba as not\u00edcias do Aconteceu no Vale em primeira m\u00e3o. Clique em curtir no endere\u00e7o <a href=\"https:\/\/www.facebook.com\/aconteceunovale\" target=\"_blank\"><font color=\"red\">www.facebook.com\/aconteceunovale<\/font><\/a> ou no box abaixo:<\/p>\n<div class=\"fb-like\" data-href=\"https:\/\/www.facebook.com\/aconteceunovale\" data-width=\"120\" data-layout=\"standard\" data-action=\"like\" data-size=\"small\" data-show-faces=\"true\" data-share=\"true\"><\/div>\n<p><\/br><\/p>\n","protected":false},"excerpt":{"rendered":"<p>Duas pessoas morreram em um grave acidente na madrugada deste s\u00e1bado (30\/06\/2018) na BR-381, em Nova Era, na regi\u00e3o Central de Minas. A colis\u00e3o entre um Ford EcoSport e um \u00f4nibus da empresa Via\u00e7\u00e3o Nacional aconteceu por volta das 5h. Segundo informa\u00e7\u00f5es da Pol\u00edcia Rodovi\u00e1ria Federal (PRF), com o impacto da batida, o carro ficou [&hellip;]<\/p>\n","protected":false},"author":1,"featured_media":133218,"comment_status":"open","ping_status":"closed","sticky":false,"template":"","format":"standard","meta":{"amp_status":"","footnotes":""},"categories":[123],"tags":[176432,20919,176430,31274,8237,176431,176429,176428,1397,176427,1507],"class_list":["post-133216","post","type-post","status-publish","format-standard","has-post-thumbnail","hentry","category-gerais","tag-acidente-com-carro-em-tres-coracoes","tag-acidente-em-nova-era","tag-acidente-em-tres-coracoes","tag-acidente-na-br-381-em-nova-era","tag-acidente-na-br-381","tag-acidente-na-br-381-em-tres-coracoes","tag-acidente-onibus-da-viacao-nacional-em-nova-era","tag-acidente-onibus-da-viacao-nacional-na-br-381","tag-br-381","tag-quatro-pessoas-morrem-em-dois-acidentes-na-br-381","tag-tres-coracoes"],"_links":{"self":[{"href":"https:\/\/aconteceunovale.com.br\/portal\/index.php?rest_route=\/wp\/v2\/posts\/133216","targetHints":{"allow":["GET"]}}],"collection":[{"href":"https:\/\/aconteceunovale.com.br\/portal\/index.php?rest_route=\/wp\/v2\/posts"}],"about":[{"href":"https:\/\/aconteceunovale.com.br\/portal\/index.php?rest_route=\/wp\/v2\/types\/post"}],"author":[{"embeddable":true,"href":"https:\/\/aconteceunovale.com.br\/portal\/index.php?rest_route=\/wp\/v2\/users\/1"}],"replies":[{"embeddable":true,"href":"https:\/\/aconteceunovale.com.br\/portal\/index.php?rest_route=%2Fwp%2Fv2%2Fcomments&post=133216"}],"version-history":[{"count":0,"href":"https:\/\/aconteceunovale.com.br\/portal\/index.php?rest_route=\/wp\/v2\/posts\/133216\/revisions"}],"wp:featuredmedia":[{"embeddable":true,"href":"https:\/\/aconteceunovale.com.br\/portal\/index.php?rest_route=\/wp\/v2\/media\/133218"}],"wp:attachment":[{"href":"https:\/\/aconteceunovale.com.br\/portal\/index.php?rest_route=%2Fwp%2Fv2%2Fmedia&parent=133216"}],"wp:term":[{"taxonomy":"category","embeddable":true,"href":"https:\/\/aconteceunovale.com.br\/portal\/index.php?rest_route=%2Fwp%2Fv2%2Fcategories&post=133216"},{"taxonomy":"post_tag","embeddable":true,"href":"https:\/\/aconteceunovale.com.br\/portal\/index.php?rest_route=%2Fwp%2Fv2%2Ftags&post=133216"}],"curies":[{"name":"wp","href":"https:\/\/api.w.org\/{rel}","templated":true}]}}