{"id":133208,"date":"2018-06-30T00:18:28","date_gmt":"2018-06-30T02:18:28","guid":{"rendered":"http:\/\/aconteceunovale.com.br\/portal\/?p=133208"},"modified":"2018-06-30T00:23:09","modified_gmt":"2018-06-30T02:23:09","slug":"conta-de-agua-da-copasa-vai-ficar-mais-cara-em-agosto","status":"publish","type":"post","link":"https:\/\/aconteceunovale.com.br\/portal\/?p=133208","title":{"rendered":"Conta de \u00e1gua da Copasa vai ficar mais cara em agosto"},"content":{"rendered":"<p>A partir de 1\u00ba de agosto de 2018, as faturas de \u00e1gua e esgoto da\u00a0Companhia de Saneamento de Minas Gerais (Copasa)\u00a0ter\u00e3o um reajuste m\u00e9dio de 4,31%. O \u00edndice foi autorizado pela\u00a0Ag\u00eancia Reguladora de Servi\u00e7os de Abastecimento de \u00c1gua e de Esgotamento Sanit\u00e1rio do Estado de Minas Gerais (Arsae-MG)\u00a0e ser\u00e1 publicado na edi\u00e7\u00e3o deste s\u00e1bado (30\/6) do\u00a0Di\u00e1rio Oficial. A nota t\u00e9cnica que detalha o c\u00e1lculo est\u00e1 dispon\u00edvel no site\u00a0<span style=\"color: #ff0000;\"><a href=\"http:\/\/www.arsae.mg.gov.br\/component\/gmg\/page\/392?view=page\" target=\"_blank\"><span style=\"color: #ff0000;\">www.arsae.mg.gov.br<\/span><\/a><\/span>.<\/p>\n<p>Seguindo as defini\u00e7\u00f5es da Revis\u00e3o realizada em 2017, que trouxe mudan\u00e7as na estrutura tarif\u00e1ria, a conta aumenta em cada faixa de consumo conforme a \u00e1gua \u00e9 utilizada em cada categoria (residencial, comercial, industrial ou p\u00fablica). Tamb\u00e9m foram alterados os impactos das tarifas de esgoto coletado e de esgoto tratado, o primeiro passa a representar 37,5% em rela\u00e7\u00e3o ao valor da \u00e1gua e o segundo 95%.<\/p>\n<p>Com isso, usu\u00e1rios residenciais com \u00e1gua, coleta e tratamento de esgoto e que consomem 10 m\u00b3 (10 mil litros) mensais, deixam de pagar contas de R$ 68,41 e passam a pagar R$ 72,93, um aumento de R$ 4,52. J\u00e1 os moradores com o mesmo perfil de consumo, mas cadastrados na Tarifa Social, que pagavam R$ 32,71, ter\u00e3o fatura mensal de R$ 34,95, o que representa 52% a menos do que os usu\u00e1rios que pagam a tarifa residencial normal.<\/p>\n<p>De acordo com a Arsae-MG, os valores levam em considera\u00e7\u00e3o a capacidade de pagamento dos usu\u00e1rios da Copasa, mantendo o patamar de comprometimento da renda abaixo de 3% que \u00e9 o padr\u00e3o sugerido pela ONU (Organiza\u00e7\u00e3o das Na\u00e7\u00f5es Unidas), al\u00e9m de estimular o consumo consciente dos recursos h\u00eddricos.<\/p>\n<p>A Ag\u00eancia definiu que os benefici\u00e1rios da Tarifa Social, ou seja, os consumidores residenciais, inscritos no Cad\u00danico (Cadastro \u00danico para Programas Sociais do Governo Federal) e com renda per capita mensal familiar menor ou igual a meio sal\u00e1rio m\u00ednimo, n\u00e3o perdem mais o benef\u00edcio por inadimpl\u00eancia.<\/p>\n<p><strong>Perfil de consumo<\/strong><\/p>\n<p>O consumo m\u00e9dio de \u00e1gua por resid\u00eancia \u00e9 de 9,47 m3 e quase 85% das economias est\u00e3o nas categorias Social e Residencial, consumindo at\u00e9 20 m3 (20 mil litros), correspondendo a cerca de 70% do faturamento da Copasa.<\/p>\n<p><strong>VER PRIMEIRO<\/strong><\/p>\n<p>Receba as not\u00edcias do Aconteceu no Vale em primeira m\u00e3o. Clique em curtir no endere\u00e7o <a href=\"https:\/\/www.facebook.com\/aconteceunovale\" target=\"_blank\"><font color=\"red\">www.facebook.com\/aconteceunovale<\/font><\/a> ou no box abaixo:<\/p>\n<div class=\"fb-like\" data-href=\"https:\/\/www.facebook.com\/aconteceunovale\" data-width=\"120\" data-layout=\"standard\" data-action=\"like\" data-size=\"small\" data-show-faces=\"true\" data-share=\"true\"><\/div>\n<p><\/br><\/p>\n<p><em>(Fonte: Ag\u00eancia Minas)<\/em><\/p>\n","protected":false},"excerpt":{"rendered":"<p>A partir de 1\u00ba de agosto de 2018, as faturas de \u00e1gua e esgoto da\u00a0Companhia de Saneamento de Minas Gerais (Copasa)\u00a0ter\u00e3o um reajuste m\u00e9dio de 4,31%. O \u00edndice foi autorizado pela\u00a0Ag\u00eancia Reguladora de Servi\u00e7os de Abastecimento de \u00c1gua e de Esgotamento Sanit\u00e1rio do Estado de Minas Gerais (Arsae-MG)\u00a0e ser\u00e1 publicado na edi\u00e7\u00e3o deste s\u00e1bado (30\/6) [&hellip;]<\/p>\n","protected":false},"author":1,"featured_media":118444,"comment_status":"open","ping_status":"closed","sticky":false,"template":"","format":"standard","meta":{"amp_status":"","footnotes":""},"categories":[123],"tags":[36844,88611,176415,176416,27758,176419,179,176418,88612,176417],"class_list":["post-133208","post","type-post","status-publish","format-standard","has-post-thumbnail","hentry","category-gerais","tag-arsae-mg","tag-aumento-conta-copasa","tag-aumento-copasa","tag-aumento-tarifa-copasa","tag-companhia-de-saneamento-de-minas-gerais","tag-conta-de-agua-da-copasa-vai-ficar-mais-cara-em-agosto","tag-copasa","tag-copasa-reajustara-conta-de-agua-em-4-3","tag-reajuste-conta-copasa","tag-reajuste-tarifa-copasa"],"_links":{"self":[{"href":"https:\/\/aconteceunovale.com.br\/portal\/index.php?rest_route=\/wp\/v2\/posts\/133208","targetHints":{"allow":["GET"]}}],"collection":[{"href":"https:\/\/aconteceunovale.com.br\/portal\/index.php?rest_route=\/wp\/v2\/posts"}],"about":[{"href":"https:\/\/aconteceunovale.com.br\/portal\/index.php?rest_route=\/wp\/v2\/types\/post"}],"author":[{"embeddable":true,"href":"https:\/\/aconteceunovale.com.br\/portal\/index.php?rest_route=\/wp\/v2\/users\/1"}],"replies":[{"embeddable":true,"href":"https:\/\/aconteceunovale.com.br\/portal\/index.php?rest_route=%2Fwp%2Fv2%2Fcomments&post=133208"}],"version-history":[{"count":0,"href":"https:\/\/aconteceunovale.com.br\/portal\/index.php?rest_route=\/wp\/v2\/posts\/133208\/revisions"}],"wp:featuredmedia":[{"embeddable":true,"href":"https:\/\/aconteceunovale.com.br\/portal\/index.php?rest_route=\/wp\/v2\/media\/118444"}],"wp:attachment":[{"href":"https:\/\/aconteceunovale.com.br\/portal\/index.php?rest_route=%2Fwp%2Fv2%2Fmedia&parent=133208"}],"wp:term":[{"taxonomy":"category","embeddable":true,"href":"https:\/\/aconteceunovale.com.br\/portal\/index.php?rest_route=%2Fwp%2Fv2%2Fcategories&post=133208"},{"taxonomy":"post_tag","embeddable":true,"href":"https:\/\/aconteceunovale.com.br\/portal\/index.php?rest_route=%2Fwp%2Fv2%2Ftags&post=133208"}],"curies":[{"name":"wp","href":"https:\/\/api.w.org\/{rel}","templated":true}]}}