{"id":133204,"date":"2018-06-29T23:55:26","date_gmt":"2018-06-30T01:55:26","guid":{"rendered":"http:\/\/aconteceunovale.com.br\/portal\/?p=133204"},"modified":"2018-06-29T23:55:26","modified_gmt":"2018-06-30T01:55:26","slug":"acidente-entre-carro-e-onibus-deixa-dois-mortos-em-aracuai-no-vale-do-jequitinhonha","status":"publish","type":"post","link":"https:\/\/aconteceunovale.com.br\/portal\/?p=133204","title":{"rendered":"Acidente entre carro e \u00f4nibus deixa dois mortos em Ara\u00e7ua\u00ed, no Vale do Jequitinhonha"},"content":{"rendered":"<p>Um homem de 38 anos e uma idosa, de 80, residentes na Comunidade do C\u00f3rrego da Velha, zona rural de Ara\u00e7ua\u00ed, morreram em um grave acidente ocorrido por volta das 23h30 de quinta-feira (28\/06\/2018) na LMG-676, que liga as cidades de Ara\u00e7ua\u00ed e Francisco Badar\u00f3, no Vale do Jequitinhonha.<\/p>\n<p>Segundo a Pol\u00edcia Rodovi\u00e1ria, as v\u00edtimas estavam em um carro de passeio, conduzido por um homem inabilitado. O ve\u00edculo colidiu contra um \u00f4nibus escolar da Prefeitura de Jenipapo de Minas, que transportava 23 estudantes de tr\u00eas institui\u00e7\u00f5es de ensino da cidade de Ara\u00e7ua\u00ed. Com a colis\u00e3o, o motorista do Fiat Uno perdeu o controle da dire\u00e7\u00e3o e saiu da pista. O impacto da batida foi muito forte, mas n\u00e3o o carro n\u00e3o chegou a capotar.<\/p>\n<p>O motorista do Fiat Uno e a passageira de 80 anos ficaram presos \u00e0s ferragens e morreram no local. Os outros dois ocupantes do carro, um adolescente de 16 anos, filho do condutor, e um outro homem, filho da idosa, foram socorridos pelo SAMU ao hospital de Ara\u00e7ua\u00ed. O motorista do \u00f4nibus e os estudantes nada sofreram.<\/p>\n<p>De acordo com a PM, o condutor do Fiat Uno seguia para Ara\u00e7ua\u00ed, levando a idosa para ser atendida no hospital S\u00e3o Vicente, com suspeita de intoxica\u00e7\u00e3o.<\/p>\n<p><img decoding=\"async\" src=\"http:\/\/aconteceunovale.com.br\/portal\/wp-content\/uploads\/2018\/06\/acidente_aracuai_1.jpg\" alt=\"\" \/><em>Carro colidiu contra \u00f4nibus na LMG-676 (Foto: Reprodu\u00e7\u00e3o\/WhatsApp)<\/em><br \/>\n<\/br><\/p>\n<p><strong><\/p>\n<h4>Na contram\u00e3o<\/h4>\n<p><\/strong><\/p>\n<p>O motorista do \u00f4nibus contou que seguia normalmente pela rodovia, rumo \u00e0 cidade de Jenipapo de Minas, quando o Fiat Uno entrou na contram\u00e3o ap\u00f3s uma curva. Ele disse que n\u00e3o foi poss\u00edvel evitar a colis\u00e3o.<\/p>\n<p>A per\u00edcia t\u00e9cnica da Pol\u00edcia Civil esteve no local e dever\u00e1 divulgar as causas do acidente em cerca de 30 dias. A Pol\u00edcia Rodovi\u00e1ria registrou a ocorr\u00eancia, que foi encerrada por volta das 5 horas da manh\u00e3 desta sexta-feira (29).<\/p>\n<p><img decoding=\"async\" src=\"http:\/\/aconteceunovale.com.br\/portal\/wp-content\/uploads\/2018\/06\/acidente_aracuai_2.jpg\" alt=\"\" \/><em>Carro colidiu contra \u00f4nibus na LMG-676 (Foto: Reprodu\u00e7\u00e3o\/WhatsApp)<\/em><br \/>\n<\/br><\/p>\n<p><strong>VER PRIMEIRO<\/strong><\/p>\n<p>Receba as not\u00edcias do Aconteceu no Vale em primeira m\u00e3o. Clique em curtir no endere\u00e7o <a href=\"https:\/\/www.facebook.com\/aconteceunovale\" target=\"_blank\"><font color=\"red\">www.facebook.com\/aconteceunovale<\/font><\/a> ou no box abaixo:<\/p>\n<div class=\"fb-like\" data-href=\"https:\/\/www.facebook.com\/aconteceunovale\" data-width=\"120\" data-layout=\"standard\" data-action=\"like\" data-size=\"small\" data-show-faces=\"true\" data-share=\"true\"><\/div>\n<p><\/br><\/p>\n<p><em>(Fonte: Gazeta de Ara\u00e7ua\u00ed)<\/em><\/p>\n","protected":false},"excerpt":{"rendered":"<p>Um homem de 38 anos e uma idosa, de 80, residentes na Comunidade do C\u00f3rrego da Velha, zona rural de Ara\u00e7ua\u00ed, morreram em um grave acidente ocorrido por volta das 23h30 de quinta-feira (28\/06\/2018) na LMG-676, que liga as cidades de Ara\u00e7ua\u00ed e Francisco Badar\u00f3, no Vale do Jequitinhonha. Segundo a Pol\u00edcia Rodovi\u00e1ria, as v\u00edtimas [&hellip;]<\/p>\n","protected":false},"author":1,"featured_media":133205,"comment_status":"open","ping_status":"closed","sticky":false,"template":"","format":"standard","meta":{"amp_status":"","footnotes":""},"categories":[120],"tags":[21459,176410,176413,176414,176408,176412,186,176409,1018,187,1218,541,176411],"class_list":["post-133204","post","type-post","status-publish","format-standard","has-post-thumbnail","hentry","category-jequi","tag-acidente-em-aracuai","tag-acidente-entre-aracuai-e-francisco-badaro","tag-acidente-entre-carro-e-onibus-deixa-dois-mortos-em-aracuai","tag-acidente-entre-carro-e-onibus-deixa-dois-mortos-em-aracuai-no-vale-do-jequitinhonha","tag-acidente-entre-carro-e-onibus-em-aracuai","tag-acidente-onibus-prefeitura-de-jenipapo-de-minas","tag-aracuai","tag-colisao-entre-carro-e-onibus-em-aracuai","tag-destaque","tag-francisco-badaro","tag-jenipapo-de-minas","tag-no-vale-do-jequitinhonha","tag-prefeitura-de-jenipapo-de-minas"],"_links":{"self":[{"href":"https:\/\/aconteceunovale.com.br\/portal\/index.php?rest_route=\/wp\/v2\/posts\/133204","targetHints":{"allow":["GET"]}}],"collection":[{"href":"https:\/\/aconteceunovale.com.br\/portal\/index.php?rest_route=\/wp\/v2\/posts"}],"about":[{"href":"https:\/\/aconteceunovale.com.br\/portal\/index.php?rest_route=\/wp\/v2\/types\/post"}],"author":[{"embeddable":true,"href":"https:\/\/aconteceunovale.com.br\/portal\/index.php?rest_route=\/wp\/v2\/users\/1"}],"replies":[{"embeddable":true,"href":"https:\/\/aconteceunovale.com.br\/portal\/index.php?rest_route=%2Fwp%2Fv2%2Fcomments&post=133204"}],"version-history":[{"count":0,"href":"https:\/\/aconteceunovale.com.br\/portal\/index.php?rest_route=\/wp\/v2\/posts\/133204\/revisions"}],"wp:featuredmedia":[{"embeddable":true,"href":"https:\/\/aconteceunovale.com.br\/portal\/index.php?rest_route=\/wp\/v2\/media\/133205"}],"wp:attachment":[{"href":"https:\/\/aconteceunovale.com.br\/portal\/index.php?rest_route=%2Fwp%2Fv2%2Fmedia&parent=133204"}],"wp:term":[{"taxonomy":"category","embeddable":true,"href":"https:\/\/aconteceunovale.com.br\/portal\/index.php?rest_route=%2Fwp%2Fv2%2Fcategories&post=133204"},{"taxonomy":"post_tag","embeddable":true,"href":"https:\/\/aconteceunovale.com.br\/portal\/index.php?rest_route=%2Fwp%2Fv2%2Ftags&post=133204"}],"curies":[{"name":"wp","href":"https:\/\/api.w.org\/{rel}","templated":true}]}}