{"id":133055,"date":"2018-06-26T00:41:16","date_gmt":"2018-06-26T02:41:16","guid":{"rendered":"http:\/\/aconteceunovale.com.br\/portal\/?p=133055"},"modified":"2018-06-26T00:41:16","modified_gmt":"2018-06-26T02:41:16","slug":"pagamento-dos-servidores-publicos-estaduais-de-minas-gerais-e-adiado-mais-uma-vez","status":"publish","type":"post","link":"https:\/\/aconteceunovale.com.br\/portal\/?p=133055","title":{"rendered":"Pagamento dos servidores p\u00fablicos estaduais de Minas Gerais \u00e9 adiado mais uma vez"},"content":{"rendered":"<p>Funcion\u00e1rios p\u00fablicos estaduais de Minas Gerais que ganham mais de R$ 3 mil deveriam ter recebido a segunda parcela do sal\u00e1rio referente ao m\u00eas de maio nesta segunda-feira (25), mas a data foi adiada mais uma vez. Os inativos, que deveriam ter recebido R$ 1 mil no dia 19 de junho, valor referente a parte da primeira parcela, receberam R$ 500.<\/p>\n<p>Segundo a Secretaria de Estado da Fazenda (SEF), a primeira e a segunda parcelas dos sal\u00e1rios de todos os servidores do Executivo Estadual, tanto de ativos quanto de inativos, ser\u00e3o depositados nesta ter\u00e7a-feira (26).<\/p>\n<p>A terceira parcela est\u00e1 prevista para esta sexta-feira (29).<\/p>\n<p>A secretaria disse ainda que apesar das dificuldades financeiras enfrentadas, o governo n\u00e3o tem medido esfor\u00e7os no sentido de priorizar que os dep\u00f3sitos dos sal\u00e1rios dos servidores sejam feitos assim que poss\u00edvel.<\/p>\n<p>Desde fevereiro de 2016, o governo de Minas Gerais tem pagado o funcionalismo de forma escalonada, em tr\u00eas parcelas, sendo cada uma no valor de at\u00e9 R$ 3 mil.<\/p>\n<p><strong>VER PRIMEIRO<\/strong><\/p>\n<p>Receba as not\u00edcias do Aconteceu no Vale em primeira m\u00e3o. Clique em curtir no endere\u00e7o <a href=\"https:\/\/www.facebook.com\/aconteceunovale\" target=\"_blank\"><font color=\"red\">www.facebook.com\/aconteceunovale<\/font><\/a> ou no box abaixo:<\/p>\n<div class=\"fb-like\" data-href=\"https:\/\/www.facebook.com\/aconteceunovale\" data-width=\"120\" data-layout=\"standard\" data-action=\"like\" data-size=\"small\" data-show-faces=\"true\" data-share=\"true\"><\/div>\n<p><\/br><\/p>\n<p><em>(Fonte: G1 Minas)<\/em><\/p>\n","protected":false},"excerpt":{"rendered":"<p>Funcion\u00e1rios p\u00fablicos estaduais de Minas Gerais que ganham mais de R$ 3 mil deveriam ter recebido a segunda parcela do sal\u00e1rio referente ao m\u00eas de maio nesta segunda-feira (25), mas a data foi adiada mais uma vez. Os inativos, que deveriam ter recebido R$ 1 mil no dia 19 de junho, valor referente a parte [&hellip;]<\/p>\n","protected":false},"author":1,"featured_media":124580,"comment_status":"open","ping_status":"closed","sticky":false,"template":"","format":"standard","meta":{"amp_status":"","footnotes":""},"categories":[123],"tags":[176204,164797,73766,176202,6546,176206,176203,176205],"class_list":["post-133055","post","type-post","status-publish","format-standard","has-post-thumbnail","hentry","category-gerais","tag-atraso-salario-funcionarios-publicos-estaduais-de-minas-gerais","tag-crise-financeira-governo-de-minas","tag-crise-governo-de-minas","tag-funcionarios-publicos-estaduais-de-minas-gerais","tag-governo-de-minas","tag-pagamento-dos-servidores-publicos-estaduais-de-minas-gerais-e-adiado-mais-uma-vez","tag-pagamento-funcionarios-publicos-estaduais-de-minas-gerais","tag-pagamento-salario-funcionarios-publicos-estaduais-de-minas-gerais"],"_links":{"self":[{"href":"https:\/\/aconteceunovale.com.br\/portal\/index.php?rest_route=\/wp\/v2\/posts\/133055","targetHints":{"allow":["GET"]}}],"collection":[{"href":"https:\/\/aconteceunovale.com.br\/portal\/index.php?rest_route=\/wp\/v2\/posts"}],"about":[{"href":"https:\/\/aconteceunovale.com.br\/portal\/index.php?rest_route=\/wp\/v2\/types\/post"}],"author":[{"embeddable":true,"href":"https:\/\/aconteceunovale.com.br\/portal\/index.php?rest_route=\/wp\/v2\/users\/1"}],"replies":[{"embeddable":true,"href":"https:\/\/aconteceunovale.com.br\/portal\/index.php?rest_route=%2Fwp%2Fv2%2Fcomments&post=133055"}],"version-history":[{"count":0,"href":"https:\/\/aconteceunovale.com.br\/portal\/index.php?rest_route=\/wp\/v2\/posts\/133055\/revisions"}],"wp:featuredmedia":[{"embeddable":true,"href":"https:\/\/aconteceunovale.com.br\/portal\/index.php?rest_route=\/wp\/v2\/media\/124580"}],"wp:attachment":[{"href":"https:\/\/aconteceunovale.com.br\/portal\/index.php?rest_route=%2Fwp%2Fv2%2Fmedia&parent=133055"}],"wp:term":[{"taxonomy":"category","embeddable":true,"href":"https:\/\/aconteceunovale.com.br\/portal\/index.php?rest_route=%2Fwp%2Fv2%2Fcategories&post=133055"},{"taxonomy":"post_tag","embeddable":true,"href":"https:\/\/aconteceunovale.com.br\/portal\/index.php?rest_route=%2Fwp%2Fv2%2Ftags&post=133055"}],"curies":[{"name":"wp","href":"https:\/\/api.w.org\/{rel}","templated":true}]}}