{"id":133049,"date":"2018-06-25T23:51:04","date_gmt":"2018-06-26T01:51:04","guid":{"rendered":"http:\/\/aconteceunovale.com.br\/portal\/?p=133049"},"modified":"2018-06-25T23:51:04","modified_gmt":"2018-06-26T01:51:04","slug":"acidentes-deixam-quatro-mortos-e-oito-feridos-no-norte-de-minas","status":"publish","type":"post","link":"https:\/\/aconteceunovale.com.br\/portal\/?p=133049","title":{"rendered":"Acidentes deixam quatro mortos e oito feridos no Norte de Minas"},"content":{"rendered":"<p>Uma pessoa morreu e outras duas ficaram feridas em um acidente na manh\u00e3 desta segunda-feira (25\/06\/2018) na MGC-135, pr\u00f3ximo ao Distrito de Nova Esperan\u00e7a, munic\u00edpio de Montes Claros (MG). Segundo relatos de testemunhas, a v\u00edtima fatal conduzia um carro de passeio e bateu em um caminh\u00e3o ao tentar fazer uma ultrapassagem na altura do quil\u00f4metro 335.<\/p>\n<p>De acordo com os bombeiros, o condutor do autom\u00f3vel seguia no sentido Mirabela\/Montes Claros e tentou ultrapassar uma caminhonete. Durante a manobra, o ve\u00edculo colidiu contra o caminh\u00e3o, que seguia na dire\u00e7\u00e3o contr\u00e1ria. <\/p>\n<p>O carro ainda rodou na pista e atingiu a caminhonete. Com o impacto, o condutor ficou preso \u00e0s ferragens e veio a \u00f3bito ainda no local. O Corpo de Bombeiros foi acionado para desencarcerar a v\u00edtima. <\/p>\n<p>O caminh\u00e3o estava carregado de ferramentas e materiais para constru\u00e7\u00e3o civil. O caminhoneiro tamb\u00e9m ficou preso \u00e0s ferragens e foi retirado pelos bombeiros. Um passageiro do ve\u00edculo de carga, de 48 anos, tamb\u00e9m ficou ferido. As v\u00edtimas foram encaminhadas a hospitais de Montes Claros pelo Samu. Duas mulheres viajavam na caminhonete e n\u00e3o ficaram feridas.<\/p>\n<p><img decoding=\"async\" src=\"http:\/\/aconteceunovale.com.br\/portal\/wp-content\/uploads\/2018\/06\/acidente_moc_1.jpg\" alt=\"\" \/><em>Condutor do carro morreu no local (Foto: Reprodu\u00e7\u00e3o\/WhatsApp)<\/em><br \/>\n<\/br><\/p>\n<p><img decoding=\"async\" src=\"http:\/\/aconteceunovale.com.br\/portal\/wp-content\/uploads\/2018\/06\/acidente_moc_2.jpg\" alt=\"\" \/><em>Motorista do caminh\u00e3o ficou preso \u00e0s ferragens (Foto: Reprodu\u00e7\u00e3o\/WhatsApp)<\/em><br \/>\n<\/br><\/p>\n<h3>Colis\u00e3o entre motos em Mirabela<\/h3>\n<p>Um motociclista de 23 anos morreu e outro, de 41, ficou ferido em um acidente na noite desse domingo (24) em Mirabela. Segundo a Pol\u00edcia Militar, a v\u00edtima de 41 anos seguia pela Avenida Valdemar Rabelo da Silva quando tentou realizar uma convers\u00e3o \u00e0 esquerda e foi atingido pela outra motocicleta, que seguia no sentido contr\u00e1rio.<\/p>\n<p>Com o impacto, os dois pilotos ca\u00edram dos ve\u00edculos. O Samu foi acionado, mas quando chegou ao local encontrou o motociclista de 23 anos em parada cardiorrespirat\u00f3ria. Os socorristas tentaram reanim\u00e1-lo, mas ele n\u00e3o resistiu. O outro homem teve fratura no bra\u00e7o direito e foi encaminhado ao hospital de Bras\u00edlia de Minas.<\/p>\n<h3>Acidente na zona rural de Montes Claros<\/h3>\n<p>Um motociclista de 46 anos tamb\u00e9m morreu em um acidente nesse domingo (24) na comunidade de Pedras Preta, munic\u00edpio Montes Claros. De acordo com a Pol\u00edcia Militar, a v\u00edtima bateu de frente com um carro.<\/p>\n<p>O condutor do autom\u00f3vel se apresentou no pelot\u00e3o da PM e afirmou que n\u00e3o conseguiu evitar a batida. O Samu foi ao local e encontrou a v\u00edtima ca\u00edda com diversas fraturas na perna esquerda. O homem morreu antes de dar entrada no hospital.<\/p>\n<p>Os militares informaram ainda que a v\u00edtima apresentava sinais de embriaguez. O motorista do carro fez o teste do etil\u00f4metro, que n\u00e3o acusou uso de bebidas alco\u00f3licas. Ele se apresentou ainda \u00e0 Pol\u00edcia Civil para prestar esclarecimentos.<\/p>\n<h3>Acidente em pra\u00e7a de Montes Claros<\/h3>\n<p>Tr\u00eas pessoas ficaram feridas em um acidente na madrugada desta segunda-feira (25) em Montes Claros. Segundo o Corpo de Bombeiros, as v\u00edtimas estavam em um carro que invadiu a Pra\u00e7a Centen\u00e1rio, em frente \u00e0 Unimontes.<\/p>\n<p>Os bombeiros informaram que o ve\u00edculo seguia pela Avenida Doutor Ruy Braga, mas o condutor n\u00e3o conseguiu parar ao chegar no entroncamento com a Pra\u00e7a. O carro invadiu o local, bateu em um banco e em seguida atingiu uma palmeira.<\/p>\n<p>Quando os militares chegaram ao local, o motorista, de 22 anos, e uma passageira, de 18, estavam fora do ve\u00edculo com escoria\u00e7\u00f5es e traumatismo cr\u00e2nio encef\u00e1lico leve. Uma jovem, tamb\u00e9m de 18 anos, ainda estava dentro do ve\u00edculo e se queixava de fortes dores na perna esquerda.<\/p>\n<p>As v\u00edtimas foram socorridas e encaminhadas ao Hospital Santa Casa.<\/p>\n<p><img decoding=\"async\" src=\"http:\/\/aconteceunovale.com.br\/portal\/wp-content\/uploads\/2018\/06\/acidente_moc_4.jpg\" alt=\"\" \/><em>Acidente aconteceu na Pra\u00e7a Centen\u00e1rio (Foto: Corpo de Bombeiros\/Divulga\u00e7\u00e3o)<\/em><br \/>\n<\/br><\/p>\n<h3>Acidente entre moto e caminh\u00e3o na BR-251<\/h3>\n<p>Um motociclista de 24 anos morreu em um acidente na noite desse domingo (24) na BR-251, em Gr\u00e3o Mogol (MG). De acordo com a Pol\u00edcia Rodovi\u00e1ria Federal, a v\u00edtima estava na contram\u00e3o de dire\u00e7\u00e3o quando bateu de frente com um caminh\u00e3o, pr\u00f3ximo \u00e0 Comunidade de Barroc\u00e3o.<\/p>\n<p>O caminhoneiro disse \u00e0 PRF que tentou evitar a batida, mas n\u00e3o conseguiu. O acidente ocorreu em um trecho de reta com boas condi\u00e7\u00f5es de tr\u00e1fego. A pol\u00edcia informou ainda que a v\u00edtima era inabilitada e a motocicleta estava com a documenta\u00e7\u00e3o irregular.<\/p>\n<h3>Acidente no Bairro Sumar\u00e9, em Montes Claros<\/h3>\n<p>Duas pessoas ficaram feridas em um acidente na manh\u00e3 de domingo (24) em Montes Claros. Segundo a Pol\u00edcia Militar, as v\u00edtimas estavam em um carro que seguia pela Rua Emboabas, sentido ao Centro da cidade, quando foi atingido por outro ve\u00edculo, no cruzamento com a Rua Bandeirantes.<\/p>\n<p>A PM informou ainda que o condutor do carro que seguia pela Rua Bandeirantes n\u00e3o respeitou a sinaliza\u00e7\u00e3o de parada obrigat\u00f3ria. Com o impacto, o condutor do ve\u00edculo atingido perdeu o controle da dire\u00e7\u00e3o e bateu um poste de ilumina\u00e7\u00e3o.<\/p>\n<p>O Corpo de Bombeiros foi acionado e socorreu as v\u00edtimas. O condutor de 25 anos teve ferimentos no rosto e escoria\u00e7\u00f5es provocadas por estilha\u00e7os dos vidros quebrados; uma crian\u00e7a de um ano tamb\u00e9m teve ferimentos no rosto. Eles foram encaminhados a um hospital da cidade.<\/p>\n<p><strong>VER PRIMEIRO<\/strong><\/p>\n<p>Receba as not\u00edcias do Aconteceu no Vale em primeira m\u00e3o. Clique em curtir no endere\u00e7o <a href=\"https:\/\/www.facebook.com\/aconteceunovale\" target=\"_blank\"><font color=\"red\">www.facebook.com\/aconteceunovale<\/font><\/a> ou no box abaixo:<\/p>\n<div class=\"fb-like\" data-href=\"https:\/\/www.facebook.com\/aconteceunovale\" data-width=\"120\" data-layout=\"standard\" data-action=\"like\" data-size=\"small\" data-show-faces=\"true\" data-share=\"true\"><\/div>\n<p><\/br><\/p>\n<p><em>(Fonte: G1 Grande Minas)<\/em><\/p>\n","protected":false},"excerpt":{"rendered":"<p>Uma pessoa morreu e outras duas ficaram feridas em um acidente na manh\u00e3 desta segunda-feira (25\/06\/2018) na MGC-135, pr\u00f3ximo ao Distrito de Nova Esperan\u00e7a, munic\u00edpio de Montes Claros (MG). Segundo relatos de testemunhas, a v\u00edtima fatal conduzia um carro de passeio e bateu em um caminh\u00e3o ao tentar fazer uma ultrapassagem na altura do quil\u00f4metro [&hellip;]<\/p>\n","protected":false},"author":1,"featured_media":133051,"comment_status":"open","ping_status":"closed","sticky":false,"template":"","format":"standard","meta":{"amp_status":"","footnotes":""},"categories":[1236],"tags":[84010,176191,176196,29676,16673,176193,176187,176188,176192,176198,176200,176190,176186,111756,176185,176195,176197,176184,173137,176201,921,176189,1018,14058,176199,66077,1153,83739,1699,210,176194],"class_list":["post-133049","post","type-post","status-publish","format-standard","has-post-thumbnail","hentry","category-norte_de_minas","tag-acidente-com-morte-em-montes-claros","tag-acidente-com-motos-em-mirabela","tag-acidente-em-frente-a-unimontes","tag-acidente-em-mirabela","tag-acidente-em-montes-claros","tag-acidente-em-praca-de-montes-claros","tag-acidente-entre-carro-e-caminhao-na-mgc-135","tag-acidente-entre-carro-e-caminhao-na-mgc-135-em-montes-claros","tag-acidente-entre-carro-e-moto-na-zona-rural-de-montes-claros","tag-acidente-entre-moto-e-caminhao-na-br-251","tag-acidente-entre-moto-e-caminhao-na-br-251-em-grao-mogol","tag-acidente-entre-motos-em-mirabela","tag-acidente-fatal-em-montes-claros","tag-acidente-na-br-251-em-grao-mogol","tag-acidente-na-mgc-135-em-nova-esperanca","tag-acidente-na-praca-centenario-em-montes-claros","tag-acidente-na-unimontes","tag-acidente-perto-do-distrito-de-nova-esperanca","tag-acidente-proximo-ao-distrito-de-nova-esperanca","tag-acidentes-deixam-quatro-mortos-e-oito-feridos-no-norte-de-minas","tag-br-251","tag-colisao-entre-motos-em-mirabela","tag-destaque","tag-distrito-de-nova-esperanca","tag-em-grao-mogol","tag-em-montes-claros","tag-grao-mogol","tag-mgc-135","tag-mirabela","tag-montes-claros","tag-praca-centenario"],"yoast_head":"<!-- This site is optimized with the Yoast SEO plugin v28.3 - https:\/\/yoast.com\/product\/yoast-seo-wordpress\/ -->\n<title>Acidentes deixam quatro mortos e oito feridos no Norte de Minas - Aconteceu no Vale<\/title>\n<meta name=\"robots\" content=\"index, follow, max-snippet:-1, max-image-preview:large, max-video-preview:-1\" \/>\n<link rel=\"canonical\" href=\"https:\/\/aconteceunovale.com.br\/portal\/?p=133049\" \/>\n<meta property=\"og:locale\" content=\"pt_BR\" \/>\n<meta property=\"og:type\" content=\"article\" \/>\n<meta property=\"og:title\" content=\"Acidentes deixam quatro mortos e oito feridos no Norte de Minas - Aconteceu no Vale\" \/>\n<meta property=\"og:description\" content=\"Uma pessoa morreu e outras duas ficaram feridas em um acidente na manh\u00e3 desta segunda-feira (25\/06\/2018) na MGC-135, pr\u00f3ximo ao Distrito de Nova Esperan\u00e7a, munic\u00edpio de Montes Claros (MG). Segundo relatos de testemunhas, a v\u00edtima fatal conduzia um carro de passeio e bateu em um caminh\u00e3o ao tentar fazer uma ultrapassagem na altura do quil\u00f4metro [&hellip;]\" \/>\n<meta property=\"og:url\" content=\"https:\/\/aconteceunovale.com.br\/portal\/?p=133049\" \/>\n<meta property=\"og:site_name\" content=\"Aconteceu no Vale\" \/>\n<meta property=\"article:publisher\" content=\"https:\/\/www.facebook.com\/aconteceunovale\/\" \/>\n<meta property=\"article:published_time\" content=\"2018-06-26T01:51:04+00:00\" \/>\n<meta property=\"og:image\" content=\"https:\/\/aconteceunovale.com.br\/portal\/wp-content\/uploads\/2018\/06\/acidente_moc_1.jpg\" \/>\n\t<meta property=\"og:image:width\" content=\"650\" \/>\n\t<meta property=\"og:image:height\" content=\"450\" \/>\n\t<meta property=\"og:image:type\" content=\"image\/jpeg\" \/>\n<meta name=\"author\" content=\"Aconteceu no Vale\" \/>\n<meta name=\"twitter:card\" content=\"summary_large_image\" \/>\n<meta name=\"twitter:creator\" content=\"@noticiadosvales\" \/>\n<meta name=\"twitter:site\" content=\"@noticiadosvales\" \/>\n<meta name=\"twitter:label1\" content=\"Escrito por\" \/>\n\t<meta name=\"twitter:data1\" content=\"Aconteceu no Vale\" \/>\n\t<meta name=\"twitter:label2\" content=\"Est. tempo de leitura\" \/>\n\t<meta name=\"twitter:data2\" content=\"5 minutos\" \/>\n<script type=\"application\/ld+json\" class=\"yoast-schema-graph\">{\"@context\":\"https:\\\/\\\/schema.org\",\"@graph\":[{\"@type\":\"Article\",\"@id\":\"https:\\\/\\\/aconteceunovale.com.br\\\/portal\\\/?p=133049#article\",\"isPartOf\":{\"@id\":\"https:\\\/\\\/aconteceunovale.com.br\\\/portal\\\/?p=133049\"},\"author\":{\"name\":\"Aconteceu no Vale\",\"@id\":\"https:\\\/\\\/aconteceunovale.com.br\\\/portal\\\/#\\\/schema\\\/person\\\/633529146f2c94272bef50ac2953d589\"},\"headline\":\"Acidentes deixam quatro mortos e oito feridos no Norte de Minas\",\"datePublished\":\"2018-06-26T01:51:04+00:00\",\"mainEntityOfPage\":{\"@id\":\"https:\\\/\\\/aconteceunovale.com.br\\\/portal\\\/?p=133049\"},\"wordCount\":934,\"commentCount\":1,\"image\":{\"@id\":\"https:\\\/\\\/aconteceunovale.com.br\\\/portal\\\/?p=133049#primaryimage\"},\"thumbnailUrl\":\"https:\\\/\\\/aconteceunovale.com.br\\\/portal\\\/wp-content\\\/uploads\\\/2018\\\/06\\\/acidente_moc_1.jpg\",\"keywords\":[\"acidente com morte em montes claros\",\"Acidente com motos em Mirabela\",\"Acidente em frente \u00e0 Unimontes\",\"acidente em mirabela\",\"acidente em montes claros\",\"Acidente em pra\u00e7a de Montes Claros\",\"Acidente entre carro e caminh\u00e3o na MGC-135\",\"Acidente entre carro e caminh\u00e3o na MGC-135 em Montes Claros\",\"Acidente entre carro e moto na zona rural de Montes Claros\",\"Acidente entre moto e caminh\u00e3o na BR-251\",\"Acidente entre moto e caminh\u00e3o na BR-251 em Gr\u00e3o Mogol\",\"Acidente entre motos em Mirabela\",\"Acidente fatal em Montes Claros\",\"Acidente na br 251 em Gr\u00e3o Mogol\",\"Acidente na MGC-135 em Nova Esperan\u00e7a\",\"Acidente na Pra\u00e7a Centen\u00e1rio em Montes Claros\",\"Acidente na Unimontes\",\"Acidente perto do Distrito de Nova Esperan\u00e7a\",\"Acidente pr\u00f3ximo ao distrito de Nova Esperan\u00e7a\",\"Acidentes deixam quatro mortos e oito feridos no Norte de Minas\",\"br 251\",\"Colis\u00e3o entre motos em Mirabela\",\"destaque\",\"distrito de Nova Esperan\u00e7a\",\"em Gr\u00e3o Mogol\",\"em Montes Claros\",\"gr\u00e3o mogol\",\"MGC-135\",\"Mirabela\",\"Montes Claros\",\"Pra\u00e7a Centen\u00e1rio\"],\"articleSection\":[\"Norte de Minas\"],\"inLanguage\":\"pt-BR\",\"potentialAction\":[{\"@type\":\"CommentAction\",\"name\":\"Comment\",\"target\":[\"https:\\\/\\\/aconteceunovale.com.br\\\/portal\\\/?p=133049#respond\"]}]},{\"@type\":\"WebPage\",\"@id\":\"https:\\\/\\\/aconteceunovale.com.br\\\/portal\\\/?p=133049\",\"url\":\"https:\\\/\\\/aconteceunovale.com.br\\\/portal\\\/?p=133049\",\"name\":\"Acidentes deixam quatro mortos e oito feridos no Norte de Minas - Aconteceu no Vale\",\"isPartOf\":{\"@id\":\"https:\\\/\\\/aconteceunovale.com.br\\\/portal\\\/#website\"},\"primaryImageOfPage\":{\"@id\":\"https:\\\/\\\/aconteceunovale.com.br\\\/portal\\\/?p=133049#primaryimage\"},\"image\":{\"@id\":\"https:\\\/\\\/aconteceunovale.com.br\\\/portal\\\/?p=133049#primaryimage\"},\"thumbnailUrl\":\"https:\\\/\\\/aconteceunovale.com.br\\\/portal\\\/wp-content\\\/uploads\\\/2018\\\/06\\\/acidente_moc_1.jpg\",\"datePublished\":\"2018-06-26T01:51:04+00:00\",\"author\":{\"@id\":\"https:\\\/\\\/aconteceunovale.com.br\\\/portal\\\/#\\\/schema\\\/person\\\/633529146f2c94272bef50ac2953d589\"},\"breadcrumb\":{\"@id\":\"https:\\\/\\\/aconteceunovale.com.br\\\/portal\\\/?p=133049#breadcrumb\"},\"inLanguage\":\"pt-BR\",\"potentialAction\":[{\"@type\":\"ReadAction\",\"target\":[\"https:\\\/\\\/aconteceunovale.com.br\\\/portal\\\/?p=133049\"]}]},{\"@type\":\"ImageObject\",\"inLanguage\":\"pt-BR\",\"@id\":\"https:\\\/\\\/aconteceunovale.com.br\\\/portal\\\/?p=133049#primaryimage\",\"url\":\"https:\\\/\\\/aconteceunovale.com.br\\\/portal\\\/wp-content\\\/uploads\\\/2018\\\/06\\\/acidente_moc_1.jpg\",\"contentUrl\":\"https:\\\/\\\/aconteceunovale.com.br\\\/portal\\\/wp-content\\\/uploads\\\/2018\\\/06\\\/acidente_moc_1.jpg\",\"width\":650,\"height\":450},{\"@type\":\"BreadcrumbList\",\"@id\":\"https:\\\/\\\/aconteceunovale.com.br\\\/portal\\\/?p=133049#breadcrumb\",\"itemListElement\":[{\"@type\":\"ListItem\",\"position\":1,\"name\":\"In\u00edcio\",\"item\":\"https:\\\/\\\/aconteceunovale.com.br\\\/portal\\\/\"},{\"@type\":\"ListItem\",\"position\":2,\"name\":\"Acidentes deixam quatro mortos e oito feridos no Norte de Minas\"}]},{\"@type\":\"WebSite\",\"@id\":\"https:\\\/\\\/aconteceunovale.com.br\\\/portal\\\/#website\",\"url\":\"https:\\\/\\\/aconteceunovale.com.br\\\/portal\\\/\",\"name\":\"Aconteceu no Vale\",\"description\":\"Portal de Not\u00edcias\",\"potentialAction\":[{\"@type\":\"SearchAction\",\"target\":{\"@type\":\"EntryPoint\",\"urlTemplate\":\"https:\\\/\\\/aconteceunovale.com.br\\\/portal\\\/?s={search_term_string}\"},\"query-input\":{\"@type\":\"PropertyValueSpecification\",\"valueRequired\":true,\"valueName\":\"search_term_string\"}}],\"inLanguage\":\"pt-BR\"},{\"@type\":\"Person\",\"@id\":\"https:\\\/\\\/aconteceunovale.com.br\\\/portal\\\/#\\\/schema\\\/person\\\/633529146f2c94272bef50ac2953d589\",\"name\":\"Aconteceu no Vale\",\"description\":\"Equipe de reportagem do Aconteceu no Vale, portal de not\u00edcias do Vale do Jequitinhonha, em Minas Gerais. Cobrimos as 51 cidades do Vale desde 2013. Sugest\u00f5es de pauta e pedidos de corre\u00e7\u00e3o: contato@aconteceunovale.com.br\",\"sameAs\":[\"http:\\\/\\\/www.aconteceunovale.com.br\"],\"url\":\"https:\\\/\\\/aconteceunovale.com.br\\\/portal\\\/?author=1\"}]}<\/script>\n<!-- \/ Yoast SEO plugin. -->","yoast_head_json":{"title":"Acidentes deixam quatro mortos e oito feridos no Norte de Minas - Aconteceu no Vale","robots":{"index":"index","follow":"follow","max-snippet":"max-snippet:-1","max-image-preview":"max-image-preview:large","max-video-preview":"max-video-preview:-1"},"canonical":"https:\/\/aconteceunovale.com.br\/portal\/?p=133049","og_locale":"pt_BR","og_type":"article","og_title":"Acidentes deixam quatro mortos e oito feridos no Norte de Minas - Aconteceu no Vale","og_description":"Uma pessoa morreu e outras duas ficaram feridas em um acidente na manh\u00e3 desta segunda-feira (25\/06\/2018) na MGC-135, pr\u00f3ximo ao Distrito de Nova Esperan\u00e7a, munic\u00edpio de Montes Claros (MG). Segundo relatos de testemunhas, a v\u00edtima fatal conduzia um carro de passeio e bateu em um caminh\u00e3o ao tentar fazer uma ultrapassagem na altura do quil\u00f4metro [&hellip;]","og_url":"https:\/\/aconteceunovale.com.br\/portal\/?p=133049","og_site_name":"Aconteceu no Vale","article_publisher":"https:\/\/www.facebook.com\/aconteceunovale\/","article_published_time":"2018-06-26T01:51:04+00:00","og_image":[{"width":650,"height":450,"url":"https:\/\/aconteceunovale.com.br\/portal\/wp-content\/uploads\/2018\/06\/acidente_moc_1.jpg","type":"image\/jpeg"}],"author":"Aconteceu no Vale","twitter_card":"summary_large_image","twitter_creator":"@noticiadosvales","twitter_site":"@noticiadosvales","twitter_misc":{"Escrito por":"Aconteceu no Vale","Est. tempo de leitura":"5 minutos"},"schema":{"@context":"https:\/\/schema.org","@graph":[{"@type":"Article","@id":"https:\/\/aconteceunovale.com.br\/portal\/?p=133049#article","isPartOf":{"@id":"https:\/\/aconteceunovale.com.br\/portal\/?p=133049"},"author":{"name":"Aconteceu no Vale","@id":"https:\/\/aconteceunovale.com.br\/portal\/#\/schema\/person\/633529146f2c94272bef50ac2953d589"},"headline":"Acidentes deixam quatro mortos e oito feridos no Norte de Minas","datePublished":"2018-06-26T01:51:04+00:00","mainEntityOfPage":{"@id":"https:\/\/aconteceunovale.com.br\/portal\/?p=133049"},"wordCount":934,"commentCount":1,"image":{"@id":"https:\/\/aconteceunovale.com.br\/portal\/?p=133049#primaryimage"},"thumbnailUrl":"https:\/\/aconteceunovale.com.br\/portal\/wp-content\/uploads\/2018\/06\/acidente_moc_1.jpg","keywords":["acidente com morte em montes claros","Acidente com motos em Mirabela","Acidente em frente \u00e0 Unimontes","acidente em mirabela","acidente em montes claros","Acidente em pra\u00e7a de Montes Claros","Acidente entre carro e caminh\u00e3o na MGC-135","Acidente entre carro e caminh\u00e3o na MGC-135 em Montes Claros","Acidente entre carro e moto na zona rural de Montes Claros","Acidente entre moto e caminh\u00e3o na BR-251","Acidente entre moto e caminh\u00e3o na BR-251 em Gr\u00e3o Mogol","Acidente entre motos em Mirabela","Acidente fatal em Montes Claros","Acidente na br 251 em Gr\u00e3o Mogol","Acidente na MGC-135 em Nova Esperan\u00e7a","Acidente na Pra\u00e7a Centen\u00e1rio em Montes Claros","Acidente na Unimontes","Acidente perto do Distrito de Nova Esperan\u00e7a","Acidente pr\u00f3ximo ao distrito de Nova Esperan\u00e7a","Acidentes deixam quatro mortos e oito feridos no Norte de Minas","br 251","Colis\u00e3o entre motos em Mirabela","destaque","distrito de Nova Esperan\u00e7a","em Gr\u00e3o Mogol","em Montes Claros","gr\u00e3o mogol","MGC-135","Mirabela","Montes Claros","Pra\u00e7a Centen\u00e1rio"],"articleSection":["Norte de Minas"],"inLanguage":"pt-BR","potentialAction":[{"@type":"CommentAction","name":"Comment","target":["https:\/\/aconteceunovale.com.br\/portal\/?p=133049#respond"]}]},{"@type":"WebPage","@id":"https:\/\/aconteceunovale.com.br\/portal\/?p=133049","url":"https:\/\/aconteceunovale.com.br\/portal\/?p=133049","name":"Acidentes deixam quatro mortos e oito feridos no Norte de Minas - Aconteceu no Vale","isPartOf":{"@id":"https:\/\/aconteceunovale.com.br\/portal\/#website"},"primaryImageOfPage":{"@id":"https:\/\/aconteceunovale.com.br\/portal\/?p=133049#primaryimage"},"image":{"@id":"https:\/\/aconteceunovale.com.br\/portal\/?p=133049#primaryimage"},"thumbnailUrl":"https:\/\/aconteceunovale.com.br\/portal\/wp-content\/uploads\/2018\/06\/acidente_moc_1.jpg","datePublished":"2018-06-26T01:51:04+00:00","author":{"@id":"https:\/\/aconteceunovale.com.br\/portal\/#\/schema\/person\/633529146f2c94272bef50ac2953d589"},"breadcrumb":{"@id":"https:\/\/aconteceunovale.com.br\/portal\/?p=133049#breadcrumb"},"inLanguage":"pt-BR","potentialAction":[{"@type":"ReadAction","target":["https:\/\/aconteceunovale.com.br\/portal\/?p=133049"]}]},{"@type":"ImageObject","inLanguage":"pt-BR","@id":"https:\/\/aconteceunovale.com.br\/portal\/?p=133049#primaryimage","url":"https:\/\/aconteceunovale.com.br\/portal\/wp-content\/uploads\/2018\/06\/acidente_moc_1.jpg","contentUrl":"https:\/\/aconteceunovale.com.br\/portal\/wp-content\/uploads\/2018\/06\/acidente_moc_1.jpg","width":650,"height":450},{"@type":"BreadcrumbList","@id":"https:\/\/aconteceunovale.com.br\/portal\/?p=133049#breadcrumb","itemListElement":[{"@type":"ListItem","position":1,"name":"In\u00edcio","item":"https:\/\/aconteceunovale.com.br\/portal\/"},{"@type":"ListItem","position":2,"name":"Acidentes deixam quatro mortos e oito feridos no Norte de Minas"}]},{"@type":"WebSite","@id":"https:\/\/aconteceunovale.com.br\/portal\/#website","url":"https:\/\/aconteceunovale.com.br\/portal\/","name":"Aconteceu no Vale","description":"Portal de Not\u00edcias","potentialAction":[{"@type":"SearchAction","target":{"@type":"EntryPoint","urlTemplate":"https:\/\/aconteceunovale.com.br\/portal\/?s={search_term_string}"},"query-input":{"@type":"PropertyValueSpecification","valueRequired":true,"valueName":"search_term_string"}}],"inLanguage":"pt-BR"},{"@type":"Person","@id":"https:\/\/aconteceunovale.com.br\/portal\/#\/schema\/person\/633529146f2c94272bef50ac2953d589","name":"Aconteceu no Vale","description":"Equipe de reportagem do Aconteceu no Vale, portal de not\u00edcias do Vale do Jequitinhonha, em Minas Gerais. Cobrimos as 51 cidades do Vale desde 2013. Sugest\u00f5es de pauta e pedidos de corre\u00e7\u00e3o: contato@aconteceunovale.com.br","sameAs":["http:\/\/www.aconteceunovale.com.br"],"url":"https:\/\/aconteceunovale.com.br\/portal\/?author=1"}]}},"_links":{"self":[{"href":"https:\/\/aconteceunovale.com.br\/portal\/index.php?rest_route=\/wp\/v2\/posts\/133049","targetHints":{"allow":["GET"]}}],"collection":[{"href":"https:\/\/aconteceunovale.com.br\/portal\/index.php?rest_route=\/wp\/v2\/posts"}],"about":[{"href":"https:\/\/aconteceunovale.com.br\/portal\/index.php?rest_route=\/wp\/v2\/types\/post"}],"author":[{"embeddable":true,"href":"https:\/\/aconteceunovale.com.br\/portal\/index.php?rest_route=\/wp\/v2\/users\/1"}],"replies":[{"embeddable":true,"href":"https:\/\/aconteceunovale.com.br\/portal\/index.php?rest_route=%2Fwp%2Fv2%2Fcomments&post=133049"}],"version-history":[{"count":0,"href":"https:\/\/aconteceunovale.com.br\/portal\/index.php?rest_route=\/wp\/v2\/posts\/133049\/revisions"}],"wp:featuredmedia":[{"embeddable":true,"href":"https:\/\/aconteceunovale.com.br\/portal\/index.php?rest_route=\/wp\/v2\/media\/133051"}],"wp:attachment":[{"href":"https:\/\/aconteceunovale.com.br\/portal\/index.php?rest_route=%2Fwp%2Fv2%2Fmedia&parent=133049"}],"wp:term":[{"taxonomy":"category","embeddable":true,"href":"https:\/\/aconteceunovale.com.br\/portal\/index.php?rest_route=%2Fwp%2Fv2%2Fcategories&post=133049"},{"taxonomy":"post_tag","embeddable":true,"href":"https:\/\/aconteceunovale.com.br\/portal\/index.php?rest_route=%2Fwp%2Fv2%2Ftags&post=133049"}],"curies":[{"name":"wp","href":"https:\/\/api.w.org\/{rel}","templated":true}]}}