{"id":133047,"date":"2018-06-25T23:04:22","date_gmt":"2018-06-26T01:04:22","guid":{"rendered":"http:\/\/aconteceunovale.com.br\/portal\/?p=133047"},"modified":"2018-06-25T23:04:22","modified_gmt":"2018-06-26T01:04:22","slug":"crianca-e-estuprada-durante-festa-no-municipio-de-sao-francisco-no-norte-de-minas","status":"publish","type":"post","link":"https:\/\/aconteceunovale.com.br\/portal\/?p=133047","title":{"rendered":"Crian\u00e7a \u00e9 estuprada durante festa no munic\u00edpio de S\u00e3o Francisco, no Norte de Minas"},"content":{"rendered":"<p>A pol\u00edcia procura por um homem suspeito de estuprar uma menina de oito anos nesse domingo (24), em S\u00e3o Francisco, no Norte de Minas. De acordo com a Pol\u00edcia Militar, a v\u00edtima e o autor, de 33, participavam de uma festa em uma fazenda onde ocorreu o crime.<\/p>\n<p>Segundo relatos de testemunhas, a menina brincava com outras crian\u00e7as em um local mais afastado, quando homem se aproximou e a arrastou para um matagal. As testemunhas informaram ainda que a esposa do autor flagrou o momento em que ele tocava as partes \u00edntimas da crian\u00e7a e impediu que ele continuasse com o estupro.<\/p>\n<p>A v\u00edtima foi encaminhada ao hospital e passou por exames que constataram algumas les\u00f5es pelo corpo. Com a interven\u00e7\u00e3o da esposa, o autor fugiu pelo matagal e at\u00e9 a manh\u00e3 desta segunda-feira (25) n\u00e3o havia sido foi preso. O caso ser\u00e1 investigado pela Pol\u00edcia Civil.<\/p>\n<p><strong>VER PRIMEIRO<\/strong><\/p>\n<p>Receba as not\u00edcias do Aconteceu no Vale em primeira m\u00e3o. Clique em curtir no endere\u00e7o <a href=\"https:\/\/www.facebook.com\/aconteceunovale\" target=\"_blank\"><font color=\"red\">www.facebook.com\/aconteceunovale<\/font><\/a> ou no box abaixo:<\/p>\n<div class=\"fb-like\" data-href=\"https:\/\/www.facebook.com\/aconteceunovale\" data-width=\"120\" data-layout=\"standard\" data-action=\"like\" data-size=\"small\" data-show-faces=\"true\" data-share=\"true\"><\/div>\n<p><\/br><\/p>\n<p><em>(Fonte: G1 Grande Minas)<\/em><\/p>\n","protected":false},"excerpt":{"rendered":"<p>A pol\u00edcia procura por um homem suspeito de estuprar uma menina de oito anos nesse domingo (24), em S\u00e3o Francisco, no Norte de Minas. De acordo com a Pol\u00edcia Militar, a v\u00edtima e o autor, de 33, participavam de uma festa em uma fazenda onde ocorreu o crime. Segundo relatos de testemunhas, a menina brincava [&hellip;]<\/p>\n","protected":false},"author":1,"featured_media":71442,"comment_status":"open","ping_status":"closed","sticky":false,"template":"","format":"standard","meta":{"amp_status":"","footnotes":""},"categories":[1236],"tags":[176183,176181,176180,51702,1522,176182],"class_list":["post-133047","post","type-post","status-publish","format-standard","has-post-thumbnail","hentry","category-norte_de_minas","tag-crianca-e-estuprada-durante-festa-no-municipio-de-sao-francisco","tag-crianca-estuprada-em-sao-francisco","tag-estupro-de-crianca-em-sao-francisco","tag-estupro-em-sao-francisco","tag-sao-francisco","tag-vitima-de-estupro-em-sao-francisco"],"yoast_head":"<!-- This site is optimized with the Yoast SEO plugin v28.3 - https:\/\/yoast.com\/product\/yoast-seo-wordpress\/ -->\n<title>Crian\u00e7a \u00e9 estuprada durante festa no munic\u00edpio de S\u00e3o Francisco, no Norte de Minas - Aconteceu no Vale<\/title>\n<meta name=\"robots\" content=\"index, follow, max-snippet:-1, max-image-preview:large, max-video-preview:-1\" \/>\n<link rel=\"canonical\" href=\"https:\/\/aconteceunovale.com.br\/portal\/?p=133047\" \/>\n<meta property=\"og:locale\" content=\"pt_BR\" \/>\n<meta property=\"og:type\" content=\"article\" \/>\n<meta property=\"og:title\" content=\"Crian\u00e7a \u00e9 estuprada durante festa no munic\u00edpio de S\u00e3o Francisco, no Norte de Minas - Aconteceu no Vale\" \/>\n<meta property=\"og:description\" content=\"A pol\u00edcia procura por um homem suspeito de estuprar uma menina de oito anos nesse domingo (24), em S\u00e3o Francisco, no Norte de Minas. De acordo com a Pol\u00edcia Militar, a v\u00edtima e o autor, de 33, participavam de uma festa em uma fazenda onde ocorreu o crime. Segundo relatos de testemunhas, a menina brincava [&hellip;]\" \/>\n<meta property=\"og:url\" content=\"https:\/\/aconteceunovale.com.br\/portal\/?p=133047\" \/>\n<meta property=\"og:site_name\" content=\"Aconteceu no Vale\" \/>\n<meta property=\"article:publisher\" content=\"https:\/\/www.facebook.com\/aconteceunovale\/\" \/>\n<meta property=\"article:published_time\" content=\"2018-06-26T01:04:22+00:00\" \/>\n<meta property=\"og:image\" content=\"https:\/\/aconteceunovale.com.br\/portal\/wp-content\/uploads\/2015\/10\/plantao_giroflex.jpg\" \/>\n\t<meta property=\"og:image:width\" content=\"678\" \/>\n\t<meta property=\"og:image:height\" content=\"389\" \/>\n\t<meta property=\"og:image:type\" content=\"image\/jpeg\" \/>\n<meta name=\"author\" content=\"Aconteceu no Vale\" \/>\n<meta name=\"twitter:card\" content=\"summary_large_image\" \/>\n<meta name=\"twitter:creator\" content=\"@noticiadosvales\" \/>\n<meta name=\"twitter:site\" content=\"@noticiadosvales\" \/>\n<meta name=\"twitter:label1\" content=\"Escrito por\" \/>\n\t<meta name=\"twitter:data1\" content=\"Aconteceu no Vale\" \/>\n\t<meta name=\"twitter:label2\" content=\"Est. tempo de leitura\" \/>\n\t<meta name=\"twitter:data2\" content=\"1 minuto\" \/>\n<script type=\"application\/ld+json\" class=\"yoast-schema-graph\">{\"@context\":\"https:\\\/\\\/schema.org\",\"@graph\":[{\"@type\":\"Article\",\"@id\":\"https:\\\/\\\/aconteceunovale.com.br\\\/portal\\\/?p=133047#article\",\"isPartOf\":{\"@id\":\"https:\\\/\\\/aconteceunovale.com.br\\\/portal\\\/?p=133047\"},\"author\":{\"name\":\"Aconteceu no Vale\",\"@id\":\"https:\\\/\\\/aconteceunovale.com.br\\\/portal\\\/#\\\/schema\\\/person\\\/633529146f2c94272bef50ac2953d589\"},\"headline\":\"Crian\u00e7a \u00e9 estuprada durante festa no munic\u00edpio de S\u00e3o Francisco, no Norte de Minas\",\"datePublished\":\"2018-06-26T01:04:22+00:00\",\"mainEntityOfPage\":{\"@id\":\"https:\\\/\\\/aconteceunovale.com.br\\\/portal\\\/?p=133047\"},\"wordCount\":203,\"commentCount\":0,\"image\":{\"@id\":\"https:\\\/\\\/aconteceunovale.com.br\\\/portal\\\/?p=133047#primaryimage\"},\"thumbnailUrl\":\"https:\\\/\\\/aconteceunovale.com.br\\\/portal\\\/wp-content\\\/uploads\\\/2015\\\/10\\\/plantao_giroflex.jpg\",\"keywords\":[\"Crian\u00e7a \u00e9 estuprada durante festa no munic\u00edpio de S\u00e3o Francisco\",\"Crian\u00e7a estuprada em S\u00e3o Francisco\",\"Estupro de crian\u00e7a em S\u00e3o Francisco\",\"estupro em S\u00e3o Francisco\",\"S\u00e3o Francisco\",\"V\u00edtima de estupro em S\u00e3o Francisco\"],\"articleSection\":[\"Norte de Minas\"],\"inLanguage\":\"pt-BR\",\"potentialAction\":[{\"@type\":\"CommentAction\",\"name\":\"Comment\",\"target\":[\"https:\\\/\\\/aconteceunovale.com.br\\\/portal\\\/?p=133047#respond\"]}]},{\"@type\":\"WebPage\",\"@id\":\"https:\\\/\\\/aconteceunovale.com.br\\\/portal\\\/?p=133047\",\"url\":\"https:\\\/\\\/aconteceunovale.com.br\\\/portal\\\/?p=133047\",\"name\":\"Crian\u00e7a \u00e9 estuprada durante festa no munic\u00edpio de S\u00e3o Francisco, no Norte de Minas - Aconteceu no Vale\",\"isPartOf\":{\"@id\":\"https:\\\/\\\/aconteceunovale.com.br\\\/portal\\\/#website\"},\"primaryImageOfPage\":{\"@id\":\"https:\\\/\\\/aconteceunovale.com.br\\\/portal\\\/?p=133047#primaryimage\"},\"image\":{\"@id\":\"https:\\\/\\\/aconteceunovale.com.br\\\/portal\\\/?p=133047#primaryimage\"},\"thumbnailUrl\":\"https:\\\/\\\/aconteceunovale.com.br\\\/portal\\\/wp-content\\\/uploads\\\/2015\\\/10\\\/plantao_giroflex.jpg\",\"datePublished\":\"2018-06-26T01:04:22+00:00\",\"author\":{\"@id\":\"https:\\\/\\\/aconteceunovale.com.br\\\/portal\\\/#\\\/schema\\\/person\\\/633529146f2c94272bef50ac2953d589\"},\"breadcrumb\":{\"@id\":\"https:\\\/\\\/aconteceunovale.com.br\\\/portal\\\/?p=133047#breadcrumb\"},\"inLanguage\":\"pt-BR\",\"potentialAction\":[{\"@type\":\"ReadAction\",\"target\":[\"https:\\\/\\\/aconteceunovale.com.br\\\/portal\\\/?p=133047\"]}]},{\"@type\":\"ImageObject\",\"inLanguage\":\"pt-BR\",\"@id\":\"https:\\\/\\\/aconteceunovale.com.br\\\/portal\\\/?p=133047#primaryimage\",\"url\":\"https:\\\/\\\/aconteceunovale.com.br\\\/portal\\\/wp-content\\\/uploads\\\/2015\\\/10\\\/plantao_giroflex.jpg\",\"contentUrl\":\"https:\\\/\\\/aconteceunovale.com.br\\\/portal\\\/wp-content\\\/uploads\\\/2015\\\/10\\\/plantao_giroflex.jpg\",\"width\":678,\"height\":389},{\"@type\":\"BreadcrumbList\",\"@id\":\"https:\\\/\\\/aconteceunovale.com.br\\\/portal\\\/?p=133047#breadcrumb\",\"itemListElement\":[{\"@type\":\"ListItem\",\"position\":1,\"name\":\"In\u00edcio\",\"item\":\"https:\\\/\\\/aconteceunovale.com.br\\\/portal\\\/\"},{\"@type\":\"ListItem\",\"position\":2,\"name\":\"Crian\u00e7a \u00e9 estuprada durante festa no munic\u00edpio de S\u00e3o Francisco, no Norte de Minas\"}]},{\"@type\":\"WebSite\",\"@id\":\"https:\\\/\\\/aconteceunovale.com.br\\\/portal\\\/#website\",\"url\":\"https:\\\/\\\/aconteceunovale.com.br\\\/portal\\\/\",\"name\":\"Aconteceu no Vale\",\"description\":\"Portal de Not\u00edcias\",\"potentialAction\":[{\"@type\":\"SearchAction\",\"target\":{\"@type\":\"EntryPoint\",\"urlTemplate\":\"https:\\\/\\\/aconteceunovale.com.br\\\/portal\\\/?s={search_term_string}\"},\"query-input\":{\"@type\":\"PropertyValueSpecification\",\"valueRequired\":true,\"valueName\":\"search_term_string\"}}],\"inLanguage\":\"pt-BR\"},{\"@type\":\"Person\",\"@id\":\"https:\\\/\\\/aconteceunovale.com.br\\\/portal\\\/#\\\/schema\\\/person\\\/633529146f2c94272bef50ac2953d589\",\"name\":\"Aconteceu no Vale\",\"description\":\"Equipe de reportagem do Aconteceu no Vale, portal de not\u00edcias do Vale do Jequitinhonha, em Minas Gerais. Cobrimos as 51 cidades do Vale desde 2013. Sugest\u00f5es de pauta e pedidos de corre\u00e7\u00e3o: contato@aconteceunovale.com.br\",\"sameAs\":[\"http:\\\/\\\/www.aconteceunovale.com.br\"],\"url\":\"https:\\\/\\\/aconteceunovale.com.br\\\/portal\\\/?author=1\"}]}<\/script>\n<!-- \/ Yoast SEO plugin. -->","yoast_head_json":{"title":"Crian\u00e7a \u00e9 estuprada durante festa no munic\u00edpio de S\u00e3o Francisco, no Norte de Minas - Aconteceu no Vale","robots":{"index":"index","follow":"follow","max-snippet":"max-snippet:-1","max-image-preview":"max-image-preview:large","max-video-preview":"max-video-preview:-1"},"canonical":"https:\/\/aconteceunovale.com.br\/portal\/?p=133047","og_locale":"pt_BR","og_type":"article","og_title":"Crian\u00e7a \u00e9 estuprada durante festa no munic\u00edpio de S\u00e3o Francisco, no Norte de Minas - Aconteceu no Vale","og_description":"A pol\u00edcia procura por um homem suspeito de estuprar uma menina de oito anos nesse domingo (24), em S\u00e3o Francisco, no Norte de Minas. De acordo com a Pol\u00edcia Militar, a v\u00edtima e o autor, de 33, participavam de uma festa em uma fazenda onde ocorreu o crime. Segundo relatos de testemunhas, a menina brincava [&hellip;]","og_url":"https:\/\/aconteceunovale.com.br\/portal\/?p=133047","og_site_name":"Aconteceu no Vale","article_publisher":"https:\/\/www.facebook.com\/aconteceunovale\/","article_published_time":"2018-06-26T01:04:22+00:00","og_image":[{"width":678,"height":389,"url":"https:\/\/aconteceunovale.com.br\/portal\/wp-content\/uploads\/2015\/10\/plantao_giroflex.jpg","type":"image\/jpeg"}],"author":"Aconteceu no Vale","twitter_card":"summary_large_image","twitter_creator":"@noticiadosvales","twitter_site":"@noticiadosvales","twitter_misc":{"Escrito por":"Aconteceu no Vale","Est. tempo de leitura":"1 minuto"},"schema":{"@context":"https:\/\/schema.org","@graph":[{"@type":"Article","@id":"https:\/\/aconteceunovale.com.br\/portal\/?p=133047#article","isPartOf":{"@id":"https:\/\/aconteceunovale.com.br\/portal\/?p=133047"},"author":{"name":"Aconteceu no Vale","@id":"https:\/\/aconteceunovale.com.br\/portal\/#\/schema\/person\/633529146f2c94272bef50ac2953d589"},"headline":"Crian\u00e7a \u00e9 estuprada durante festa no munic\u00edpio de S\u00e3o Francisco, no Norte de Minas","datePublished":"2018-06-26T01:04:22+00:00","mainEntityOfPage":{"@id":"https:\/\/aconteceunovale.com.br\/portal\/?p=133047"},"wordCount":203,"commentCount":0,"image":{"@id":"https:\/\/aconteceunovale.com.br\/portal\/?p=133047#primaryimage"},"thumbnailUrl":"https:\/\/aconteceunovale.com.br\/portal\/wp-content\/uploads\/2015\/10\/plantao_giroflex.jpg","keywords":["Crian\u00e7a \u00e9 estuprada durante festa no munic\u00edpio de S\u00e3o Francisco","Crian\u00e7a estuprada em S\u00e3o Francisco","Estupro de crian\u00e7a em S\u00e3o Francisco","estupro em S\u00e3o Francisco","S\u00e3o Francisco","V\u00edtima de estupro em S\u00e3o Francisco"],"articleSection":["Norte de Minas"],"inLanguage":"pt-BR","potentialAction":[{"@type":"CommentAction","name":"Comment","target":["https:\/\/aconteceunovale.com.br\/portal\/?p=133047#respond"]}]},{"@type":"WebPage","@id":"https:\/\/aconteceunovale.com.br\/portal\/?p=133047","url":"https:\/\/aconteceunovale.com.br\/portal\/?p=133047","name":"Crian\u00e7a \u00e9 estuprada durante festa no munic\u00edpio de S\u00e3o Francisco, no Norte de Minas - Aconteceu no Vale","isPartOf":{"@id":"https:\/\/aconteceunovale.com.br\/portal\/#website"},"primaryImageOfPage":{"@id":"https:\/\/aconteceunovale.com.br\/portal\/?p=133047#primaryimage"},"image":{"@id":"https:\/\/aconteceunovale.com.br\/portal\/?p=133047#primaryimage"},"thumbnailUrl":"https:\/\/aconteceunovale.com.br\/portal\/wp-content\/uploads\/2015\/10\/plantao_giroflex.jpg","datePublished":"2018-06-26T01:04:22+00:00","author":{"@id":"https:\/\/aconteceunovale.com.br\/portal\/#\/schema\/person\/633529146f2c94272bef50ac2953d589"},"breadcrumb":{"@id":"https:\/\/aconteceunovale.com.br\/portal\/?p=133047#breadcrumb"},"inLanguage":"pt-BR","potentialAction":[{"@type":"ReadAction","target":["https:\/\/aconteceunovale.com.br\/portal\/?p=133047"]}]},{"@type":"ImageObject","inLanguage":"pt-BR","@id":"https:\/\/aconteceunovale.com.br\/portal\/?p=133047#primaryimage","url":"https:\/\/aconteceunovale.com.br\/portal\/wp-content\/uploads\/2015\/10\/plantao_giroflex.jpg","contentUrl":"https:\/\/aconteceunovale.com.br\/portal\/wp-content\/uploads\/2015\/10\/plantao_giroflex.jpg","width":678,"height":389},{"@type":"BreadcrumbList","@id":"https:\/\/aconteceunovale.com.br\/portal\/?p=133047#breadcrumb","itemListElement":[{"@type":"ListItem","position":1,"name":"In\u00edcio","item":"https:\/\/aconteceunovale.com.br\/portal\/"},{"@type":"ListItem","position":2,"name":"Crian\u00e7a \u00e9 estuprada durante festa no munic\u00edpio de S\u00e3o Francisco, no Norte de Minas"}]},{"@type":"WebSite","@id":"https:\/\/aconteceunovale.com.br\/portal\/#website","url":"https:\/\/aconteceunovale.com.br\/portal\/","name":"Aconteceu no Vale","description":"Portal de Not\u00edcias","potentialAction":[{"@type":"SearchAction","target":{"@type":"EntryPoint","urlTemplate":"https:\/\/aconteceunovale.com.br\/portal\/?s={search_term_string}"},"query-input":{"@type":"PropertyValueSpecification","valueRequired":true,"valueName":"search_term_string"}}],"inLanguage":"pt-BR"},{"@type":"Person","@id":"https:\/\/aconteceunovale.com.br\/portal\/#\/schema\/person\/633529146f2c94272bef50ac2953d589","name":"Aconteceu no Vale","description":"Equipe de reportagem do Aconteceu no Vale, portal de not\u00edcias do Vale do Jequitinhonha, em Minas Gerais. Cobrimos as 51 cidades do Vale desde 2013. Sugest\u00f5es de pauta e pedidos de corre\u00e7\u00e3o: contato@aconteceunovale.com.br","sameAs":["http:\/\/www.aconteceunovale.com.br"],"url":"https:\/\/aconteceunovale.com.br\/portal\/?author=1"}]}},"_links":{"self":[{"href":"https:\/\/aconteceunovale.com.br\/portal\/index.php?rest_route=\/wp\/v2\/posts\/133047","targetHints":{"allow":["GET"]}}],"collection":[{"href":"https:\/\/aconteceunovale.com.br\/portal\/index.php?rest_route=\/wp\/v2\/posts"}],"about":[{"href":"https:\/\/aconteceunovale.com.br\/portal\/index.php?rest_route=\/wp\/v2\/types\/post"}],"author":[{"embeddable":true,"href":"https:\/\/aconteceunovale.com.br\/portal\/index.php?rest_route=\/wp\/v2\/users\/1"}],"replies":[{"embeddable":true,"href":"https:\/\/aconteceunovale.com.br\/portal\/index.php?rest_route=%2Fwp%2Fv2%2Fcomments&post=133047"}],"version-history":[{"count":0,"href":"https:\/\/aconteceunovale.com.br\/portal\/index.php?rest_route=\/wp\/v2\/posts\/133047\/revisions"}],"wp:featuredmedia":[{"embeddable":true,"href":"https:\/\/aconteceunovale.com.br\/portal\/index.php?rest_route=\/wp\/v2\/media\/71442"}],"wp:attachment":[{"href":"https:\/\/aconteceunovale.com.br\/portal\/index.php?rest_route=%2Fwp%2Fv2%2Fmedia&parent=133047"}],"wp:term":[{"taxonomy":"category","embeddable":true,"href":"https:\/\/aconteceunovale.com.br\/portal\/index.php?rest_route=%2Fwp%2Fv2%2Fcategories&post=133047"},{"taxonomy":"post_tag","embeddable":true,"href":"https:\/\/aconteceunovale.com.br\/portal\/index.php?rest_route=%2Fwp%2Fv2%2Ftags&post=133047"}],"curies":[{"name":"wp","href":"https:\/\/api.w.org\/{rel}","templated":true}]}}