{"id":133040,"date":"2018-06-25T22:37:30","date_gmt":"2018-06-26T00:37:30","guid":{"rendered":"http:\/\/aconteceunovale.com.br\/portal\/?p=133040"},"modified":"2018-06-25T22:37:30","modified_gmt":"2018-06-26T00:37:30","slug":"homem-e-preso-suspeito-de-abusar-sexualmente-de-filha-em-campanario","status":"publish","type":"post","link":"https:\/\/aconteceunovale.com.br\/portal\/?p=133040","title":{"rendered":"Homem \u00e9 preso suspeito de abusar sexualmente de filha em Campan\u00e1rio"},"content":{"rendered":"<p>Um homem de 48 anos foi preso nesse domingo (24) suspeito de abusar sexualmente da filha em Campan\u00e1rio, no Vale do Rio Doce. Segundo a Pol\u00edcia Militar (PM), a menina, de 10 anos, mora com a av\u00f3 e o pai reside em Ipatinga, mas estava h\u00e1 uma semana na cidade com um amigo, que \u00e9 pastor.<\/p>\n<p>A pol\u00edcia foi acionada por familiares ap\u00f3s a crian\u00e7a contar para uma tia que havia sido abusada tr\u00eas vezes pelo pai durante o final de semana. O homem fugiu e foi preso pela PM na BR-116, pr\u00f3ximo ao Distrito de Xonim de Baixo, no munic\u00edpio de Governador Valadares.<\/p>\n<p>No momento da pris\u00e3o, o pastor estava dirigindo o carro e disse que n\u00e3o sabia do ocorrido e apenas foi levar o amigo para visitar a filha.<\/p>\n<p>A menina foi encaminhada para um hospital para ser examinada e medicada. A pol\u00edcia informou tamb\u00e9m que a comprova\u00e7\u00e3o do ato sexual segue sob sigilo m\u00e9dico. O autor foi levado para Delegacia de Governador Valadares.<\/p>\n<p><strong>VER PRIMEIRO<\/strong><\/p>\n<p>Receba as not\u00edcias do Aconteceu no Vale em primeira m\u00e3o. Clique em curtir no endere\u00e7o <a href=\"https:\/\/www.facebook.com\/aconteceunovale\" target=\"_blank\"><font color=\"red\">www.facebook.com\/aconteceunovale<\/font><\/a> ou no box abaixo:<\/p>\n<div class=\"fb-like\" data-href=\"https:\/\/www.facebook.com\/aconteceunovale\" data-width=\"120\" data-layout=\"standard\" data-action=\"like\" data-size=\"small\" data-show-faces=\"true\" data-share=\"true\"><\/div>\n<p><\/br><\/p>\n<p><em>(Fonte: G1 Vales)<\/em><\/p>\n","protected":false},"excerpt":{"rendered":"<p>Um homem de 48 anos foi preso nesse domingo (24) suspeito de abusar sexualmente da filha em Campan\u00e1rio, no Vale do Rio Doce. Segundo a Pol\u00edcia Militar (PM), a menina, de 10 anos, mora com a av\u00f3 e o pai reside em Ipatinga, mas estava h\u00e1 uma semana na cidade com um amigo, que \u00e9 [&hellip;]<\/p>\n","protected":false},"author":1,"featured_media":71442,"comment_status":"open","ping_status":"closed","sticky":false,"template":"","format":"standard","meta":{"amp_status":"","footnotes":""},"categories":[121],"tags":[277,176174,247,176176,201,176175,176173],"class_list":["post-133040","post","type-post","status-publish","format-standard","has-post-thumbnail","hentry","category-leste","tag-campanario","tag-filha-estuprada-em-campanario","tag-governador-valadares","tag-homem-e-preso-suspeito-de-abusar-sexualmente-de-filha-em-campanario","tag-ipatinga","tag-pai-estupra-filha-em-campanario","tag-preso-por-abusar-da-filha-em-campanario"],"_links":{"self":[{"href":"https:\/\/aconteceunovale.com.br\/portal\/index.php?rest_route=\/wp\/v2\/posts\/133040","targetHints":{"allow":["GET"]}}],"collection":[{"href":"https:\/\/aconteceunovale.com.br\/portal\/index.php?rest_route=\/wp\/v2\/posts"}],"about":[{"href":"https:\/\/aconteceunovale.com.br\/portal\/index.php?rest_route=\/wp\/v2\/types\/post"}],"author":[{"embeddable":true,"href":"https:\/\/aconteceunovale.com.br\/portal\/index.php?rest_route=\/wp\/v2\/users\/1"}],"replies":[{"embeddable":true,"href":"https:\/\/aconteceunovale.com.br\/portal\/index.php?rest_route=%2Fwp%2Fv2%2Fcomments&post=133040"}],"version-history":[{"count":0,"href":"https:\/\/aconteceunovale.com.br\/portal\/index.php?rest_route=\/wp\/v2\/posts\/133040\/revisions"}],"wp:featuredmedia":[{"embeddable":true,"href":"https:\/\/aconteceunovale.com.br\/portal\/index.php?rest_route=\/wp\/v2\/media\/71442"}],"wp:attachment":[{"href":"https:\/\/aconteceunovale.com.br\/portal\/index.php?rest_route=%2Fwp%2Fv2%2Fmedia&parent=133040"}],"wp:term":[{"taxonomy":"category","embeddable":true,"href":"https:\/\/aconteceunovale.com.br\/portal\/index.php?rest_route=%2Fwp%2Fv2%2Fcategories&post=133040"},{"taxonomy":"post_tag","embeddable":true,"href":"https:\/\/aconteceunovale.com.br\/portal\/index.php?rest_route=%2Fwp%2Fv2%2Ftags&post=133040"}],"curies":[{"name":"wp","href":"https:\/\/api.w.org\/{rel}","templated":true}]}}