{"id":133038,"date":"2018-06-25T22:25:31","date_gmt":"2018-06-26T00:25:31","guid":{"rendered":"http:\/\/aconteceunovale.com.br\/portal\/?p=133038"},"modified":"2018-06-25T22:30:09","modified_gmt":"2018-06-26T00:30:09","slug":"idosa-fica-gravemente-ferida-apos-ser-atropelada-por-carro-na-br-116-no-leste-de-minas","status":"publish","type":"post","link":"https:\/\/aconteceunovale.com.br\/portal\/?p=133038","title":{"rendered":"Idosa fica gravemente ferida ap\u00f3s ser atropelada por carro na BR-116, no Leste de Minas"},"content":{"rendered":"<p>Uma idosa de 71 anos foi atropelada por um carro na BR-116, pr\u00f3ximo a cidade de Inhapim (MG), nesse domingo (24\/06\/2018). Testemunhas disseram aos bombeiros que a v\u00edtima estava caminhando \u00e0s margens da rodovia e foi atingida pelo ve\u00edculo ao tentar atravessar para o outro lado da pista.<\/p>\n<p>A idosa foi socorrida por uma unidade do Corpo de Bombeiros Comunit\u00e1rio de Ubaporanga e levada para o Hospital Nossa Senhora Auxiliadora, em Caratinga. Segundo os bombeiros, a v\u00edtima teve traumatismo cranioencef\u00e1lico e o estado de sa\u00fade dela \u00e9 considerado grave. O motorista do carro recebeu atendimento no local e foi liberado.<\/p>\n<p><strong>VER PRIMEIRO<\/strong><\/p>\n<p>Receba as not\u00edcias do Aconteceu no Vale em primeira m\u00e3o. Clique em curtir no endere\u00e7o <a href=\"https:\/\/www.facebook.com\/aconteceunovale\" target=\"_blank\"><font color=\"red\">www.facebook.com\/aconteceunovale<\/font><\/a> ou no box abaixo:<\/p>\n<div class=\"fb-like\" data-href=\"https:\/\/www.facebook.com\/aconteceunovale\" data-width=\"120\" data-layout=\"standard\" data-action=\"like\" data-size=\"small\" data-show-faces=\"true\" data-share=\"true\"><\/div>\n<p><\/br><\/p>\n<p><em>(Fonte: G1 Vales)<\/em><\/p>\n","protected":false},"excerpt":{"rendered":"<p>Uma idosa de 71 anos foi atropelada por um carro na BR-116, pr\u00f3ximo a cidade de Inhapim (MG), nesse domingo (24\/06\/2018). Testemunhas disseram aos bombeiros que a v\u00edtima estava caminhando \u00e0s margens da rodovia e foi atingida pelo ve\u00edculo ao tentar atravessar para o outro lado da pista. A idosa foi socorrida por uma unidade [&hellip;]<\/p>\n","protected":false},"author":1,"featured_media":71442,"comment_status":"open","ping_status":"closed","sticky":false,"template":"","format":"standard","meta":{"amp_status":"","footnotes":""},"categories":[121],"tags":[176169,176170,176168,182,237,176171,176172,176167,296],"class_list":["post-133038","post","type-post","status-publish","format-standard","has-post-thumbnail","hentry","category-leste","tag-atropelada-em-inhapim","tag-atropelada-na-br-116","tag-atropelada-na-br-116-em-inhapim","tag-br-116","tag-caratinga","tag-idosa-atropelada-em-inhapim","tag-idosa-atropelada-na-br-116","tag-idosa-fica-gravemente-ferida-apos-ser-atropelada-por-carro-na-br-116","tag-inhapim"],"_links":{"self":[{"href":"https:\/\/aconteceunovale.com.br\/portal\/index.php?rest_route=\/wp\/v2\/posts\/133038","targetHints":{"allow":["GET"]}}],"collection":[{"href":"https:\/\/aconteceunovale.com.br\/portal\/index.php?rest_route=\/wp\/v2\/posts"}],"about":[{"href":"https:\/\/aconteceunovale.com.br\/portal\/index.php?rest_route=\/wp\/v2\/types\/post"}],"author":[{"embeddable":true,"href":"https:\/\/aconteceunovale.com.br\/portal\/index.php?rest_route=\/wp\/v2\/users\/1"}],"replies":[{"embeddable":true,"href":"https:\/\/aconteceunovale.com.br\/portal\/index.php?rest_route=%2Fwp%2Fv2%2Fcomments&post=133038"}],"version-history":[{"count":0,"href":"https:\/\/aconteceunovale.com.br\/portal\/index.php?rest_route=\/wp\/v2\/posts\/133038\/revisions"}],"wp:featuredmedia":[{"embeddable":true,"href":"https:\/\/aconteceunovale.com.br\/portal\/index.php?rest_route=\/wp\/v2\/media\/71442"}],"wp:attachment":[{"href":"https:\/\/aconteceunovale.com.br\/portal\/index.php?rest_route=%2Fwp%2Fv2%2Fmedia&parent=133038"}],"wp:term":[{"taxonomy":"category","embeddable":true,"href":"https:\/\/aconteceunovale.com.br\/portal\/index.php?rest_route=%2Fwp%2Fv2%2Fcategories&post=133038"},{"taxonomy":"post_tag","embeddable":true,"href":"https:\/\/aconteceunovale.com.br\/portal\/index.php?rest_route=%2Fwp%2Fv2%2Ftags&post=133038"}],"curies":[{"name":"wp","href":"https:\/\/api.w.org\/{rel}","templated":true}]}}