{"id":132938,"date":"2018-06-19T08:36:33","date_gmt":"2018-06-19T10:36:33","guid":{"rendered":"http:\/\/aconteceunovale.com.br\/portal\/?p=132938"},"modified":"2018-06-19T08:36:33","modified_gmt":"2018-06-19T10:36:33","slug":"tio-e-sobrinho-morrem-afogados-em-rio-no-municipio-de-verdelandia","status":"publish","type":"post","link":"https:\/\/aconteceunovale.com.br\/portal\/?p=132938","title":{"rendered":"Tio e sobrinho morrem afogados em rio no munic\u00edpio de Verdel\u00e2ndia"},"content":{"rendered":"<p>Uma crian\u00e7a de 9 anos e o tio dela, de 51, morreram afogados no Rio Verde, em Verdel\u00e2ndia, nesse domingo (17\/06\/2018). Testemunhas disseram aos bombeiros que eles sa\u00edram para pescar na manh\u00e3 de s\u00e1bado (16) e foram vistos pela \u00faltima vez por volta das 19h.<\/p>\n<p>Os corpos foram encontrados boiando no rio pelo caseiro de uma fazenda. Quando a equipe dos bombeiros chegou ao local, as v\u00edtimas j\u00e1 haviam sido retiradas por populares. Segundo a Pol\u00edcia Militar, as causas do afogamento s\u00e3o desconhecidas, mas a suspeita \u00e9 de que eles tentavam atravessar o rio nadando quando se afogaram.<\/p>\n<p><strong>VER PRIMEIRO<\/strong><\/p>\n<p>Receba as not\u00edcias do Aconteceu no Vale em primeira m\u00e3o. Clique em curtir no endere\u00e7o <a href=\"https:\/\/www.facebook.com\/aconteceunovale\" target=\"_blank\"><font color=\"red\">www.facebook.com\/aconteceunovale<\/font><\/a> ou no box abaixo:<\/p>\n<div class=\"fb-like\" data-href=\"https:\/\/www.facebook.com\/aconteceunovale\" data-width=\"120\" data-layout=\"standard\" data-action=\"like\" data-size=\"small\" data-show-faces=\"true\" data-share=\"true\"><\/div>\n<p><\/br><\/p>\n<p><em>(Fonte: G1 Grande Minas)<\/em><\/p>\n","protected":false},"excerpt":{"rendered":"<p>Uma crian\u00e7a de 9 anos e o tio dela, de 51, morreram afogados no Rio Verde, em Verdel\u00e2ndia, nesse domingo (17\/06\/2018). Testemunhas disseram aos bombeiros que eles sa\u00edram para pescar na manh\u00e3 de s\u00e1bado (16) e foram vistos pela \u00faltima vez por volta das 19h. Os corpos foram encontrados boiando no rio pelo caseiro de [&hellip;]<\/p>\n","protected":false},"author":1,"featured_media":71442,"comment_status":"open","ping_status":"closed","sticky":false,"template":"","format":"standard","meta":{"amp_status":"","footnotes":""},"categories":[1236],"tags":[176009,176011,176010,176008,176012,1814],"class_list":["post-132938","post","type-post","status-publish","format-standard","has-post-thumbnail","hentry","category-norte_de_minas","tag-afogados-em-verdelandia","tag-afogados-no-rio-verde-em-verdelandia","tag-afogamento-em-verdelandia","tag-crianca-e-tio-morrem-afogados-no-municipio-de-verdelandia","tag-tio-e-sobrinho-morrem-afogados-em-rio-no-municipio-de-verdelandia","tag-verdelandia"],"_links":{"self":[{"href":"https:\/\/aconteceunovale.com.br\/portal\/index.php?rest_route=\/wp\/v2\/posts\/132938","targetHints":{"allow":["GET"]}}],"collection":[{"href":"https:\/\/aconteceunovale.com.br\/portal\/index.php?rest_route=\/wp\/v2\/posts"}],"about":[{"href":"https:\/\/aconteceunovale.com.br\/portal\/index.php?rest_route=\/wp\/v2\/types\/post"}],"author":[{"embeddable":true,"href":"https:\/\/aconteceunovale.com.br\/portal\/index.php?rest_route=\/wp\/v2\/users\/1"}],"replies":[{"embeddable":true,"href":"https:\/\/aconteceunovale.com.br\/portal\/index.php?rest_route=%2Fwp%2Fv2%2Fcomments&post=132938"}],"version-history":[{"count":0,"href":"https:\/\/aconteceunovale.com.br\/portal\/index.php?rest_route=\/wp\/v2\/posts\/132938\/revisions"}],"wp:featuredmedia":[{"embeddable":true,"href":"https:\/\/aconteceunovale.com.br\/portal\/index.php?rest_route=\/wp\/v2\/media\/71442"}],"wp:attachment":[{"href":"https:\/\/aconteceunovale.com.br\/portal\/index.php?rest_route=%2Fwp%2Fv2%2Fmedia&parent=132938"}],"wp:term":[{"taxonomy":"category","embeddable":true,"href":"https:\/\/aconteceunovale.com.br\/portal\/index.php?rest_route=%2Fwp%2Fv2%2Fcategories&post=132938"},{"taxonomy":"post_tag","embeddable":true,"href":"https:\/\/aconteceunovale.com.br\/portal\/index.php?rest_route=%2Fwp%2Fv2%2Ftags&post=132938"}],"curies":[{"name":"wp","href":"https:\/\/api.w.org\/{rel}","templated":true}]}}