{"id":132935,"date":"2018-06-19T08:32:41","date_gmt":"2018-06-19T10:32:41","guid":{"rendered":"http:\/\/aconteceunovale.com.br\/portal\/?p=132935"},"modified":"2018-06-19T08:32:41","modified_gmt":"2018-06-19T10:32:41","slug":"morre-jovem-espancado-durante-festa-em-montes-claros","status":"publish","type":"post","link":"https:\/\/aconteceunovale.com.br\/portal\/?p=132935","title":{"rendered":"Morre jovem espancado durante festa em Montes Claros"},"content":{"rendered":"<p>Um jovem de 21 anos, que foi espancado por um grupo de pessoas durante uma festa em Montes Claros, morreu no hospital da cidade no in\u00edcio da noite de domingo (17). Ele estava internado na Santa Casa ap\u00f3s ser agredido durante a madrugada do mesmo dia no Bairro S\u00e3o Geraldo.<\/p>\n<p>Segundo a Pol\u00edcia Militar, Victor Hugo Moura Santos estava em um bar, onde era realizada uma festa, quando foi agredido com chutes e pontap\u00e9s. O jovem chegou a se levantar para fugir, mas foi derrubado e agredido novamente. A v\u00edtima tinha v\u00e1rios ferimentos pelo corpo e foi encontrada desacordada pr\u00f3xima a Pra\u00e7a das Tr\u00eas Pilastras. Os autores da agress\u00e3o n\u00e3o foram encontrados.<\/p>\n<p>Victor Hugo foi socorrido pelo Samu e encaminhado em estado grave para a Santa Casa. O hospital informou que o paciente passou por cirurgia, mas n\u00e3o resistiu. O caso ser\u00e1 investigado pela Pol\u00edcia Civil.<\/p>\n<p><img decoding=\"async\" src=\"http:\/\/aconteceunovale.com.br\/portal\/wp-content\/uploads\/2018\/06\/victor_hugo.jpg\" alt=\"\" \/><em>Victor Hugo n\u00e3o resitiu ao ferimentos e morreu no hospital (Foto: Facebook\/Reprodu\u00e7\u00e3o)<\/em><br \/>\n<\/br><\/p>\n<p><strong>VER PRIMEIRO<\/strong><\/p>\n<p>Receba as not\u00edcias do Aconteceu no Vale em primeira m\u00e3o. Clique em curtir no endere\u00e7o <a href=\"https:\/\/www.facebook.com\/aconteceunovale\" target=\"_blank\"><font color=\"red\">www.facebook.com\/aconteceunovale<\/font><\/a> ou no box abaixo:<\/p>\n<div class=\"fb-like\" data-href=\"https:\/\/www.facebook.com\/aconteceunovale\" data-width=\"120\" data-layout=\"standard\" data-action=\"like\" data-size=\"small\" data-show-faces=\"true\" data-share=\"true\"><\/div>\n<p><\/br><\/p>\n<p><em>(Fonte: G1 Grande Minas)<\/em><\/p>\n","protected":false},"excerpt":{"rendered":"<p>Um jovem de 21 anos, que foi espancado por um grupo de pessoas durante uma festa em Montes Claros, morreu no hospital da cidade no in\u00edcio da noite de domingo (17). Ele estava internado na Santa Casa ap\u00f3s ser agredido durante a madrugada do mesmo dia no Bairro S\u00e3o Geraldo. Segundo a Pol\u00edcia Militar, Victor [&hellip;]<\/p>\n","protected":false},"author":1,"featured_media":71442,"comment_status":"open","ping_status":"closed","sticky":false,"template":"","format":"standard","meta":{"amp_status":"","footnotes":""},"categories":[1236],"tags":[176006,176005,210,176004,176007],"class_list":{"0":"post-132935","1":"post","2":"type-post","3":"status-publish","4":"format-standard","5":"has-post-thumbnail","6":"hentry","7":"category-norte_de_minas","8":"tag-agredido-durante-festa-em-montes-claros","10":"tag-montes-claros","12":"tag-victor-hugo-moura-santos"},"_links":{"self":[{"href":"https:\/\/aconteceunovale.com.br\/portal\/index.php?rest_route=\/wp\/v2\/posts\/132935","targetHints":{"allow":["GET"]}}],"collection":[{"href":"https:\/\/aconteceunovale.com.br\/portal\/index.php?rest_route=\/wp\/v2\/posts"}],"about":[{"href":"https:\/\/aconteceunovale.com.br\/portal\/index.php?rest_route=\/wp\/v2\/types\/post"}],"author":[{"embeddable":true,"href":"https:\/\/aconteceunovale.com.br\/portal\/index.php?rest_route=\/wp\/v2\/users\/1"}],"replies":[{"embeddable":true,"href":"https:\/\/aconteceunovale.com.br\/portal\/index.php?rest_route=%2Fwp%2Fv2%2Fcomments&post=132935"}],"version-history":[{"count":0,"href":"https:\/\/aconteceunovale.com.br\/portal\/index.php?rest_route=\/wp\/v2\/posts\/132935\/revisions"}],"wp:featuredmedia":[{"embeddable":true,"href":"https:\/\/aconteceunovale.com.br\/portal\/index.php?rest_route=\/wp\/v2\/media\/71442"}],"wp:attachment":[{"href":"https:\/\/aconteceunovale.com.br\/portal\/index.php?rest_route=%2Fwp%2Fv2%2Fmedia&parent=132935"}],"wp:term":[{"taxonomy":"category","embeddable":true,"href":"https:\/\/aconteceunovale.com.br\/portal\/index.php?rest_route=%2Fwp%2Fv2%2Fcategories&post=132935"},{"taxonomy":"post_tag","embeddable":true,"href":"https:\/\/aconteceunovale.com.br\/portal\/index.php?rest_route=%2Fwp%2Fv2%2Ftags&post=132935"}],"curies":[{"name":"wp","href":"https:\/\/api.w.org\/{rel}","templated":true}]}}