{"id":132753,"date":"2018-06-11T12:47:27","date_gmt":"2018-06-11T14:47:27","guid":{"rendered":"http:\/\/aconteceunovale.com.br\/portal\/?p=132753"},"modified":"2018-06-11T12:47:27","modified_gmt":"2018-06-11T14:47:27","slug":"campanha-de-vacinacao-contra-gripe-termina-na-sexta-feira-3","status":"publish","type":"post","link":"https:\/\/aconteceunovale.com.br\/portal\/?p=132753","title":{"rendered":"Campanha de vacina\u00e7\u00e3o contra gripe termina na sexta-feira"},"content":{"rendered":"<p>A campanha de vacina\u00e7\u00e3o contra a gripe ser\u00e1 encerrada na pr\u00f3xima sexta-feira (15) em todo o pa\u00eds. Dados do Minist\u00e9rio da Sa\u00fade mostram que 13 milh\u00f5es de pessoas que fazem parte do p\u00fablico-alvo ainda precisam ser imunizadas. A expectativa da pasta \u00e9 vacinar 54,4 milh\u00f5es de pessoas at\u00e9 o final da campanha.<\/p>\n<p>Devem receber a dose crian\u00e7as de 6 meses a menores de 5 anos, idosos a partir de 60 anos, trabalhadores da sa\u00fade, professores das redes p\u00fablica e privada, povos ind\u00edgenas, gestantes, pu\u00e9rperas (at\u00e9 45 dias ap\u00f3s o parto), pessoas privadas de liberdade e funcion\u00e1rios do sistema prisional.<\/p>\n<p>Pessoas com doen\u00e7as cr\u00f4nicas e outras condi\u00e7\u00f5es cl\u00ednicas especiais tamb\u00e9m devem ser imunizadas. Neste caso, \u00e9 preciso apresentar uma prescri\u00e7\u00e3o m\u00e9dica no ato da vacina\u00e7\u00e3o. Pacientes cadastrados em programas de controle de doen\u00e7as cr\u00f4nicas do Sistema \u00danico de Sa\u00fade (SUS) devem procurar os postos em que est\u00e3o registrados.<\/p>\n<h2>Cobertura<\/h2>\n<p>At\u00e9 7 de junho, foram vacinadas 41,2 milh\u00f5es de pessoas contra a gripe. O p\u00fablico com maior cobertura \u00e9 o de pu\u00e9rperas (86,7%), seguido pelos idosos (86,6%), professores (85,4%) e ind\u00edgenas (81,7%). Entre os trabalhadores de sa\u00fade, a cobertura ficou em 79,7,6% e gestantes 62%. O grupo com menor \u00edndice de vacina\u00e7\u00e3o foram as crian\u00e7as, entre seis meses e cinco anos, a cobertura \u00e9 de apenas 57,5%.<\/p>\n<h2>Casos<\/h2>\n<p>O \u00faltimo boletim do minist\u00e9rio aponta que, at\u00e9 2 de junho, foram registrados 2.315 casos de influenza em todo o pa\u00eds, com 374 \u00f3bitos. Do total, 1.395 casos e 243 \u00f3bitos foram pelo v\u00edrus H1N1, al\u00e9m de 463 casos e 70 \u00f3bitos por H3N2. H\u00e1 ainda o registro de 236 casos de influenza B, com 29 \u00f3bitos, e 221 casos de influenza A n\u00e3o subtipado, com 32 \u00f3bitos.<\/p>\n<h2>Vacina<\/h2>\n<p>A pasta informou que a vacina \u00e9 segura e reduz complica\u00e7\u00f5es que podem provocar casos graves da doen\u00e7a, interna\u00e7\u00f5es e \u00f3bitos. A dose utilizada na rede p\u00fablica de sa\u00fade protege contra os tr\u00eas subtipos do v\u00edrus da gripe que mais circularam no Hemisf\u00e9rio Sul ao longo do \u00faltimo ano, incluindo o H1N1 e o H3N2.<\/p>\n<h2>Rea\u00e7\u00f5es adversas<\/h2>\n<p>Ainda de acordo com o minist\u00e9rio, ap\u00f3s a aplica\u00e7\u00e3o da dose, podem ocorrer, de forma rara, dor, vermelhid\u00e3o e endurecimento no local da inje\u00e7\u00e3o. As manifesta\u00e7\u00f5es s\u00e3o consideradas benignas e os efeitos costumam passar em 48 horas.<\/p>\n<p>A vacina da gripe \u00e9 contraindicada para pessoas com hist\u00f3rico de rea\u00e7\u00e3o anafil\u00e1tica pr\u00e9via em doses anteriores ou para pessoas que tenham alergia grave relacionada a ovo de galinha e seus derivados. \u00c9 importante procurar o m\u00e9dico para mais orienta\u00e7\u00f5es.<\/p>\n<p><strong>VER PRIMEIRO<\/strong><\/p>\n<p>Receba as not\u00edcias do Aconteceu no Vale em primeira m\u00e3o. Clique em curtir no endere\u00e7o <a href=\"https:\/\/www.facebook.com\/aconteceunovale\" target=\"_blank\"><font color=\"red\">www.facebook.com\/aconteceunovale<\/font><\/a> ou no box abaixo:<\/p>\n<div class=\"fb-like\" data-href=\"https:\/\/www.facebook.com\/aconteceunovale\" data-width=\"120\" data-layout=\"standard\" data-action=\"like\" data-size=\"small\" data-show-faces=\"true\" data-share=\"true\"><\/div>\n<p><\/br><\/p>\n<p><em>(Fonte: Ag\u00eancia Brasil)<\/em><\/p>\n","protected":false},"excerpt":{"rendered":"<p>A campanha de vacina\u00e7\u00e3o contra a gripe ser\u00e1 encerrada na pr\u00f3xima sexta-feira (15) em todo o pa\u00eds. Dados do Minist\u00e9rio da Sa\u00fade mostram que 13 milh\u00f5es de pessoas que fazem parte do p\u00fablico-alvo ainda precisam ser imunizadas. A expectativa da pasta \u00e9 vacinar 54,4 milh\u00f5es de pessoas at\u00e9 o final da campanha. Devem receber a [&hellip;]<\/p>\n","protected":false},"author":1,"featured_media":106334,"comment_status":"open","ping_status":"closed","sticky":false,"template":"","format":"standard","meta":{"amp_status":"","footnotes":""},"categories":[6,40242],"tags":[21164,149833,174896,149674,19326,174898,174897,45695],"class_list":["post-132753","post","type-post","status-publish","format-standard","has-post-thumbnail","hentry","category-br","category-saude-2","tag-campanha-de-vacinacao","tag-campanha-de-vacinacao-contra-gripe-termina-na-sexta-feira","tag-final-da-campanha","tag-imunizacao-contra-gripe","tag-ministerio-da-saude","tag-protecao-contra-gripe","tag-vacina-da-gripe","tag-vacinacao-contra-gripe"],"_links":{"self":[{"href":"https:\/\/aconteceunovale.com.br\/portal\/index.php?rest_route=\/wp\/v2\/posts\/132753","targetHints":{"allow":["GET"]}}],"collection":[{"href":"https:\/\/aconteceunovale.com.br\/portal\/index.php?rest_route=\/wp\/v2\/posts"}],"about":[{"href":"https:\/\/aconteceunovale.com.br\/portal\/index.php?rest_route=\/wp\/v2\/types\/post"}],"author":[{"embeddable":true,"href":"https:\/\/aconteceunovale.com.br\/portal\/index.php?rest_route=\/wp\/v2\/users\/1"}],"replies":[{"embeddable":true,"href":"https:\/\/aconteceunovale.com.br\/portal\/index.php?rest_route=%2Fwp%2Fv2%2Fcomments&post=132753"}],"version-history":[{"count":0,"href":"https:\/\/aconteceunovale.com.br\/portal\/index.php?rest_route=\/wp\/v2\/posts\/132753\/revisions"}],"wp:featuredmedia":[{"embeddable":true,"href":"https:\/\/aconteceunovale.com.br\/portal\/index.php?rest_route=\/wp\/v2\/media\/106334"}],"wp:attachment":[{"href":"https:\/\/aconteceunovale.com.br\/portal\/index.php?rest_route=%2Fwp%2Fv2%2Fmedia&parent=132753"}],"wp:term":[{"taxonomy":"category","embeddable":true,"href":"https:\/\/aconteceunovale.com.br\/portal\/index.php?rest_route=%2Fwp%2Fv2%2Fcategories&post=132753"},{"taxonomy":"post_tag","embeddable":true,"href":"https:\/\/aconteceunovale.com.br\/portal\/index.php?rest_route=%2Fwp%2Fv2%2Ftags&post=132753"}],"curies":[{"name":"wp","href":"https:\/\/api.w.org\/{rel}","templated":true}]}}