{"id":132658,"date":"2018-06-06T22:32:16","date_gmt":"2018-06-07T00:32:16","guid":{"rendered":"http:\/\/aconteceunovale.com.br\/portal\/?p=132658"},"modified":"2018-06-06T22:32:16","modified_gmt":"2018-06-07T00:32:16","slug":"jungmann-promete-recursos-para-enfrentamento-a-ataques-a-onibus-em-minas-gerais","status":"publish","type":"post","link":"https:\/\/aconteceunovale.com.br\/portal\/?p=132658","title":{"rendered":"Jungmann promete recursos para enfrentamento a ataques a \u00f4nibus em Minas Gerais"},"content":{"rendered":"<p>Ap\u00f3s se reunir com parlamentares mineiros, o ministro extraordin\u00e1rio da Seguran\u00e7a P\u00fablica, Raul Jungmann, disse hoje (6) que vai autorizar a libera\u00e7\u00e3o de R$ 50 milh\u00f5es para o combate \u00e0 viol\u00eancia em Minas Gerais, onde desde o in\u00edcio da semana est\u00e3o sendo registrados ataques de fac\u00e7\u00f5es criminosas a \u00f4nibus de diversas cidades.<\/p>\n<p>Segundo o ministro, os primeiros R$ 15 milh\u00f5es ser\u00e3o liberados imediatamente para as a\u00e7\u00f5es emergenciais. Os outros R$ 35 milh\u00f5es tamb\u00e9m foram garantidos por Raul Jungmann. \u201cN\u00f3s assumimos j\u00e1 o compromisso de levar isso adiante, fazer com que aconte\u00e7a\u201d, afirmou o ministro. Ele acrescentou que os recursos s\u00e3o provenientes de emendas parlamentares de bancadas e j\u00e1 estavam previstos no Or\u00e7amento deste ano.<\/p>\n<p>Vice-presidente da C\u00e2mara, o deputado F\u00e1bio Ramalho (MDB-MG) disse que h\u00e1 outro pedido dos parlamentares para a libera\u00e7\u00e3o de R$ 57 milh\u00f5es que seriam utilizados na compra de cerca de 650 viaturas policiais. De acordo com o parlamentar, os primeiros R$ 15 milh\u00f5es v\u00e3o buscar atender o Tri\u00e2ngulo Mineiro, regi\u00e3o mais afetada com os ataques.<\/p>\n<p>&#8220;Com a interven\u00e7\u00e3o no Rio, a maioria dos bandidos est\u00e3o indo para Minas Gerais. Ent\u00e3o, estamos pedindo a libera\u00e7\u00e3o de recursos para que a gente fa\u00e7a a preven\u00e7\u00e3o e ter uma solu\u00e7\u00e3o de defesa. Os dois pedidos estavam previstos, mas nem [todos os valores] dos R$ 50 milh\u00f5es n\u00e3o tinha sido feito ainda o empenho&#8221;, disse F\u00e1bio Ramalho.<\/p>\n<p>A s\u00e9rie de ataques criminosos a \u00f4nibus e pr\u00e9dios come\u00e7ou no \u00faltimo domingo (3) e tem atingido cidades como Itajub\u00e1, Luz, Passos, Tupaciguara, Uberaba, Uberl\u00e2ndia e Varginha. <\/p>\n<p><img decoding=\"async\" src=\"http:\/\/aconteceunovale.com.br\/portal\/wp-content\/uploads\/2018\/06\/fabinho_ministro.jpg\" alt=\"\" \/><em>Raul Jungmann e F\u00e1bio Ramalho (Foto: Divulga\u00e7\u00e3o\/Ag\u00eancia Brasil)<\/em><br \/>\n<\/br><\/p>\n<p><strong>VER PRIMEIRO<\/strong><\/p>\n<p>Receba as not\u00edcias do Aconteceu no Vale em primeira m\u00e3o. Clique em curtir no endere\u00e7o <a href=\"https:\/\/www.facebook.com\/aconteceunovale\" target=\"_blank\"><font color=\"red\">www.facebook.com\/aconteceunovale<\/font><\/a> ou no box abaixo:<\/p>\n<div class=\"fb-like\" data-href=\"https:\/\/www.facebook.com\/aconteceunovale\" data-width=\"120\" data-layout=\"standard\" data-action=\"like\" data-size=\"small\" data-show-faces=\"true\" data-share=\"true\"><\/div>\n<p><\/br><\/p>\n<p><em>(Fonte: Ag\u00eancia Brasil)<\/em><\/p>\n","protected":false},"excerpt":{"rendered":"<p>Ap\u00f3s se reunir com parlamentares mineiros, o ministro extraordin\u00e1rio da Seguran\u00e7a P\u00fablica, Raul Jungmann, disse hoje (6) que vai autorizar a libera\u00e7\u00e3o de R$ 50 milh\u00f5es para o combate \u00e0 viol\u00eancia em Minas Gerais, onde desde o in\u00edcio da semana est\u00e3o sendo registrados ataques de fac\u00e7\u00f5es criminosas a \u00f4nibus de diversas cidades. Segundo o ministro, [&hellip;]<\/p>\n","protected":false},"author":1,"featured_media":132659,"comment_status":"open","ping_status":"closed","sticky":false,"template":"","format":"standard","meta":{"amp_status":"","footnotes":""},"categories":[6,123],"tags":[957,10019,1504,175324,175323,175387,194,143487,175388,175501,71353,1018,175394,959,22499,1544,162582,175502,1509,1546,131,175442,175325,51359,175322,139870,213,552,215,44644,169,175333,216,175500,1498,4327,1507,1508,220,221,223],"class_list":["post-132658","post","type-post","status-publish","format-standard","has-post-thumbnail","hentry","category-br","category-gerais","tag-alfenas","tag-alterosa","tag-araxa","tag-ataques-a-onibus","tag-ataques-a-onibus-em-minas-gerais","tag-ataques-em-minas","tag-belo-horizonte","tag-brasopolis","tag-cidades-mineiras-registram-segunda-noite-de-ataques-a-onibus-e-predios","tag-combate-a-violencia-em-minas-gerais","tag-cruzilia","tag-destaque","tag-governo-afirma-que-ja-identificou-faccoes-criminosas-responsaveis-por-ataques-a-onibus-em-minas-gerais","tag-guaxupe","tag-ipuiuna","tag-itajuba","tag-jungmann","tag-jungmann-promete-recursos-para-enfrentamento-a-ataques-a-onibus-em-minas-gerais","tag-lagoa-da-prata","tag-machado","tag-minas-gerais","tag-minas-gerais-contabiliza-60-ataques-a-onibus-em-29-cidades","tag-minas-gerais-tem-fim-de-semana-de-ataques-a-onibus-em-varias-cidades","tag-monte-santo-de-minas","tag-onibus-incendiados-em-minas-gerais","tag-onibus-queimados","tag-passos","tag-pm","tag-pocos-de-caldas","tag-policia-civil-de-minas-gerais","tag-policia-militar","tag-policia-vai-investigar-participacao-de-faccoes-em-ataques-em-minas-gerais","tag-pouso-alegre","tag-r-50-milhoes-para-o-combate-a-violencia-em-minas-gerais","tag-santa-luzia","tag-seguranca-publica","tag-tres-coracoes","tag-tres-pontas","tag-uberaba","tag-uberlandia","tag-varginha"],"yoast_head":"<!-- This site is optimized with the Yoast SEO plugin v28.3 - https:\/\/yoast.com\/product\/yoast-seo-wordpress\/ -->\n<title>Jungmann promete recursos para enfrentamento a ataques a \u00f4nibus em Minas Gerais - Aconteceu no Vale<\/title>\n<meta name=\"robots\" content=\"index, follow, max-snippet:-1, max-image-preview:large, max-video-preview:-1\" \/>\n<link rel=\"canonical\" href=\"https:\/\/aconteceunovale.com.br\/portal\/?p=132658\" \/>\n<meta property=\"og:locale\" content=\"pt_BR\" \/>\n<meta property=\"og:type\" content=\"article\" \/>\n<meta property=\"og:title\" content=\"Jungmann promete recursos para enfrentamento a ataques a \u00f4nibus em Minas Gerais - Aconteceu no Vale\" \/>\n<meta property=\"og:description\" content=\"Ap\u00f3s se reunir com parlamentares mineiros, o ministro extraordin\u00e1rio da Seguran\u00e7a P\u00fablica, Raul Jungmann, disse hoje (6) que vai autorizar a libera\u00e7\u00e3o de R$ 50 milh\u00f5es para o combate \u00e0 viol\u00eancia em Minas Gerais, onde desde o in\u00edcio da semana est\u00e3o sendo registrados ataques de fac\u00e7\u00f5es criminosas a \u00f4nibus de diversas cidades. Segundo o ministro, [&hellip;]\" \/>\n<meta property=\"og:url\" content=\"https:\/\/aconteceunovale.com.br\/portal\/?p=132658\" \/>\n<meta property=\"og:site_name\" content=\"Aconteceu no Vale\" \/>\n<meta property=\"article:publisher\" content=\"https:\/\/www.facebook.com\/aconteceunovale\/\" \/>\n<meta property=\"article:published_time\" content=\"2018-06-07T00:32:16+00:00\" \/>\n<meta property=\"og:image\" content=\"https:\/\/aconteceunovale.com.br\/portal\/wp-content\/uploads\/2018\/06\/fabinho_ministro.jpg\" \/>\n\t<meta property=\"og:image:width\" content=\"675\" \/>\n\t<meta property=\"og:image:height\" content=\"450\" \/>\n\t<meta property=\"og:image:type\" content=\"image\/jpeg\" \/>\n<meta name=\"author\" content=\"Aconteceu no Vale\" \/>\n<meta name=\"twitter:card\" content=\"summary_large_image\" \/>\n<meta name=\"twitter:creator\" content=\"@noticiadosvales\" \/>\n<meta name=\"twitter:site\" content=\"@noticiadosvales\" \/>\n<meta name=\"twitter:label1\" content=\"Escrito por\" \/>\n\t<meta name=\"twitter:data1\" content=\"Aconteceu no Vale\" \/>\n\t<meta name=\"twitter:label2\" content=\"Est. tempo de leitura\" \/>\n\t<meta name=\"twitter:data2\" content=\"2 minutos\" \/>\n<script type=\"application\/ld+json\" class=\"yoast-schema-graph\">{\"@context\":\"https:\\\/\\\/schema.org\",\"@graph\":[{\"@type\":\"Article\",\"@id\":\"https:\\\/\\\/aconteceunovale.com.br\\\/portal\\\/?p=132658#article\",\"isPartOf\":{\"@id\":\"https:\\\/\\\/aconteceunovale.com.br\\\/portal\\\/?p=132658\"},\"author\":{\"name\":\"Aconteceu no Vale\",\"@id\":\"https:\\\/\\\/aconteceunovale.com.br\\\/portal\\\/#\\\/schema\\\/person\\\/633529146f2c94272bef50ac2953d589\"},\"headline\":\"Jungmann promete recursos para enfrentamento a ataques a \u00f4nibus em Minas Gerais\",\"datePublished\":\"2018-06-07T00:32:16+00:00\",\"mainEntityOfPage\":{\"@id\":\"https:\\\/\\\/aconteceunovale.com.br\\\/portal\\\/?p=132658\"},\"wordCount\":341,\"commentCount\":0,\"image\":{\"@id\":\"https:\\\/\\\/aconteceunovale.com.br\\\/portal\\\/?p=132658#primaryimage\"},\"thumbnailUrl\":\"https:\\\/\\\/aconteceunovale.com.br\\\/portal\\\/wp-content\\\/uploads\\\/2018\\\/06\\\/fabinho_ministro.jpg\",\"keywords\":[\"Alfenas\",\"Alterosa\",\"Arax\u00e1\",\"Ataques a \u00f4nibus\",\"Ataques a \u00f4nibus em Minas Gerais\",\"ataques em Minas\",\"Belo Horizonte\",\"Bras\u00f3polis\",\"Cidades mineiras registram segunda noite de ataques a \u00f4nibus e pr\u00e9dios\",\"Combate \u00e0 viol\u00eancia em Minas Gerais\",\"Cruz\u00edlia\",\"destaque\",\"Governo afirma que j\u00e1 identificou fac\u00e7\u00f5es criminosas respons\u00e1veis por ataques a \u00f4nibus em Minas Gerais\",\"Guaxup\u00e9\",\"Ipuiuna\",\"Itajub\u00e1\",\"Jungmann\",\"Jungmann promete recursos para enfrentamento a ataques a \u00f4nibus em Minas Gerais\",\"Lagoa da Prata\",\"Machado\",\"Minas Gerais\",\"Minas Gerais contabiliza 60 ataques a \u00f4nibus em 29 cidades\",\"Minas Gerais tem fim de semana de ataques a \u00f4nibus em v\u00e1rias cidades\",\"Monte Santo de Minas\",\"\u00d4nibus incendiados em Minas Gerais\",\"\u00f4nibus queimados\",\"Passos\",\"PM\",\"Po\u00e7os de Caldas\",\"Pol\u00edcia Civil de Minas Gerais\",\"Pol\u00edcia Militar\",\"Pol\u00edcia vai investigar participa\u00e7\u00e3o de fac\u00e7\u00f5es em ataques em Minas Gerais\",\"Pouso Alegre\",\"R$ 50 milh\u00f5es para o combate \u00e0 viol\u00eancia em Minas Gerais\",\"Santa Luzia\",\"Seguran\u00e7a P\u00fablica\",\"Tr\u00eas Cora\u00e7\u00f5es\",\"Tr\u00eas Pontas\",\"Uberaba\",\"Uberl\u00e2ndia\",\"Varginha\"],\"articleSection\":[\"Brasil\",\"Minas Gerais\"],\"inLanguage\":\"pt-BR\",\"potentialAction\":[{\"@type\":\"CommentAction\",\"name\":\"Comment\",\"target\":[\"https:\\\/\\\/aconteceunovale.com.br\\\/portal\\\/?p=132658#respond\"]}]},{\"@type\":\"WebPage\",\"@id\":\"https:\\\/\\\/aconteceunovale.com.br\\\/portal\\\/?p=132658\",\"url\":\"https:\\\/\\\/aconteceunovale.com.br\\\/portal\\\/?p=132658\",\"name\":\"Jungmann promete recursos para enfrentamento a ataques a \u00f4nibus em Minas Gerais - Aconteceu no Vale\",\"isPartOf\":{\"@id\":\"https:\\\/\\\/aconteceunovale.com.br\\\/portal\\\/#website\"},\"primaryImageOfPage\":{\"@id\":\"https:\\\/\\\/aconteceunovale.com.br\\\/portal\\\/?p=132658#primaryimage\"},\"image\":{\"@id\":\"https:\\\/\\\/aconteceunovale.com.br\\\/portal\\\/?p=132658#primaryimage\"},\"thumbnailUrl\":\"https:\\\/\\\/aconteceunovale.com.br\\\/portal\\\/wp-content\\\/uploads\\\/2018\\\/06\\\/fabinho_ministro.jpg\",\"datePublished\":\"2018-06-07T00:32:16+00:00\",\"author\":{\"@id\":\"https:\\\/\\\/aconteceunovale.com.br\\\/portal\\\/#\\\/schema\\\/person\\\/633529146f2c94272bef50ac2953d589\"},\"breadcrumb\":{\"@id\":\"https:\\\/\\\/aconteceunovale.com.br\\\/portal\\\/?p=132658#breadcrumb\"},\"inLanguage\":\"pt-BR\",\"potentialAction\":[{\"@type\":\"ReadAction\",\"target\":[\"https:\\\/\\\/aconteceunovale.com.br\\\/portal\\\/?p=132658\"]}]},{\"@type\":\"ImageObject\",\"inLanguage\":\"pt-BR\",\"@id\":\"https:\\\/\\\/aconteceunovale.com.br\\\/portal\\\/?p=132658#primaryimage\",\"url\":\"https:\\\/\\\/aconteceunovale.com.br\\\/portal\\\/wp-content\\\/uploads\\\/2018\\\/06\\\/fabinho_ministro.jpg\",\"contentUrl\":\"https:\\\/\\\/aconteceunovale.com.br\\\/portal\\\/wp-content\\\/uploads\\\/2018\\\/06\\\/fabinho_ministro.jpg\",\"width\":675,\"height\":450},{\"@type\":\"BreadcrumbList\",\"@id\":\"https:\\\/\\\/aconteceunovale.com.br\\\/portal\\\/?p=132658#breadcrumb\",\"itemListElement\":[{\"@type\":\"ListItem\",\"position\":1,\"name\":\"In\u00edcio\",\"item\":\"https:\\\/\\\/aconteceunovale.com.br\\\/portal\\\/\"},{\"@type\":\"ListItem\",\"position\":2,\"name\":\"Jungmann promete recursos para enfrentamento a ataques a \u00f4nibus em Minas Gerais\"}]},{\"@type\":\"WebSite\",\"@id\":\"https:\\\/\\\/aconteceunovale.com.br\\\/portal\\\/#website\",\"url\":\"https:\\\/\\\/aconteceunovale.com.br\\\/portal\\\/\",\"name\":\"Aconteceu no Vale\",\"description\":\"Portal de Not\u00edcias\",\"potentialAction\":[{\"@type\":\"SearchAction\",\"target\":{\"@type\":\"EntryPoint\",\"urlTemplate\":\"https:\\\/\\\/aconteceunovale.com.br\\\/portal\\\/?s={search_term_string}\"},\"query-input\":{\"@type\":\"PropertyValueSpecification\",\"valueRequired\":true,\"valueName\":\"search_term_string\"}}],\"inLanguage\":\"pt-BR\"},{\"@type\":\"Person\",\"@id\":\"https:\\\/\\\/aconteceunovale.com.br\\\/portal\\\/#\\\/schema\\\/person\\\/633529146f2c94272bef50ac2953d589\",\"name\":\"Aconteceu no Vale\",\"description\":\"Equipe de reportagem do Aconteceu no Vale, portal de not\u00edcias do Vale do Jequitinhonha, em Minas Gerais. Cobrimos as 51 cidades do Vale desde 2013. Sugest\u00f5es de pauta e pedidos de corre\u00e7\u00e3o: contato@aconteceunovale.com.br\",\"sameAs\":[\"http:\\\/\\\/www.aconteceunovale.com.br\"],\"url\":\"https:\\\/\\\/aconteceunovale.com.br\\\/portal\\\/?author=1\"}]}<\/script>\n<!-- \/ Yoast SEO plugin. -->","yoast_head_json":{"title":"Jungmann promete recursos para enfrentamento a ataques a \u00f4nibus em Minas Gerais - Aconteceu no Vale","robots":{"index":"index","follow":"follow","max-snippet":"max-snippet:-1","max-image-preview":"max-image-preview:large","max-video-preview":"max-video-preview:-1"},"canonical":"https:\/\/aconteceunovale.com.br\/portal\/?p=132658","og_locale":"pt_BR","og_type":"article","og_title":"Jungmann promete recursos para enfrentamento a ataques a \u00f4nibus em Minas Gerais - Aconteceu no Vale","og_description":"Ap\u00f3s se reunir com parlamentares mineiros, o ministro extraordin\u00e1rio da Seguran\u00e7a P\u00fablica, Raul Jungmann, disse hoje (6) que vai autorizar a libera\u00e7\u00e3o de R$ 50 milh\u00f5es para o combate \u00e0 viol\u00eancia em Minas Gerais, onde desde o in\u00edcio da semana est\u00e3o sendo registrados ataques de fac\u00e7\u00f5es criminosas a \u00f4nibus de diversas cidades. Segundo o ministro, [&hellip;]","og_url":"https:\/\/aconteceunovale.com.br\/portal\/?p=132658","og_site_name":"Aconteceu no Vale","article_publisher":"https:\/\/www.facebook.com\/aconteceunovale\/","article_published_time":"2018-06-07T00:32:16+00:00","og_image":[{"width":675,"height":450,"url":"https:\/\/aconteceunovale.com.br\/portal\/wp-content\/uploads\/2018\/06\/fabinho_ministro.jpg","type":"image\/jpeg"}],"author":"Aconteceu no Vale","twitter_card":"summary_large_image","twitter_creator":"@noticiadosvales","twitter_site":"@noticiadosvales","twitter_misc":{"Escrito por":"Aconteceu no Vale","Est. tempo de leitura":"2 minutos"},"schema":{"@context":"https:\/\/schema.org","@graph":[{"@type":"Article","@id":"https:\/\/aconteceunovale.com.br\/portal\/?p=132658#article","isPartOf":{"@id":"https:\/\/aconteceunovale.com.br\/portal\/?p=132658"},"author":{"name":"Aconteceu no Vale","@id":"https:\/\/aconteceunovale.com.br\/portal\/#\/schema\/person\/633529146f2c94272bef50ac2953d589"},"headline":"Jungmann promete recursos para enfrentamento a ataques a \u00f4nibus em Minas Gerais","datePublished":"2018-06-07T00:32:16+00:00","mainEntityOfPage":{"@id":"https:\/\/aconteceunovale.com.br\/portal\/?p=132658"},"wordCount":341,"commentCount":0,"image":{"@id":"https:\/\/aconteceunovale.com.br\/portal\/?p=132658#primaryimage"},"thumbnailUrl":"https:\/\/aconteceunovale.com.br\/portal\/wp-content\/uploads\/2018\/06\/fabinho_ministro.jpg","keywords":["Alfenas","Alterosa","Arax\u00e1","Ataques a \u00f4nibus","Ataques a \u00f4nibus em Minas Gerais","ataques em Minas","Belo Horizonte","Bras\u00f3polis","Cidades mineiras registram segunda noite de ataques a \u00f4nibus e pr\u00e9dios","Combate \u00e0 viol\u00eancia em Minas Gerais","Cruz\u00edlia","destaque","Governo afirma que j\u00e1 identificou fac\u00e7\u00f5es criminosas respons\u00e1veis por ataques a \u00f4nibus em Minas Gerais","Guaxup\u00e9","Ipuiuna","Itajub\u00e1","Jungmann","Jungmann promete recursos para enfrentamento a ataques a \u00f4nibus em Minas Gerais","Lagoa da Prata","Machado","Minas Gerais","Minas Gerais contabiliza 60 ataques a \u00f4nibus em 29 cidades","Minas Gerais tem fim de semana de ataques a \u00f4nibus em v\u00e1rias cidades","Monte Santo de Minas","\u00d4nibus incendiados em Minas Gerais","\u00f4nibus queimados","Passos","PM","Po\u00e7os de Caldas","Pol\u00edcia Civil de Minas Gerais","Pol\u00edcia Militar","Pol\u00edcia vai investigar participa\u00e7\u00e3o de fac\u00e7\u00f5es em ataques em Minas Gerais","Pouso Alegre","R$ 50 milh\u00f5es para o combate \u00e0 viol\u00eancia em Minas Gerais","Santa Luzia","Seguran\u00e7a P\u00fablica","Tr\u00eas Cora\u00e7\u00f5es","Tr\u00eas Pontas","Uberaba","Uberl\u00e2ndia","Varginha"],"articleSection":["Brasil","Minas Gerais"],"inLanguage":"pt-BR","potentialAction":[{"@type":"CommentAction","name":"Comment","target":["https:\/\/aconteceunovale.com.br\/portal\/?p=132658#respond"]}]},{"@type":"WebPage","@id":"https:\/\/aconteceunovale.com.br\/portal\/?p=132658","url":"https:\/\/aconteceunovale.com.br\/portal\/?p=132658","name":"Jungmann promete recursos para enfrentamento a ataques a \u00f4nibus em Minas Gerais - Aconteceu no Vale","isPartOf":{"@id":"https:\/\/aconteceunovale.com.br\/portal\/#website"},"primaryImageOfPage":{"@id":"https:\/\/aconteceunovale.com.br\/portal\/?p=132658#primaryimage"},"image":{"@id":"https:\/\/aconteceunovale.com.br\/portal\/?p=132658#primaryimage"},"thumbnailUrl":"https:\/\/aconteceunovale.com.br\/portal\/wp-content\/uploads\/2018\/06\/fabinho_ministro.jpg","datePublished":"2018-06-07T00:32:16+00:00","author":{"@id":"https:\/\/aconteceunovale.com.br\/portal\/#\/schema\/person\/633529146f2c94272bef50ac2953d589"},"breadcrumb":{"@id":"https:\/\/aconteceunovale.com.br\/portal\/?p=132658#breadcrumb"},"inLanguage":"pt-BR","potentialAction":[{"@type":"ReadAction","target":["https:\/\/aconteceunovale.com.br\/portal\/?p=132658"]}]},{"@type":"ImageObject","inLanguage":"pt-BR","@id":"https:\/\/aconteceunovale.com.br\/portal\/?p=132658#primaryimage","url":"https:\/\/aconteceunovale.com.br\/portal\/wp-content\/uploads\/2018\/06\/fabinho_ministro.jpg","contentUrl":"https:\/\/aconteceunovale.com.br\/portal\/wp-content\/uploads\/2018\/06\/fabinho_ministro.jpg","width":675,"height":450},{"@type":"BreadcrumbList","@id":"https:\/\/aconteceunovale.com.br\/portal\/?p=132658#breadcrumb","itemListElement":[{"@type":"ListItem","position":1,"name":"In\u00edcio","item":"https:\/\/aconteceunovale.com.br\/portal\/"},{"@type":"ListItem","position":2,"name":"Jungmann promete recursos para enfrentamento a ataques a \u00f4nibus em Minas Gerais"}]},{"@type":"WebSite","@id":"https:\/\/aconteceunovale.com.br\/portal\/#website","url":"https:\/\/aconteceunovale.com.br\/portal\/","name":"Aconteceu no Vale","description":"Portal de Not\u00edcias","potentialAction":[{"@type":"SearchAction","target":{"@type":"EntryPoint","urlTemplate":"https:\/\/aconteceunovale.com.br\/portal\/?s={search_term_string}"},"query-input":{"@type":"PropertyValueSpecification","valueRequired":true,"valueName":"search_term_string"}}],"inLanguage":"pt-BR"},{"@type":"Person","@id":"https:\/\/aconteceunovale.com.br\/portal\/#\/schema\/person\/633529146f2c94272bef50ac2953d589","name":"Aconteceu no Vale","description":"Equipe de reportagem do Aconteceu no Vale, portal de not\u00edcias do Vale do Jequitinhonha, em Minas Gerais. Cobrimos as 51 cidades do Vale desde 2013. Sugest\u00f5es de pauta e pedidos de corre\u00e7\u00e3o: contato@aconteceunovale.com.br","sameAs":["http:\/\/www.aconteceunovale.com.br"],"url":"https:\/\/aconteceunovale.com.br\/portal\/?author=1"}]}},"_links":{"self":[{"href":"https:\/\/aconteceunovale.com.br\/portal\/index.php?rest_route=\/wp\/v2\/posts\/132658","targetHints":{"allow":["GET"]}}],"collection":[{"href":"https:\/\/aconteceunovale.com.br\/portal\/index.php?rest_route=\/wp\/v2\/posts"}],"about":[{"href":"https:\/\/aconteceunovale.com.br\/portal\/index.php?rest_route=\/wp\/v2\/types\/post"}],"author":[{"embeddable":true,"href":"https:\/\/aconteceunovale.com.br\/portal\/index.php?rest_route=\/wp\/v2\/users\/1"}],"replies":[{"embeddable":true,"href":"https:\/\/aconteceunovale.com.br\/portal\/index.php?rest_route=%2Fwp%2Fv2%2Fcomments&post=132658"}],"version-history":[{"count":0,"href":"https:\/\/aconteceunovale.com.br\/portal\/index.php?rest_route=\/wp\/v2\/posts\/132658\/revisions"}],"wp:featuredmedia":[{"embeddable":true,"href":"https:\/\/aconteceunovale.com.br\/portal\/index.php?rest_route=\/wp\/v2\/media\/132659"}],"wp:attachment":[{"href":"https:\/\/aconteceunovale.com.br\/portal\/index.php?rest_route=%2Fwp%2Fv2%2Fmedia&parent=132658"}],"wp:term":[{"taxonomy":"category","embeddable":true,"href":"https:\/\/aconteceunovale.com.br\/portal\/index.php?rest_route=%2Fwp%2Fv2%2Fcategories&post=132658"},{"taxonomy":"post_tag","embeddable":true,"href":"https:\/\/aconteceunovale.com.br\/portal\/index.php?rest_route=%2Fwp%2Fv2%2Ftags&post=132658"}],"curies":[{"name":"wp","href":"https:\/\/api.w.org\/{rel}","templated":true}]}}