{"id":132655,"date":"2018-06-06T22:17:32","date_gmt":"2018-06-07T00:17:32","guid":{"rendered":"http:\/\/aconteceunovale.com.br\/portal\/?p=132655"},"modified":"2018-06-06T22:17:32","modified_gmt":"2018-06-07T00:17:32","slug":"inquerito-de-senador-mineiro-chega-a-justica-de-1a-instancia-da-capital","status":"publish","type":"post","link":"https:\/\/aconteceunovale.com.br\/portal\/?p=132655","title":{"rendered":"Inqu\u00e9rito de senador mineiro chega \u00e0 Justi\u00e7a de 1\u00aa Inst\u00e2ncia da capital"},"content":{"rendered":"<p>Foi distribu\u00eddo, por sorteio, na tarde de hoje, 6 de junho, para a 7\u00aa Vara Criminal de Belo Horizonte, o inqu\u00e9rito que apura irregularidades na constru\u00e7\u00e3o da Cidade Administrativa. Um dos r\u00e9us \u00e9 o senador A\u00e9cio Neves.<\/p>\n<p>Os autos foram remetidos do STF para a Justi\u00e7a de Primeira Inst\u00e2ncia, tendo sido recebidos fisicamente pela Dire\u00e7\u00e3o do Foro da capital, que determinou a distribui\u00e7\u00e3o para uma das varas criminais.<\/p>\n<p><img decoding=\"async\" src=\"http:\/\/aconteceunovale.com.br\/portal\/wp-content\/uploads\/2014\/11\/cidade_adm_mg.jpg\" alt=\"\" \/><em>Inqu\u00e9rito apura fraudes na constru\u00e7\u00e3o da Cidade Administrativa (Divulga\u00e7\u00e3o)<\/em><br \/>\n<\/br><\/p>\n<p><strong>VER PRIMEIRO<\/strong><\/p>\n<p>Receba as not\u00edcias do Aconteceu no Vale em primeira m\u00e3o. Clique em curtir no endere\u00e7o <a href=\"https:\/\/www.facebook.com\/aconteceunovale\" target=\"_blank\"><font color=\"red\">www.facebook.com\/aconteceunovale<\/font><\/a> ou no box abaixo:<\/p>\n<div class=\"fb-like\" data-href=\"https:\/\/www.facebook.com\/aconteceunovale\" data-width=\"120\" data-layout=\"standard\" data-action=\"like\" data-size=\"small\" data-show-faces=\"true\" data-share=\"true\"><\/div>\n<p><\/br><\/p>\n<p><em>(Fonte: TJMG)<\/em><\/p>\n","protected":false},"excerpt":{"rendered":"<p>Foi distribu\u00eddo, por sorteio, na tarde de hoje, 6 de junho, para a 7\u00aa Vara Criminal de Belo Horizonte, o inqu\u00e9rito que apura irregularidades na constru\u00e7\u00e3o da Cidade Administrativa. Um dos r\u00e9us \u00e9 o senador A\u00e9cio Neves. Os autos foram remetidos do STF para a Justi\u00e7a de Primeira Inst\u00e2ncia, tendo sido recebidos fisicamente pela Dire\u00e7\u00e3o [&hellip;]<\/p>\n","protected":false},"author":1,"featured_media":44203,"comment_status":"open","ping_status":"closed","sticky":false,"template":"","format":"standard","meta":{"amp_status":"","footnotes":""},"categories":[123,40240],"tags":[175494,2728,194,159627,175498,175499,175491,175490,175495,175497,175496,175493,50854,175492],"class_list":["post-132655","post","type-post","status-publish","format-standard","has-post-thumbnail","hentry","category-gerais","category-politica","tag-7a-vara-criminal-de-belo-horizonte","tag-aecio-neves","tag-belo-horizonte","tag-cidade-administrativa","tag-fraudes-na-construcao-da-cidade-administrativa","tag-inquerito-apura-fraudes-na-construcao-da-cidade-administrativa","tag-inquerito-de-senador-mineiro","tag-inquerito-de-senador-mineiro-chega-a-justica-de-1a-instancia-da-capital","tag-inquerito-senador-aecio-neves","tag-irregularidades-na-construcao-da-cidade-administrativa","tag-processo-senador-aecio-neves","tag-processo-senador-mineiro","tag-senador-aecio-neves","tag-senador-mineiro"],"yoast_head":"<!-- This site is optimized with the Yoast SEO plugin v28.3 - https:\/\/yoast.com\/product\/yoast-seo-wordpress\/ -->\n<title>Inqu\u00e9rito de senador mineiro chega \u00e0 Justi\u00e7a de 1\u00aa Inst\u00e2ncia da capital - Aconteceu no Vale<\/title>\n<meta name=\"robots\" content=\"index, follow, max-snippet:-1, max-image-preview:large, max-video-preview:-1\" \/>\n<link rel=\"canonical\" href=\"https:\/\/aconteceunovale.com.br\/portal\/?p=132655\" \/>\n<meta property=\"og:locale\" content=\"pt_BR\" \/>\n<meta property=\"og:type\" content=\"article\" \/>\n<meta property=\"og:title\" content=\"Inqu\u00e9rito de senador mineiro chega \u00e0 Justi\u00e7a de 1\u00aa Inst\u00e2ncia da capital - Aconteceu no Vale\" \/>\n<meta property=\"og:description\" content=\"Foi distribu\u00eddo, por sorteio, na tarde de hoje, 6 de junho, para a 7\u00aa Vara Criminal de Belo Horizonte, o inqu\u00e9rito que apura irregularidades na constru\u00e7\u00e3o da Cidade Administrativa. Um dos r\u00e9us \u00e9 o senador A\u00e9cio Neves. Os autos foram remetidos do STF para a Justi\u00e7a de Primeira Inst\u00e2ncia, tendo sido recebidos fisicamente pela Dire\u00e7\u00e3o [&hellip;]\" \/>\n<meta property=\"og:url\" content=\"https:\/\/aconteceunovale.com.br\/portal\/?p=132655\" \/>\n<meta property=\"og:site_name\" content=\"Aconteceu no Vale\" \/>\n<meta property=\"article:publisher\" content=\"https:\/\/www.facebook.com\/aconteceunovale\/\" \/>\n<meta property=\"article:published_time\" content=\"2018-06-07T00:17:32+00:00\" \/>\n<meta property=\"og:image\" content=\"https:\/\/aconteceunovale.com.br\/portal\/wp-content\/uploads\/2014\/11\/cidade_adm_mg.jpg\" \/>\n\t<meta property=\"og:image:width\" content=\"678\" \/>\n\t<meta property=\"og:image:height\" content=\"389\" \/>\n\t<meta property=\"og:image:type\" content=\"image\/jpeg\" \/>\n<meta name=\"author\" content=\"Aconteceu no Vale\" \/>\n<meta name=\"twitter:card\" content=\"summary_large_image\" \/>\n<meta name=\"twitter:creator\" content=\"@noticiadosvales\" \/>\n<meta name=\"twitter:site\" content=\"@noticiadosvales\" \/>\n<meta name=\"twitter:label1\" content=\"Escrito por\" \/>\n\t<meta name=\"twitter:data1\" content=\"Aconteceu no Vale\" \/>\n\t<meta name=\"twitter:label2\" content=\"Est. tempo de leitura\" \/>\n\t<meta name=\"twitter:data2\" content=\"1 minuto\" \/>\n<script type=\"application\/ld+json\" class=\"yoast-schema-graph\">{\"@context\":\"https:\\\/\\\/schema.org\",\"@graph\":[{\"@type\":\"Article\",\"@id\":\"https:\\\/\\\/aconteceunovale.com.br\\\/portal\\\/?p=132655#article\",\"isPartOf\":{\"@id\":\"https:\\\/\\\/aconteceunovale.com.br\\\/portal\\\/?p=132655\"},\"author\":{\"name\":\"Aconteceu no Vale\",\"@id\":\"https:\\\/\\\/aconteceunovale.com.br\\\/portal\\\/#\\\/schema\\\/person\\\/633529146f2c94272bef50ac2953d589\"},\"headline\":\"Inqu\u00e9rito de senador mineiro chega \u00e0 Justi\u00e7a de 1\u00aa Inst\u00e2ncia da capital\",\"datePublished\":\"2018-06-07T00:17:32+00:00\",\"mainEntityOfPage\":{\"@id\":\"https:\\\/\\\/aconteceunovale.com.br\\\/portal\\\/?p=132655\"},\"wordCount\":129,\"commentCount\":0,\"image\":{\"@id\":\"https:\\\/\\\/aconteceunovale.com.br\\\/portal\\\/?p=132655#primaryimage\"},\"thumbnailUrl\":\"https:\\\/\\\/aconteceunovale.com.br\\\/portal\\\/wp-content\\\/uploads\\\/2014\\\/11\\\/cidade_adm_mg.jpg\",\"keywords\":[\"7\u00aa Vara Criminal de Belo Horizonte\",\"A\u00e9cio Neves\",\"Belo Horizonte\",\"Cidade Administrativa\",\"Fraudes na constru\u00e7\u00e3o da Cidade Administrativa\",\"Inqu\u00e9rito apura fraudes na constru\u00e7\u00e3o da Cidade Administrativa\",\"Inqu\u00e9rito de senador mineiro\",\"Inqu\u00e9rito de senador mineiro chega \u00e0 Justi\u00e7a de 1\u00aa Inst\u00e2ncia da capital\",\"Inqu\u00e9rito senador A\u00e9cio Neves\",\"irregularidades na constru\u00e7\u00e3o da Cidade Administrativa\",\"Processo senador A\u00e9cio Neves\",\"Processo Senador mineiro\",\"senador A\u00e9cio Neves\",\"Senador mineiro\"],\"articleSection\":[\"Minas Gerais\",\"Pol\u00edtica\"],\"inLanguage\":\"pt-BR\",\"potentialAction\":[{\"@type\":\"CommentAction\",\"name\":\"Comment\",\"target\":[\"https:\\\/\\\/aconteceunovale.com.br\\\/portal\\\/?p=132655#respond\"]}]},{\"@type\":\"WebPage\",\"@id\":\"https:\\\/\\\/aconteceunovale.com.br\\\/portal\\\/?p=132655\",\"url\":\"https:\\\/\\\/aconteceunovale.com.br\\\/portal\\\/?p=132655\",\"name\":\"Inqu\u00e9rito de senador mineiro chega \u00e0 Justi\u00e7a de 1\u00aa Inst\u00e2ncia da capital - Aconteceu no Vale\",\"isPartOf\":{\"@id\":\"https:\\\/\\\/aconteceunovale.com.br\\\/portal\\\/#website\"},\"primaryImageOfPage\":{\"@id\":\"https:\\\/\\\/aconteceunovale.com.br\\\/portal\\\/?p=132655#primaryimage\"},\"image\":{\"@id\":\"https:\\\/\\\/aconteceunovale.com.br\\\/portal\\\/?p=132655#primaryimage\"},\"thumbnailUrl\":\"https:\\\/\\\/aconteceunovale.com.br\\\/portal\\\/wp-content\\\/uploads\\\/2014\\\/11\\\/cidade_adm_mg.jpg\",\"datePublished\":\"2018-06-07T00:17:32+00:00\",\"author\":{\"@id\":\"https:\\\/\\\/aconteceunovale.com.br\\\/portal\\\/#\\\/schema\\\/person\\\/633529146f2c94272bef50ac2953d589\"},\"breadcrumb\":{\"@id\":\"https:\\\/\\\/aconteceunovale.com.br\\\/portal\\\/?p=132655#breadcrumb\"},\"inLanguage\":\"pt-BR\",\"potentialAction\":[{\"@type\":\"ReadAction\",\"target\":[\"https:\\\/\\\/aconteceunovale.com.br\\\/portal\\\/?p=132655\"]}]},{\"@type\":\"ImageObject\",\"inLanguage\":\"pt-BR\",\"@id\":\"https:\\\/\\\/aconteceunovale.com.br\\\/portal\\\/?p=132655#primaryimage\",\"url\":\"https:\\\/\\\/aconteceunovale.com.br\\\/portal\\\/wp-content\\\/uploads\\\/2014\\\/11\\\/cidade_adm_mg.jpg\",\"contentUrl\":\"https:\\\/\\\/aconteceunovale.com.br\\\/portal\\\/wp-content\\\/uploads\\\/2014\\\/11\\\/cidade_adm_mg.jpg\",\"width\":678,\"height\":389},{\"@type\":\"BreadcrumbList\",\"@id\":\"https:\\\/\\\/aconteceunovale.com.br\\\/portal\\\/?p=132655#breadcrumb\",\"itemListElement\":[{\"@type\":\"ListItem\",\"position\":1,\"name\":\"In\u00edcio\",\"item\":\"https:\\\/\\\/aconteceunovale.com.br\\\/portal\\\/\"},{\"@type\":\"ListItem\",\"position\":2,\"name\":\"Inqu\u00e9rito de senador mineiro chega \u00e0 Justi\u00e7a de 1\u00aa Inst\u00e2ncia da capital\"}]},{\"@type\":\"WebSite\",\"@id\":\"https:\\\/\\\/aconteceunovale.com.br\\\/portal\\\/#website\",\"url\":\"https:\\\/\\\/aconteceunovale.com.br\\\/portal\\\/\",\"name\":\"Aconteceu no Vale\",\"description\":\"Portal de Not\u00edcias\",\"potentialAction\":[{\"@type\":\"SearchAction\",\"target\":{\"@type\":\"EntryPoint\",\"urlTemplate\":\"https:\\\/\\\/aconteceunovale.com.br\\\/portal\\\/?s={search_term_string}\"},\"query-input\":{\"@type\":\"PropertyValueSpecification\",\"valueRequired\":true,\"valueName\":\"search_term_string\"}}],\"inLanguage\":\"pt-BR\"},{\"@type\":\"Person\",\"@id\":\"https:\\\/\\\/aconteceunovale.com.br\\\/portal\\\/#\\\/schema\\\/person\\\/633529146f2c94272bef50ac2953d589\",\"name\":\"Aconteceu no Vale\",\"description\":\"Equipe de reportagem do Aconteceu no Vale, portal de not\u00edcias do Vale do Jequitinhonha, em Minas Gerais. Cobrimos as 51 cidades do Vale desde 2013. Sugest\u00f5es de pauta e pedidos de corre\u00e7\u00e3o: contato@aconteceunovale.com.br\",\"sameAs\":[\"http:\\\/\\\/www.aconteceunovale.com.br\"],\"url\":\"https:\\\/\\\/aconteceunovale.com.br\\\/portal\\\/?author=1\"}]}<\/script>\n<!-- \/ Yoast SEO plugin. -->","yoast_head_json":{"title":"Inqu\u00e9rito de senador mineiro chega \u00e0 Justi\u00e7a de 1\u00aa Inst\u00e2ncia da capital - Aconteceu no Vale","robots":{"index":"index","follow":"follow","max-snippet":"max-snippet:-1","max-image-preview":"max-image-preview:large","max-video-preview":"max-video-preview:-1"},"canonical":"https:\/\/aconteceunovale.com.br\/portal\/?p=132655","og_locale":"pt_BR","og_type":"article","og_title":"Inqu\u00e9rito de senador mineiro chega \u00e0 Justi\u00e7a de 1\u00aa Inst\u00e2ncia da capital - Aconteceu no Vale","og_description":"Foi distribu\u00eddo, por sorteio, na tarde de hoje, 6 de junho, para a 7\u00aa Vara Criminal de Belo Horizonte, o inqu\u00e9rito que apura irregularidades na constru\u00e7\u00e3o da Cidade Administrativa. Um dos r\u00e9us \u00e9 o senador A\u00e9cio Neves. Os autos foram remetidos do STF para a Justi\u00e7a de Primeira Inst\u00e2ncia, tendo sido recebidos fisicamente pela Dire\u00e7\u00e3o [&hellip;]","og_url":"https:\/\/aconteceunovale.com.br\/portal\/?p=132655","og_site_name":"Aconteceu no Vale","article_publisher":"https:\/\/www.facebook.com\/aconteceunovale\/","article_published_time":"2018-06-07T00:17:32+00:00","og_image":[{"width":678,"height":389,"url":"https:\/\/aconteceunovale.com.br\/portal\/wp-content\/uploads\/2014\/11\/cidade_adm_mg.jpg","type":"image\/jpeg"}],"author":"Aconteceu no Vale","twitter_card":"summary_large_image","twitter_creator":"@noticiadosvales","twitter_site":"@noticiadosvales","twitter_misc":{"Escrito por":"Aconteceu no Vale","Est. tempo de leitura":"1 minuto"},"schema":{"@context":"https:\/\/schema.org","@graph":[{"@type":"Article","@id":"https:\/\/aconteceunovale.com.br\/portal\/?p=132655#article","isPartOf":{"@id":"https:\/\/aconteceunovale.com.br\/portal\/?p=132655"},"author":{"name":"Aconteceu no Vale","@id":"https:\/\/aconteceunovale.com.br\/portal\/#\/schema\/person\/633529146f2c94272bef50ac2953d589"},"headline":"Inqu\u00e9rito de senador mineiro chega \u00e0 Justi\u00e7a de 1\u00aa Inst\u00e2ncia da capital","datePublished":"2018-06-07T00:17:32+00:00","mainEntityOfPage":{"@id":"https:\/\/aconteceunovale.com.br\/portal\/?p=132655"},"wordCount":129,"commentCount":0,"image":{"@id":"https:\/\/aconteceunovale.com.br\/portal\/?p=132655#primaryimage"},"thumbnailUrl":"https:\/\/aconteceunovale.com.br\/portal\/wp-content\/uploads\/2014\/11\/cidade_adm_mg.jpg","keywords":["7\u00aa Vara Criminal de Belo Horizonte","A\u00e9cio Neves","Belo Horizonte","Cidade Administrativa","Fraudes na constru\u00e7\u00e3o da Cidade Administrativa","Inqu\u00e9rito apura fraudes na constru\u00e7\u00e3o da Cidade Administrativa","Inqu\u00e9rito de senador mineiro","Inqu\u00e9rito de senador mineiro chega \u00e0 Justi\u00e7a de 1\u00aa Inst\u00e2ncia da capital","Inqu\u00e9rito senador A\u00e9cio Neves","irregularidades na constru\u00e7\u00e3o da Cidade Administrativa","Processo senador A\u00e9cio Neves","Processo Senador mineiro","senador A\u00e9cio Neves","Senador mineiro"],"articleSection":["Minas Gerais","Pol\u00edtica"],"inLanguage":"pt-BR","potentialAction":[{"@type":"CommentAction","name":"Comment","target":["https:\/\/aconteceunovale.com.br\/portal\/?p=132655#respond"]}]},{"@type":"WebPage","@id":"https:\/\/aconteceunovale.com.br\/portal\/?p=132655","url":"https:\/\/aconteceunovale.com.br\/portal\/?p=132655","name":"Inqu\u00e9rito de senador mineiro chega \u00e0 Justi\u00e7a de 1\u00aa Inst\u00e2ncia da capital - Aconteceu no Vale","isPartOf":{"@id":"https:\/\/aconteceunovale.com.br\/portal\/#website"},"primaryImageOfPage":{"@id":"https:\/\/aconteceunovale.com.br\/portal\/?p=132655#primaryimage"},"image":{"@id":"https:\/\/aconteceunovale.com.br\/portal\/?p=132655#primaryimage"},"thumbnailUrl":"https:\/\/aconteceunovale.com.br\/portal\/wp-content\/uploads\/2014\/11\/cidade_adm_mg.jpg","datePublished":"2018-06-07T00:17:32+00:00","author":{"@id":"https:\/\/aconteceunovale.com.br\/portal\/#\/schema\/person\/633529146f2c94272bef50ac2953d589"},"breadcrumb":{"@id":"https:\/\/aconteceunovale.com.br\/portal\/?p=132655#breadcrumb"},"inLanguage":"pt-BR","potentialAction":[{"@type":"ReadAction","target":["https:\/\/aconteceunovale.com.br\/portal\/?p=132655"]}]},{"@type":"ImageObject","inLanguage":"pt-BR","@id":"https:\/\/aconteceunovale.com.br\/portal\/?p=132655#primaryimage","url":"https:\/\/aconteceunovale.com.br\/portal\/wp-content\/uploads\/2014\/11\/cidade_adm_mg.jpg","contentUrl":"https:\/\/aconteceunovale.com.br\/portal\/wp-content\/uploads\/2014\/11\/cidade_adm_mg.jpg","width":678,"height":389},{"@type":"BreadcrumbList","@id":"https:\/\/aconteceunovale.com.br\/portal\/?p=132655#breadcrumb","itemListElement":[{"@type":"ListItem","position":1,"name":"In\u00edcio","item":"https:\/\/aconteceunovale.com.br\/portal\/"},{"@type":"ListItem","position":2,"name":"Inqu\u00e9rito de senador mineiro chega \u00e0 Justi\u00e7a de 1\u00aa Inst\u00e2ncia da capital"}]},{"@type":"WebSite","@id":"https:\/\/aconteceunovale.com.br\/portal\/#website","url":"https:\/\/aconteceunovale.com.br\/portal\/","name":"Aconteceu no Vale","description":"Portal de Not\u00edcias","potentialAction":[{"@type":"SearchAction","target":{"@type":"EntryPoint","urlTemplate":"https:\/\/aconteceunovale.com.br\/portal\/?s={search_term_string}"},"query-input":{"@type":"PropertyValueSpecification","valueRequired":true,"valueName":"search_term_string"}}],"inLanguage":"pt-BR"},{"@type":"Person","@id":"https:\/\/aconteceunovale.com.br\/portal\/#\/schema\/person\/633529146f2c94272bef50ac2953d589","name":"Aconteceu no Vale","description":"Equipe de reportagem do Aconteceu no Vale, portal de not\u00edcias do Vale do Jequitinhonha, em Minas Gerais. Cobrimos as 51 cidades do Vale desde 2013. Sugest\u00f5es de pauta e pedidos de corre\u00e7\u00e3o: contato@aconteceunovale.com.br","sameAs":["http:\/\/www.aconteceunovale.com.br"],"url":"https:\/\/aconteceunovale.com.br\/portal\/?author=1"}]}},"_links":{"self":[{"href":"https:\/\/aconteceunovale.com.br\/portal\/index.php?rest_route=\/wp\/v2\/posts\/132655","targetHints":{"allow":["GET"]}}],"collection":[{"href":"https:\/\/aconteceunovale.com.br\/portal\/index.php?rest_route=\/wp\/v2\/posts"}],"about":[{"href":"https:\/\/aconteceunovale.com.br\/portal\/index.php?rest_route=\/wp\/v2\/types\/post"}],"author":[{"embeddable":true,"href":"https:\/\/aconteceunovale.com.br\/portal\/index.php?rest_route=\/wp\/v2\/users\/1"}],"replies":[{"embeddable":true,"href":"https:\/\/aconteceunovale.com.br\/portal\/index.php?rest_route=%2Fwp%2Fv2%2Fcomments&post=132655"}],"version-history":[{"count":0,"href":"https:\/\/aconteceunovale.com.br\/portal\/index.php?rest_route=\/wp\/v2\/posts\/132655\/revisions"}],"wp:featuredmedia":[{"embeddable":true,"href":"https:\/\/aconteceunovale.com.br\/portal\/index.php?rest_route=\/wp\/v2\/media\/44203"}],"wp:attachment":[{"href":"https:\/\/aconteceunovale.com.br\/portal\/index.php?rest_route=%2Fwp%2Fv2%2Fmedia&parent=132655"}],"wp:term":[{"taxonomy":"category","embeddable":true,"href":"https:\/\/aconteceunovale.com.br\/portal\/index.php?rest_route=%2Fwp%2Fv2%2Fcategories&post=132655"},{"taxonomy":"post_tag","embeddable":true,"href":"https:\/\/aconteceunovale.com.br\/portal\/index.php?rest_route=%2Fwp%2Fv2%2Ftags&post=132655"}],"curies":[{"name":"wp","href":"https:\/\/api.w.org\/{rel}","templated":true}]}}