{"id":132643,"date":"2018-06-06T20:51:04","date_gmt":"2018-06-06T22:51:04","guid":{"rendered":"http:\/\/aconteceunovale.com.br\/portal\/?p=132643"},"modified":"2018-06-06T20:51:04","modified_gmt":"2018-06-06T22:51:04","slug":"presos-podem-ter-de-arcar-com-custos-de-permanencia-na-cadeia","status":"publish","type":"post","link":"https:\/\/aconteceunovale.com.br\/portal\/?p=132643","title":{"rendered":"Presos podem ter de arcar com custos de perman\u00eancia na cadeia"},"content":{"rendered":"<p>Os presidi\u00e1rios poder\u00e3o ser obrigados a ressarcir o Estado por despesas de manuten\u00e7\u00e3o com o cumprimento da pena. \u00c9 o que prev\u00ea o Projeto de Lei do Senado (PLS) 580\/15, de autoria do senador Waldemir Moka (MDB-MS). O texto foi aprovado nesta quarta-feira (6) pela Comiss\u00e3o de Constitui\u00e7\u00e3o e Justi\u00e7a (CCJ) do Senado, em decis\u00e3o terminativa, por isso, se nenhum senador apresentar recurso para que a mat\u00e9ria seja votada no plen\u00e1rio da Casa, ela segue direto para a C\u00e2mara dos Deputados.<\/p>\n<p>De acordo com o projeto, os detentos poder\u00e3o custear os gastos por meio de recursos pr\u00f3prios ou pelo trabalho. No caso de n\u00e3o possuir recursos pr\u00f3prios, o condenado dever\u00e1 trabalhar para esse ressarcimento. &#8220;O projeto \u00e9 de import\u00e2ncia \u00edmpar, no momento em que o pa\u00eds todo recebe o Atlas da Viol\u00eancia, em que a bandidagem toma conta do pa\u00eds. Cada preso hoje gasta em m\u00e9dia R$ 2.440 por m\u00eas, valor acima de muitos sal\u00e1rios de professores e de muitos profissionais de outras \u00e1reas do pa\u00eds&#8221;, alertou o senador Ronaldo Caiado (DEM-GO), relator da proposta.<\/p>\n<p>Se proposta tamb\u00e9m for aprovada na C\u00e2mara, a expectativa \u00e9 de que o Estado tenha mais recursos livres para pol\u00edticas p\u00fablicas. &#8220;N\u00e3o vamos ter de gastar com condenado para ficar com mordomia de penitenci\u00e1rias e sendo recrutados por fac\u00e7\u00f5es criminosas&#8221;, ressaltou Caiado.<\/p>\n<p>Embora o texto proponha a modifica\u00e7\u00e3o da Lei de Execu\u00e7\u00f5es Penais (Lep), ainda segundo o relator, o ressarcimento tratado no projeto tem natureza c\u00edvel, ou seja: &#8220;N\u00e3o se est\u00e1 falando em punir o condenado mais uma vez pelo crime praticado&#8221;. Ele justifica a constitucionalidade da proposta afirmando que, pela Constitui\u00e7\u00e3o Federal, todos os preju\u00edzos causados ao er\u00e1rio dever\u00e3o ser ressarcidos.<\/p>\n<p><strong>VER PRIMEIRO<\/strong><\/p>\n<p>Receba as not\u00edcias do Aconteceu no Vale em primeira m\u00e3o. Clique em curtir no endere\u00e7o <a href=\"https:\/\/www.facebook.com\/aconteceunovale\" target=\"_blank\"><font color=\"red\">www.facebook.com\/aconteceunovale<\/font><\/a> ou no box abaixo:<\/p>\n<div class=\"fb-like\" data-href=\"https:\/\/www.facebook.com\/aconteceunovale\" data-width=\"120\" data-layout=\"standard\" data-action=\"like\" data-size=\"small\" data-show-faces=\"true\" data-share=\"true\"><\/div>\n<p><\/br><\/p>\n<p><em>(Fonte: Ag\u00eancia Brasil)<\/em><\/p>\n","protected":false},"excerpt":{"rendered":"<p>Os presidi\u00e1rios poder\u00e3o ser obrigados a ressarcir o Estado por despesas de manuten\u00e7\u00e3o com o cumprimento da pena. \u00c9 o que prev\u00ea o Projeto de Lei do Senado (PLS) 580\/15, de autoria do senador Waldemir Moka (MDB-MS). O texto foi aprovado nesta quarta-feira (6) pela Comiss\u00e3o de Constitui\u00e7\u00e3o e Justi\u00e7a (CCJ) do Senado, em decis\u00e3o [&hellip;]<\/p>\n","protected":false},"author":1,"featured_media":102361,"comment_status":"open","ping_status":"closed","sticky":false,"template":"","format":"standard","meta":{"amp_status":"","footnotes":""},"categories":[6],"tags":[175463,175464,175466,175465,175462],"class_list":["post-132643","post","type-post","status-publish","format-standard","has-post-thumbnail","hentry","category-br","tag-custos-de-permanencia-na-cadeia","tag-detentos","tag-os-presidiarios-poderao-ser-obrigados-a-ressarcir-o-estado-por-despesas-de-manutencao-com-o-cumprimento-da-pena","tag-pls-58015","tag-presos-podem-ter-de-arcar-com-custos-de-permanencia-na-cadeia"],"yoast_head":"<!-- This site is optimized with the Yoast SEO plugin v28.3 - https:\/\/yoast.com\/product\/yoast-seo-wordpress\/ -->\n<title>Presos podem ter de arcar com custos de perman\u00eancia na cadeia - Aconteceu no Vale<\/title>\n<meta name=\"robots\" content=\"index, follow, max-snippet:-1, max-image-preview:large, max-video-preview:-1\" \/>\n<link rel=\"canonical\" href=\"https:\/\/aconteceunovale.com.br\/portal\/?p=132643\" \/>\n<meta property=\"og:locale\" content=\"pt_BR\" \/>\n<meta property=\"og:type\" content=\"article\" \/>\n<meta property=\"og:title\" content=\"Presos podem ter de arcar com custos de perman\u00eancia na cadeia - Aconteceu no Vale\" \/>\n<meta property=\"og:description\" content=\"Os presidi\u00e1rios poder\u00e3o ser obrigados a ressarcir o Estado por despesas de manuten\u00e7\u00e3o com o cumprimento da pena. \u00c9 o que prev\u00ea o Projeto de Lei do Senado (PLS) 580\/15, de autoria do senador Waldemir Moka (MDB-MS). O texto foi aprovado nesta quarta-feira (6) pela Comiss\u00e3o de Constitui\u00e7\u00e3o e Justi\u00e7a (CCJ) do Senado, em decis\u00e3o [&hellip;]\" \/>\n<meta property=\"og:url\" content=\"https:\/\/aconteceunovale.com.br\/portal\/?p=132643\" \/>\n<meta property=\"og:site_name\" content=\"Aconteceu no Vale\" \/>\n<meta property=\"article:publisher\" content=\"https:\/\/www.facebook.com\/aconteceunovale\/\" \/>\n<meta property=\"article:published_time\" content=\"2018-06-06T22:51:04+00:00\" \/>\n<meta property=\"og:image\" content=\"https:\/\/aconteceunovale.com.br\/portal\/wp-content\/uploads\/2016\/11\/preso.jpg\" \/>\n\t<meta property=\"og:image:width\" content=\"648\" \/>\n\t<meta property=\"og:image:height\" content=\"384\" \/>\n\t<meta property=\"og:image:type\" content=\"image\/jpeg\" \/>\n<meta name=\"author\" content=\"Aconteceu no Vale\" \/>\n<meta name=\"twitter:card\" content=\"summary_large_image\" \/>\n<meta name=\"twitter:creator\" content=\"@noticiadosvales\" \/>\n<meta name=\"twitter:site\" content=\"@noticiadosvales\" \/>\n<meta name=\"twitter:label1\" content=\"Escrito por\" \/>\n\t<meta name=\"twitter:data1\" content=\"Aconteceu no Vale\" \/>\n\t<meta name=\"twitter:label2\" content=\"Est. tempo de leitura\" \/>\n\t<meta name=\"twitter:data2\" content=\"2 minutos\" \/>\n<script type=\"application\/ld+json\" class=\"yoast-schema-graph\">{\"@context\":\"https:\\\/\\\/schema.org\",\"@graph\":[{\"@type\":\"Article\",\"@id\":\"https:\\\/\\\/aconteceunovale.com.br\\\/portal\\\/?p=132643#article\",\"isPartOf\":{\"@id\":\"https:\\\/\\\/aconteceunovale.com.br\\\/portal\\\/?p=132643\"},\"author\":{\"name\":\"Aconteceu no Vale\",\"@id\":\"https:\\\/\\\/aconteceunovale.com.br\\\/portal\\\/#\\\/schema\\\/person\\\/633529146f2c94272bef50ac2953d589\"},\"headline\":\"Presos podem ter de arcar com custos de perman\u00eancia na cadeia\",\"datePublished\":\"2018-06-06T22:51:04+00:00\",\"mainEntityOfPage\":{\"@id\":\"https:\\\/\\\/aconteceunovale.com.br\\\/portal\\\/?p=132643\"},\"wordCount\":352,\"commentCount\":0,\"image\":{\"@id\":\"https:\\\/\\\/aconteceunovale.com.br\\\/portal\\\/?p=132643#primaryimage\"},\"thumbnailUrl\":\"https:\\\/\\\/aconteceunovale.com.br\\\/portal\\\/wp-content\\\/uploads\\\/2016\\\/11\\\/preso.jpg\",\"keywords\":[\"Custos de perman\u00eancia na cadeia\",\"detentos\",\"Os presidi\u00e1rios poder\u00e3o ser obrigados a ressarcir o Estado por despesas de manuten\u00e7\u00e3o com o cumprimento da pena\",\"PLS 580\\\/15\",\"Presos podem ter de arcar com custos de perman\u00eancia na cadeia\"],\"articleSection\":[\"Brasil\"],\"inLanguage\":\"pt-BR\",\"potentialAction\":[{\"@type\":\"CommentAction\",\"name\":\"Comment\",\"target\":[\"https:\\\/\\\/aconteceunovale.com.br\\\/portal\\\/?p=132643#respond\"]}]},{\"@type\":\"WebPage\",\"@id\":\"https:\\\/\\\/aconteceunovale.com.br\\\/portal\\\/?p=132643\",\"url\":\"https:\\\/\\\/aconteceunovale.com.br\\\/portal\\\/?p=132643\",\"name\":\"Presos podem ter de arcar com custos de perman\u00eancia na cadeia - Aconteceu no Vale\",\"isPartOf\":{\"@id\":\"https:\\\/\\\/aconteceunovale.com.br\\\/portal\\\/#website\"},\"primaryImageOfPage\":{\"@id\":\"https:\\\/\\\/aconteceunovale.com.br\\\/portal\\\/?p=132643#primaryimage\"},\"image\":{\"@id\":\"https:\\\/\\\/aconteceunovale.com.br\\\/portal\\\/?p=132643#primaryimage\"},\"thumbnailUrl\":\"https:\\\/\\\/aconteceunovale.com.br\\\/portal\\\/wp-content\\\/uploads\\\/2016\\\/11\\\/preso.jpg\",\"datePublished\":\"2018-06-06T22:51:04+00:00\",\"author\":{\"@id\":\"https:\\\/\\\/aconteceunovale.com.br\\\/portal\\\/#\\\/schema\\\/person\\\/633529146f2c94272bef50ac2953d589\"},\"breadcrumb\":{\"@id\":\"https:\\\/\\\/aconteceunovale.com.br\\\/portal\\\/?p=132643#breadcrumb\"},\"inLanguage\":\"pt-BR\",\"potentialAction\":[{\"@type\":\"ReadAction\",\"target\":[\"https:\\\/\\\/aconteceunovale.com.br\\\/portal\\\/?p=132643\"]}]},{\"@type\":\"ImageObject\",\"inLanguage\":\"pt-BR\",\"@id\":\"https:\\\/\\\/aconteceunovale.com.br\\\/portal\\\/?p=132643#primaryimage\",\"url\":\"https:\\\/\\\/aconteceunovale.com.br\\\/portal\\\/wp-content\\\/uploads\\\/2016\\\/11\\\/preso.jpg\",\"contentUrl\":\"https:\\\/\\\/aconteceunovale.com.br\\\/portal\\\/wp-content\\\/uploads\\\/2016\\\/11\\\/preso.jpg\",\"width\":648,\"height\":384},{\"@type\":\"BreadcrumbList\",\"@id\":\"https:\\\/\\\/aconteceunovale.com.br\\\/portal\\\/?p=132643#breadcrumb\",\"itemListElement\":[{\"@type\":\"ListItem\",\"position\":1,\"name\":\"In\u00edcio\",\"item\":\"https:\\\/\\\/aconteceunovale.com.br\\\/portal\\\/\"},{\"@type\":\"ListItem\",\"position\":2,\"name\":\"Presos podem ter de arcar com custos de perman\u00eancia na cadeia\"}]},{\"@type\":\"WebSite\",\"@id\":\"https:\\\/\\\/aconteceunovale.com.br\\\/portal\\\/#website\",\"url\":\"https:\\\/\\\/aconteceunovale.com.br\\\/portal\\\/\",\"name\":\"Aconteceu no Vale\",\"description\":\"Portal de Not\u00edcias\",\"potentialAction\":[{\"@type\":\"SearchAction\",\"target\":{\"@type\":\"EntryPoint\",\"urlTemplate\":\"https:\\\/\\\/aconteceunovale.com.br\\\/portal\\\/?s={search_term_string}\"},\"query-input\":{\"@type\":\"PropertyValueSpecification\",\"valueRequired\":true,\"valueName\":\"search_term_string\"}}],\"inLanguage\":\"pt-BR\"},{\"@type\":\"Person\",\"@id\":\"https:\\\/\\\/aconteceunovale.com.br\\\/portal\\\/#\\\/schema\\\/person\\\/633529146f2c94272bef50ac2953d589\",\"name\":\"Aconteceu no Vale\",\"description\":\"Equipe de reportagem do Aconteceu no Vale, portal de not\u00edcias do Vale do Jequitinhonha, em Minas Gerais. Cobrimos as 51 cidades do Vale desde 2013. Sugest\u00f5es de pauta e pedidos de corre\u00e7\u00e3o: contato@aconteceunovale.com.br\",\"sameAs\":[\"http:\\\/\\\/www.aconteceunovale.com.br\"],\"url\":\"https:\\\/\\\/aconteceunovale.com.br\\\/portal\\\/?author=1\"}]}<\/script>\n<!-- \/ Yoast SEO plugin. -->","yoast_head_json":{"title":"Presos podem ter de arcar com custos de perman\u00eancia na cadeia - Aconteceu no Vale","robots":{"index":"index","follow":"follow","max-snippet":"max-snippet:-1","max-image-preview":"max-image-preview:large","max-video-preview":"max-video-preview:-1"},"canonical":"https:\/\/aconteceunovale.com.br\/portal\/?p=132643","og_locale":"pt_BR","og_type":"article","og_title":"Presos podem ter de arcar com custos de perman\u00eancia na cadeia - Aconteceu no Vale","og_description":"Os presidi\u00e1rios poder\u00e3o ser obrigados a ressarcir o Estado por despesas de manuten\u00e7\u00e3o com o cumprimento da pena. \u00c9 o que prev\u00ea o Projeto de Lei do Senado (PLS) 580\/15, de autoria do senador Waldemir Moka (MDB-MS). O texto foi aprovado nesta quarta-feira (6) pela Comiss\u00e3o de Constitui\u00e7\u00e3o e Justi\u00e7a (CCJ) do Senado, em decis\u00e3o [&hellip;]","og_url":"https:\/\/aconteceunovale.com.br\/portal\/?p=132643","og_site_name":"Aconteceu no Vale","article_publisher":"https:\/\/www.facebook.com\/aconteceunovale\/","article_published_time":"2018-06-06T22:51:04+00:00","og_image":[{"width":648,"height":384,"url":"https:\/\/aconteceunovale.com.br\/portal\/wp-content\/uploads\/2016\/11\/preso.jpg","type":"image\/jpeg"}],"author":"Aconteceu no Vale","twitter_card":"summary_large_image","twitter_creator":"@noticiadosvales","twitter_site":"@noticiadosvales","twitter_misc":{"Escrito por":"Aconteceu no Vale","Est. tempo de leitura":"2 minutos"},"schema":{"@context":"https:\/\/schema.org","@graph":[{"@type":"Article","@id":"https:\/\/aconteceunovale.com.br\/portal\/?p=132643#article","isPartOf":{"@id":"https:\/\/aconteceunovale.com.br\/portal\/?p=132643"},"author":{"name":"Aconteceu no Vale","@id":"https:\/\/aconteceunovale.com.br\/portal\/#\/schema\/person\/633529146f2c94272bef50ac2953d589"},"headline":"Presos podem ter de arcar com custos de perman\u00eancia na cadeia","datePublished":"2018-06-06T22:51:04+00:00","mainEntityOfPage":{"@id":"https:\/\/aconteceunovale.com.br\/portal\/?p=132643"},"wordCount":352,"commentCount":0,"image":{"@id":"https:\/\/aconteceunovale.com.br\/portal\/?p=132643#primaryimage"},"thumbnailUrl":"https:\/\/aconteceunovale.com.br\/portal\/wp-content\/uploads\/2016\/11\/preso.jpg","keywords":["Custos de perman\u00eancia na cadeia","detentos","Os presidi\u00e1rios poder\u00e3o ser obrigados a ressarcir o Estado por despesas de manuten\u00e7\u00e3o com o cumprimento da pena","PLS 580\/15","Presos podem ter de arcar com custos de perman\u00eancia na cadeia"],"articleSection":["Brasil"],"inLanguage":"pt-BR","potentialAction":[{"@type":"CommentAction","name":"Comment","target":["https:\/\/aconteceunovale.com.br\/portal\/?p=132643#respond"]}]},{"@type":"WebPage","@id":"https:\/\/aconteceunovale.com.br\/portal\/?p=132643","url":"https:\/\/aconteceunovale.com.br\/portal\/?p=132643","name":"Presos podem ter de arcar com custos de perman\u00eancia na cadeia - Aconteceu no Vale","isPartOf":{"@id":"https:\/\/aconteceunovale.com.br\/portal\/#website"},"primaryImageOfPage":{"@id":"https:\/\/aconteceunovale.com.br\/portal\/?p=132643#primaryimage"},"image":{"@id":"https:\/\/aconteceunovale.com.br\/portal\/?p=132643#primaryimage"},"thumbnailUrl":"https:\/\/aconteceunovale.com.br\/portal\/wp-content\/uploads\/2016\/11\/preso.jpg","datePublished":"2018-06-06T22:51:04+00:00","author":{"@id":"https:\/\/aconteceunovale.com.br\/portal\/#\/schema\/person\/633529146f2c94272bef50ac2953d589"},"breadcrumb":{"@id":"https:\/\/aconteceunovale.com.br\/portal\/?p=132643#breadcrumb"},"inLanguage":"pt-BR","potentialAction":[{"@type":"ReadAction","target":["https:\/\/aconteceunovale.com.br\/portal\/?p=132643"]}]},{"@type":"ImageObject","inLanguage":"pt-BR","@id":"https:\/\/aconteceunovale.com.br\/portal\/?p=132643#primaryimage","url":"https:\/\/aconteceunovale.com.br\/portal\/wp-content\/uploads\/2016\/11\/preso.jpg","contentUrl":"https:\/\/aconteceunovale.com.br\/portal\/wp-content\/uploads\/2016\/11\/preso.jpg","width":648,"height":384},{"@type":"BreadcrumbList","@id":"https:\/\/aconteceunovale.com.br\/portal\/?p=132643#breadcrumb","itemListElement":[{"@type":"ListItem","position":1,"name":"In\u00edcio","item":"https:\/\/aconteceunovale.com.br\/portal\/"},{"@type":"ListItem","position":2,"name":"Presos podem ter de arcar com custos de perman\u00eancia na cadeia"}]},{"@type":"WebSite","@id":"https:\/\/aconteceunovale.com.br\/portal\/#website","url":"https:\/\/aconteceunovale.com.br\/portal\/","name":"Aconteceu no Vale","description":"Portal de Not\u00edcias","potentialAction":[{"@type":"SearchAction","target":{"@type":"EntryPoint","urlTemplate":"https:\/\/aconteceunovale.com.br\/portal\/?s={search_term_string}"},"query-input":{"@type":"PropertyValueSpecification","valueRequired":true,"valueName":"search_term_string"}}],"inLanguage":"pt-BR"},{"@type":"Person","@id":"https:\/\/aconteceunovale.com.br\/portal\/#\/schema\/person\/633529146f2c94272bef50ac2953d589","name":"Aconteceu no Vale","description":"Equipe de reportagem do Aconteceu no Vale, portal de not\u00edcias do Vale do Jequitinhonha, em Minas Gerais. Cobrimos as 51 cidades do Vale desde 2013. Sugest\u00f5es de pauta e pedidos de corre\u00e7\u00e3o: contato@aconteceunovale.com.br","sameAs":["http:\/\/www.aconteceunovale.com.br"],"url":"https:\/\/aconteceunovale.com.br\/portal\/?author=1"}]}},"_links":{"self":[{"href":"https:\/\/aconteceunovale.com.br\/portal\/index.php?rest_route=\/wp\/v2\/posts\/132643","targetHints":{"allow":["GET"]}}],"collection":[{"href":"https:\/\/aconteceunovale.com.br\/portal\/index.php?rest_route=\/wp\/v2\/posts"}],"about":[{"href":"https:\/\/aconteceunovale.com.br\/portal\/index.php?rest_route=\/wp\/v2\/types\/post"}],"author":[{"embeddable":true,"href":"https:\/\/aconteceunovale.com.br\/portal\/index.php?rest_route=\/wp\/v2\/users\/1"}],"replies":[{"embeddable":true,"href":"https:\/\/aconteceunovale.com.br\/portal\/index.php?rest_route=%2Fwp%2Fv2%2Fcomments&post=132643"}],"version-history":[{"count":0,"href":"https:\/\/aconteceunovale.com.br\/portal\/index.php?rest_route=\/wp\/v2\/posts\/132643\/revisions"}],"wp:featuredmedia":[{"embeddable":true,"href":"https:\/\/aconteceunovale.com.br\/portal\/index.php?rest_route=\/wp\/v2\/media\/102361"}],"wp:attachment":[{"href":"https:\/\/aconteceunovale.com.br\/portal\/index.php?rest_route=%2Fwp%2Fv2%2Fmedia&parent=132643"}],"wp:term":[{"taxonomy":"category","embeddable":true,"href":"https:\/\/aconteceunovale.com.br\/portal\/index.php?rest_route=%2Fwp%2Fv2%2Fcategories&post=132643"},{"taxonomy":"post_tag","embeddable":true,"href":"https:\/\/aconteceunovale.com.br\/portal\/index.php?rest_route=%2Fwp%2Fv2%2Ftags&post=132643"}],"curies":[{"name":"wp","href":"https:\/\/api.w.org\/{rel}","templated":true}]}}