{"id":132633,"date":"2018-06-06T15:18:22","date_gmt":"2018-06-06T17:18:22","guid":{"rendered":"http:\/\/aconteceunovale.com.br\/portal\/?p=132633"},"modified":"2026-08-31T22:57:01","modified_gmt":"2026-09-01T01:57:01","slug":"fundacao-hospitalar-de-capelinha-realiza-campanha-para-arrecadar-recursos-atraves-de-contas-de-luz","status":"publish","type":"post","link":"https:\/\/aconteceunovale.com.br\/portal\/?p=132633","title":{"rendered":"Funda\u00e7\u00e3o Hospitalar de Capelinha realiza campanha para arrecadar recursos atrav\u00e9s de contas de luz"},"content":{"rendered":"<p>A Funda\u00e7\u00e3o Hospitalar S\u00e3o Vicente de Paulo, de Capelinha\/MG, convida os moradores do munic\u00edpio para o lan\u00e7amento da campanha &#8220;Doe Luz e Salve Vidas&#8221;, que acontecer\u00e1 no pr\u00f3ximo na pr\u00f3xima s\u00e1bado (09\/06\/2018), \u00e0s 8h da manh\u00e3, no Galp\u00e3o Cultural Maria Odeth Sampaio. Segundo a entidade, o objetivo \u00e9 arrecadar recursos atrav\u00e9s das contas de energia el\u00e9trica para contribuir com a manuten\u00e7\u00e3o das atividades da unidade de sa\u00fade.<\/p>\n<p>O Galp\u00e3o Cultural est\u00e1 localizado na Avenida Arlindo Jos\u00e9 de Oliveira, s\/n, no bairro Ac\u00e1cias. Mais informa\u00e7\u00f5es atrav\u00e9s do site www.fhsvp.com.br ou pelo telefone (33) 3516-1366.<\/p>\n<p><img decoding=\"async\" src=\"http:\/\/aconteceunovale.com.br\/portal\/wp-content\/uploads\/2018\/06\/campanha_doevidas.jpg\" alt=\"\" \/><br \/>\n<\/br><\/p>\n<p><strong>VER PRIMEIRO<\/strong><\/p>\n<p>Receba as not\u00edcias do Aconteceu no Vale em primeira m\u00e3o. Clique em curtir no endere\u00e7o <a href=\"https:\/\/www.facebook.com\/aconteceunovale\" target=\"_blank\"><font color=\"red\">www.facebook.com\/aconteceunovale<\/font><\/a> ou no box abaixo:<\/p>\n<div class=\"fb-like\" data-href=\"https:\/\/www.facebook.com\/aconteceunovale\" data-width=\"120\" data-layout=\"standard\" data-action=\"like\" data-size=\"small\" data-show-faces=\"true\" data-share=\"true\"><\/div>\n<p><\/br><\/p>\n","protected":false},"excerpt":{"rendered":"<p>A Funda\u00e7\u00e3o Hospitalar S\u00e3o Vicente de Paulo, de Capelinha\/MG, convida os moradores do munic\u00edpio para o lan\u00e7amento da campanha &#8220;Doe Luz e Salve Vidas&#8221;, que acontecer\u00e1 no pr\u00f3ximo na pr\u00f3xima s\u00e1bado (09\/06\/2018), \u00e0s 8h da manh\u00e3, no Galp\u00e3o Cultural Maria Odeth Sampaio. Segundo a entidade, o objetivo \u00e9 arrecadar recursos atrav\u00e9s das contas de energia [&hellip;]<\/p>\n","protected":false},"author":1,"featured_media":132635,"comment_status":"open","ping_status":"closed","sticky":false,"template":"","format":"standard","meta":{"amp_status":"","footnotes":""},"categories":[272535,125,120],"tags":[175455,132,175453,175454,175452,175451,14099,137376],"class_list":["post-132633","post","type-post","status-publish","format-standard","has-post-thumbnail","hentry","category-capelinha","category-noticias","category-jequi","tag-campanha-doe-luz-e-salve-vidas","tag-capelinha","tag-crise-hospital-de-capelinha","tag-doe-luz-e-salve-vidas","tag-fundacao-hospitalar-de-capelinha","tag-fundacao-hospitalar-de-capelinha-realiza-campanha-para-arrecadar-recursos-atraves-de-contas-de-luz","tag-fundacao-hospitalar-sao-vicente-de-paulo","tag-hospital-de-capelinha"],"yoast_head":"<!-- This site is optimized with the Yoast SEO plugin v28.3 - https:\/\/yoast.com\/product\/yoast-seo-wordpress\/ -->\n<title>Funda\u00e7\u00e3o Hospitalar de Capelinha realiza campanha para arrecadar recursos atrav\u00e9s de contas de luz - Aconteceu no Vale<\/title>\n<meta name=\"robots\" content=\"index, follow, max-snippet:-1, max-image-preview:large, max-video-preview:-1\" \/>\n<link rel=\"canonical\" href=\"https:\/\/aconteceunovale.com.br\/portal\/?p=132633\" \/>\n<meta property=\"og:locale\" content=\"pt_BR\" \/>\n<meta property=\"og:type\" content=\"article\" \/>\n<meta property=\"og:title\" content=\"Funda\u00e7\u00e3o Hospitalar de Capelinha realiza campanha para arrecadar recursos atrav\u00e9s de contas de luz - Aconteceu no Vale\" \/>\n<meta property=\"og:description\" content=\"A Funda\u00e7\u00e3o Hospitalar S\u00e3o Vicente de Paulo, de Capelinha\/MG, convida os moradores do munic\u00edpio para o lan\u00e7amento da campanha &#8220;Doe Luz e Salve Vidas&#8221;, que acontecer\u00e1 no pr\u00f3ximo na pr\u00f3xima s\u00e1bado (09\/06\/2018), \u00e0s 8h da manh\u00e3, no Galp\u00e3o Cultural Maria Odeth Sampaio. Segundo a entidade, o objetivo \u00e9 arrecadar recursos atrav\u00e9s das contas de energia [&hellip;]\" \/>\n<meta property=\"og:url\" content=\"https:\/\/aconteceunovale.com.br\/portal\/?p=132633\" \/>\n<meta property=\"og:site_name\" content=\"Aconteceu no Vale\" \/>\n<meta property=\"article:publisher\" content=\"https:\/\/www.facebook.com\/aconteceunovale\/\" \/>\n<meta property=\"article:published_time\" content=\"2018-06-06T17:18:22+00:00\" \/>\n<meta property=\"article:modified_time\" content=\"2026-09-01T01:57:01+00:00\" \/>\n<meta property=\"og:image\" content=\"https:\/\/aconteceunovale.com.br\/portal\/wp-content\/uploads\/2018\/06\/campanha_doevidas2.jpg\" \/>\n\t<meta property=\"og:image:width\" content=\"630\" \/>\n\t<meta property=\"og:image:height\" content=\"450\" \/>\n\t<meta property=\"og:image:type\" content=\"image\/jpeg\" \/>\n<meta name=\"author\" content=\"Aconteceu no Vale\" \/>\n<meta name=\"twitter:card\" content=\"summary_large_image\" \/>\n<meta name=\"twitter:creator\" content=\"@noticiadosvales\" \/>\n<meta name=\"twitter:site\" content=\"@noticiadosvales\" \/>\n<meta name=\"twitter:label1\" content=\"Escrito por\" \/>\n\t<meta name=\"twitter:data1\" content=\"Aconteceu no Vale\" \/>\n\t<meta name=\"twitter:label2\" content=\"Est. tempo de leitura\" \/>\n\t<meta name=\"twitter:data2\" content=\"1 minuto\" \/>\n<script type=\"application\/ld+json\" class=\"yoast-schema-graph\">{\"@context\":\"https:\\\/\\\/schema.org\",\"@graph\":[{\"@type\":\"Article\",\"@id\":\"https:\\\/\\\/aconteceunovale.com.br\\\/portal\\\/?p=132633#article\",\"isPartOf\":{\"@id\":\"https:\\\/\\\/aconteceunovale.com.br\\\/portal\\\/?p=132633\"},\"author\":{\"name\":\"Aconteceu no Vale\",\"@id\":\"https:\\\/\\\/aconteceunovale.com.br\\\/portal\\\/#\\\/schema\\\/person\\\/633529146f2c94272bef50ac2953d589\"},\"headline\":\"Funda\u00e7\u00e3o Hospitalar de Capelinha realiza campanha para arrecadar recursos atrav\u00e9s de contas de luz\",\"datePublished\":\"2018-06-06T17:18:22+00:00\",\"dateModified\":\"2026-09-01T01:57:01+00:00\",\"mainEntityOfPage\":{\"@id\":\"https:\\\/\\\/aconteceunovale.com.br\\\/portal\\\/?p=132633\"},\"wordCount\":155,\"commentCount\":0,\"image\":{\"@id\":\"https:\\\/\\\/aconteceunovale.com.br\\\/portal\\\/?p=132633#primaryimage\"},\"thumbnailUrl\":\"https:\\\/\\\/aconteceunovale.com.br\\\/portal\\\/wp-content\\\/uploads\\\/2018\\\/06\\\/campanha_doevidas2.jpg\",\"keywords\":[\"Campanha Doe Luz e Salve Vidas\",\"Capelinha\",\"Crise hospital de Capelinha\",\"Doe Luz e Salve Vidas\",\"Funda\u00e7\u00e3o Hospitalar de Capelinha\",\"Funda\u00e7\u00e3o Hospitalar de Capelinha realiza campanha para arrecadar recursos atrav\u00e9s de contas de luz\",\"Funda\u00e7\u00e3o Hospitalar S\u00e3o Vicente de Paulo\",\"Hospital de Capelinha\"],\"articleSection\":[\"Capelinha\",\"Eventos\",\"Vale do Jequitinhonha\"],\"inLanguage\":\"pt-BR\",\"potentialAction\":[{\"@type\":\"CommentAction\",\"name\":\"Comment\",\"target\":[\"https:\\\/\\\/aconteceunovale.com.br\\\/portal\\\/?p=132633#respond\"]}]},{\"@type\":\"WebPage\",\"@id\":\"https:\\\/\\\/aconteceunovale.com.br\\\/portal\\\/?p=132633\",\"url\":\"https:\\\/\\\/aconteceunovale.com.br\\\/portal\\\/?p=132633\",\"name\":\"Funda\u00e7\u00e3o Hospitalar de Capelinha realiza campanha para arrecadar recursos atrav\u00e9s de contas de luz - Aconteceu no Vale\",\"isPartOf\":{\"@id\":\"https:\\\/\\\/aconteceunovale.com.br\\\/portal\\\/#website\"},\"primaryImageOfPage\":{\"@id\":\"https:\\\/\\\/aconteceunovale.com.br\\\/portal\\\/?p=132633#primaryimage\"},\"image\":{\"@id\":\"https:\\\/\\\/aconteceunovale.com.br\\\/portal\\\/?p=132633#primaryimage\"},\"thumbnailUrl\":\"https:\\\/\\\/aconteceunovale.com.br\\\/portal\\\/wp-content\\\/uploads\\\/2018\\\/06\\\/campanha_doevidas2.jpg\",\"datePublished\":\"2018-06-06T17:18:22+00:00\",\"dateModified\":\"2026-09-01T01:57:01+00:00\",\"author\":{\"@id\":\"https:\\\/\\\/aconteceunovale.com.br\\\/portal\\\/#\\\/schema\\\/person\\\/633529146f2c94272bef50ac2953d589\"},\"breadcrumb\":{\"@id\":\"https:\\\/\\\/aconteceunovale.com.br\\\/portal\\\/?p=132633#breadcrumb\"},\"inLanguage\":\"pt-BR\",\"potentialAction\":[{\"@type\":\"ReadAction\",\"target\":[\"https:\\\/\\\/aconteceunovale.com.br\\\/portal\\\/?p=132633\"]}]},{\"@type\":\"ImageObject\",\"inLanguage\":\"pt-BR\",\"@id\":\"https:\\\/\\\/aconteceunovale.com.br\\\/portal\\\/?p=132633#primaryimage\",\"url\":\"https:\\\/\\\/aconteceunovale.com.br\\\/portal\\\/wp-content\\\/uploads\\\/2018\\\/06\\\/campanha_doevidas2.jpg\",\"contentUrl\":\"https:\\\/\\\/aconteceunovale.com.br\\\/portal\\\/wp-content\\\/uploads\\\/2018\\\/06\\\/campanha_doevidas2.jpg\",\"width\":630,\"height\":450},{\"@type\":\"BreadcrumbList\",\"@id\":\"https:\\\/\\\/aconteceunovale.com.br\\\/portal\\\/?p=132633#breadcrumb\",\"itemListElement\":[{\"@type\":\"ListItem\",\"position\":1,\"name\":\"In\u00edcio\",\"item\":\"https:\\\/\\\/aconteceunovale.com.br\\\/portal\\\/\"},{\"@type\":\"ListItem\",\"position\":2,\"name\":\"Funda\u00e7\u00e3o Hospitalar de Capelinha realiza campanha para arrecadar recursos atrav\u00e9s de contas de luz\"}]},{\"@type\":\"WebSite\",\"@id\":\"https:\\\/\\\/aconteceunovale.com.br\\\/portal\\\/#website\",\"url\":\"https:\\\/\\\/aconteceunovale.com.br\\\/portal\\\/\",\"name\":\"Aconteceu no Vale\",\"description\":\"Portal de Not\u00edcias\",\"potentialAction\":[{\"@type\":\"SearchAction\",\"target\":{\"@type\":\"EntryPoint\",\"urlTemplate\":\"https:\\\/\\\/aconteceunovale.com.br\\\/portal\\\/?s={search_term_string}\"},\"query-input\":{\"@type\":\"PropertyValueSpecification\",\"valueRequired\":true,\"valueName\":\"search_term_string\"}}],\"inLanguage\":\"pt-BR\"},{\"@type\":\"Person\",\"@id\":\"https:\\\/\\\/aconteceunovale.com.br\\\/portal\\\/#\\\/schema\\\/person\\\/633529146f2c94272bef50ac2953d589\",\"name\":\"Aconteceu no Vale\",\"description\":\"Equipe de reportagem do Aconteceu no Vale, portal de not\u00edcias do Vale do Jequitinhonha, em Minas Gerais. Cobrimos as 51 cidades do Vale desde 2013. Sugest\u00f5es de pauta e pedidos de corre\u00e7\u00e3o: contato@aconteceunovale.com.br\",\"sameAs\":[\"http:\\\/\\\/www.aconteceunovale.com.br\"],\"url\":\"https:\\\/\\\/aconteceunovale.com.br\\\/portal\\\/?author=1\"}]}<\/script>\n<!-- \/ Yoast SEO plugin. -->","yoast_head_json":{"title":"Funda\u00e7\u00e3o Hospitalar de Capelinha realiza campanha para arrecadar recursos atrav\u00e9s de contas de luz - Aconteceu no Vale","robots":{"index":"index","follow":"follow","max-snippet":"max-snippet:-1","max-image-preview":"max-image-preview:large","max-video-preview":"max-video-preview:-1"},"canonical":"https:\/\/aconteceunovale.com.br\/portal\/?p=132633","og_locale":"pt_BR","og_type":"article","og_title":"Funda\u00e7\u00e3o Hospitalar de Capelinha realiza campanha para arrecadar recursos atrav\u00e9s de contas de luz - Aconteceu no Vale","og_description":"A Funda\u00e7\u00e3o Hospitalar S\u00e3o Vicente de Paulo, de Capelinha\/MG, convida os moradores do munic\u00edpio para o lan\u00e7amento da campanha &#8220;Doe Luz e Salve Vidas&#8221;, que acontecer\u00e1 no pr\u00f3ximo na pr\u00f3xima s\u00e1bado (09\/06\/2018), \u00e0s 8h da manh\u00e3, no Galp\u00e3o Cultural Maria Odeth Sampaio. Segundo a entidade, o objetivo \u00e9 arrecadar recursos atrav\u00e9s das contas de energia [&hellip;]","og_url":"https:\/\/aconteceunovale.com.br\/portal\/?p=132633","og_site_name":"Aconteceu no Vale","article_publisher":"https:\/\/www.facebook.com\/aconteceunovale\/","article_published_time":"2018-06-06T17:18:22+00:00","article_modified_time":"2026-09-01T01:57:01+00:00","og_image":[{"width":630,"height":450,"url":"https:\/\/aconteceunovale.com.br\/portal\/wp-content\/uploads\/2018\/06\/campanha_doevidas2.jpg","type":"image\/jpeg"}],"author":"Aconteceu no Vale","twitter_card":"summary_large_image","twitter_creator":"@noticiadosvales","twitter_site":"@noticiadosvales","twitter_misc":{"Escrito por":"Aconteceu no Vale","Est. tempo de leitura":"1 minuto"},"schema":{"@context":"https:\/\/schema.org","@graph":[{"@type":"Article","@id":"https:\/\/aconteceunovale.com.br\/portal\/?p=132633#article","isPartOf":{"@id":"https:\/\/aconteceunovale.com.br\/portal\/?p=132633"},"author":{"name":"Aconteceu no Vale","@id":"https:\/\/aconteceunovale.com.br\/portal\/#\/schema\/person\/633529146f2c94272bef50ac2953d589"},"headline":"Funda\u00e7\u00e3o Hospitalar de Capelinha realiza campanha para arrecadar recursos atrav\u00e9s de contas de luz","datePublished":"2018-06-06T17:18:22+00:00","dateModified":"2026-09-01T01:57:01+00:00","mainEntityOfPage":{"@id":"https:\/\/aconteceunovale.com.br\/portal\/?p=132633"},"wordCount":155,"commentCount":0,"image":{"@id":"https:\/\/aconteceunovale.com.br\/portal\/?p=132633#primaryimage"},"thumbnailUrl":"https:\/\/aconteceunovale.com.br\/portal\/wp-content\/uploads\/2018\/06\/campanha_doevidas2.jpg","keywords":["Campanha Doe Luz e Salve Vidas","Capelinha","Crise hospital de Capelinha","Doe Luz e Salve Vidas","Funda\u00e7\u00e3o Hospitalar de Capelinha","Funda\u00e7\u00e3o Hospitalar de Capelinha realiza campanha para arrecadar recursos atrav\u00e9s de contas de luz","Funda\u00e7\u00e3o Hospitalar S\u00e3o Vicente de Paulo","Hospital de Capelinha"],"articleSection":["Capelinha","Eventos","Vale do Jequitinhonha"],"inLanguage":"pt-BR","potentialAction":[{"@type":"CommentAction","name":"Comment","target":["https:\/\/aconteceunovale.com.br\/portal\/?p=132633#respond"]}]},{"@type":"WebPage","@id":"https:\/\/aconteceunovale.com.br\/portal\/?p=132633","url":"https:\/\/aconteceunovale.com.br\/portal\/?p=132633","name":"Funda\u00e7\u00e3o Hospitalar de Capelinha realiza campanha para arrecadar recursos atrav\u00e9s de contas de luz - Aconteceu no Vale","isPartOf":{"@id":"https:\/\/aconteceunovale.com.br\/portal\/#website"},"primaryImageOfPage":{"@id":"https:\/\/aconteceunovale.com.br\/portal\/?p=132633#primaryimage"},"image":{"@id":"https:\/\/aconteceunovale.com.br\/portal\/?p=132633#primaryimage"},"thumbnailUrl":"https:\/\/aconteceunovale.com.br\/portal\/wp-content\/uploads\/2018\/06\/campanha_doevidas2.jpg","datePublished":"2018-06-06T17:18:22+00:00","dateModified":"2026-09-01T01:57:01+00:00","author":{"@id":"https:\/\/aconteceunovale.com.br\/portal\/#\/schema\/person\/633529146f2c94272bef50ac2953d589"},"breadcrumb":{"@id":"https:\/\/aconteceunovale.com.br\/portal\/?p=132633#breadcrumb"},"inLanguage":"pt-BR","potentialAction":[{"@type":"ReadAction","target":["https:\/\/aconteceunovale.com.br\/portal\/?p=132633"]}]},{"@type":"ImageObject","inLanguage":"pt-BR","@id":"https:\/\/aconteceunovale.com.br\/portal\/?p=132633#primaryimage","url":"https:\/\/aconteceunovale.com.br\/portal\/wp-content\/uploads\/2018\/06\/campanha_doevidas2.jpg","contentUrl":"https:\/\/aconteceunovale.com.br\/portal\/wp-content\/uploads\/2018\/06\/campanha_doevidas2.jpg","width":630,"height":450},{"@type":"BreadcrumbList","@id":"https:\/\/aconteceunovale.com.br\/portal\/?p=132633#breadcrumb","itemListElement":[{"@type":"ListItem","position":1,"name":"In\u00edcio","item":"https:\/\/aconteceunovale.com.br\/portal\/"},{"@type":"ListItem","position":2,"name":"Funda\u00e7\u00e3o Hospitalar de Capelinha realiza campanha para arrecadar recursos atrav\u00e9s de contas de luz"}]},{"@type":"WebSite","@id":"https:\/\/aconteceunovale.com.br\/portal\/#website","url":"https:\/\/aconteceunovale.com.br\/portal\/","name":"Aconteceu no Vale","description":"Portal de Not\u00edcias","potentialAction":[{"@type":"SearchAction","target":{"@type":"EntryPoint","urlTemplate":"https:\/\/aconteceunovale.com.br\/portal\/?s={search_term_string}"},"query-input":{"@type":"PropertyValueSpecification","valueRequired":true,"valueName":"search_term_string"}}],"inLanguage":"pt-BR"},{"@type":"Person","@id":"https:\/\/aconteceunovale.com.br\/portal\/#\/schema\/person\/633529146f2c94272bef50ac2953d589","name":"Aconteceu no Vale","description":"Equipe de reportagem do Aconteceu no Vale, portal de not\u00edcias do Vale do Jequitinhonha, em Minas Gerais. Cobrimos as 51 cidades do Vale desde 2013. Sugest\u00f5es de pauta e pedidos de corre\u00e7\u00e3o: contato@aconteceunovale.com.br","sameAs":["http:\/\/www.aconteceunovale.com.br"],"url":"https:\/\/aconteceunovale.com.br\/portal\/?author=1"}]}},"_links":{"self":[{"href":"https:\/\/aconteceunovale.com.br\/portal\/index.php?rest_route=\/wp\/v2\/posts\/132633","targetHints":{"allow":["GET"]}}],"collection":[{"href":"https:\/\/aconteceunovale.com.br\/portal\/index.php?rest_route=\/wp\/v2\/posts"}],"about":[{"href":"https:\/\/aconteceunovale.com.br\/portal\/index.php?rest_route=\/wp\/v2\/types\/post"}],"author":[{"embeddable":true,"href":"https:\/\/aconteceunovale.com.br\/portal\/index.php?rest_route=\/wp\/v2\/users\/1"}],"replies":[{"embeddable":true,"href":"https:\/\/aconteceunovale.com.br\/portal\/index.php?rest_route=%2Fwp%2Fv2%2Fcomments&post=132633"}],"version-history":[{"count":1,"href":"https:\/\/aconteceunovale.com.br\/portal\/index.php?rest_route=\/wp\/v2\/posts\/132633\/revisions"}],"predecessor-version":[{"id":198265,"href":"https:\/\/aconteceunovale.com.br\/portal\/index.php?rest_route=\/wp\/v2\/posts\/132633\/revisions\/198265"}],"wp:featuredmedia":[{"embeddable":true,"href":"https:\/\/aconteceunovale.com.br\/portal\/index.php?rest_route=\/wp\/v2\/media\/132635"}],"wp:attachment":[{"href":"https:\/\/aconteceunovale.com.br\/portal\/index.php?rest_route=%2Fwp%2Fv2%2Fmedia&parent=132633"}],"wp:term":[{"taxonomy":"category","embeddable":true,"href":"https:\/\/aconteceunovale.com.br\/portal\/index.php?rest_route=%2Fwp%2Fv2%2Fcategories&post=132633"},{"taxonomy":"post_tag","embeddable":true,"href":"https:\/\/aconteceunovale.com.br\/portal\/index.php?rest_route=%2Fwp%2Fv2%2Ftags&post=132633"}],"curies":[{"name":"wp","href":"https:\/\/api.w.org\/{rel}","templated":true}]}}