{"id":132631,"date":"2018-06-06T13:57:43","date_gmt":"2018-06-06T15:57:43","guid":{"rendered":"http:\/\/aconteceunovale.com.br\/portal\/?p=132631"},"modified":"2018-06-06T13:57:43","modified_gmt":"2018-06-06T15:57:43","slug":"deputados-tentam-acordo-sobre-anistia-de-multas-a-caminhoneiros","status":"publish","type":"post","link":"https:\/\/aconteceunovale.com.br\/portal\/?p=132631","title":{"rendered":"Deputados tentam acordo sobre anistia de multas a caminhoneiros"},"content":{"rendered":"<p>O presidente da C\u00e2mara, Rodrigo Maia (DEM-RJ), reafirmou hoje (6) que n\u00e3o \u00e9 a favor de manter a possibilidade de anistia das multas aplicadas durante a greve dos caminhoneiros no projeto que regulamenta o transporte de cargas. A mat\u00e9ria pode ser analisada hoje pelo plen\u00e1rio da C\u00e2mara.<\/p>\n<p>Maia afirmou que vai pedir ao relator da emenda,  deputado Nelson Marquezelli (PTB-SP), que retire este ponto do projeto. O presidente convocou uma reuni\u00e3o com l\u00edderes partid\u00e1rios para esta quarta-feira para tentar chegar a um acordo sobre a quest\u00e3o.<\/p>\n<p>\u201cVou pedir a ele mais uma vez que a gente deixe este assunto para outro momento, at\u00e9 porque tratar de anistia \u00e9 tratar de beneficiar aquele que cometeu algum ato errado. N\u00e3o tem neg\u00f3cio de anistia, acho que n\u00e3o \u00e9 o melhor momento, nem o melhor projeto para isso porque vai misturar dois temas que n\u00e3o tem rela\u00e7\u00e3o um com o outro\u201d, argumentou Maia.<\/p>\n<p><strong>Ajustes necess\u00e1rios<\/strong><\/p>\n<p>Nelson Marquezelli informou que fez alguns ajustes no projeto substitutivo e disse que a nova vers\u00e3o n\u00e3o faz men\u00e7\u00e3o a nenhuma anistia, mas garante a possibilidade da convers\u00e3o das multas e san\u00e7\u00f5es, inclusive as que foram determinadas pela Justi\u00e7a, em advert\u00eancias.<\/p>\n<p>Para o relator, o Supremo Tribunal Federal (STF) errou ao determinar a aplica\u00e7\u00e3o de multas porque muitos caminhoneiros aut\u00f4nomos ou transportadoras n\u00e3o paralisaram por vontade pr\u00f3pria.<\/p>\n<p>\u201cEle n\u00e3o pode ser respons\u00e1vel por uma coisa alheia \u00e0 sua responsabilidade. Qualquer tipo de multa quer houve entre 21 de maio e 4 de junho de 2018 eu estou dando condi\u00e7\u00f5es pra que ele [motorista ou empres\u00e1rio] tenha um instrumento legal para se defender\u201d, explicou Marquezelli.<\/p>\n<p>O relator disse, ainda, que n\u00e3o vai retirar o artigo do projeto e vai tentar acordo com os l\u00edderes da base governista e o presidente da C\u00e2mara para colocar o projeto em vota\u00e7\u00e3o ainda hoje.<\/p>\n<p><strong>VER PRIMEIRO<\/strong><\/p>\n<p>Receba as not\u00edcias do Aconteceu no Vale em primeira m\u00e3o. Clique em curtir no endere\u00e7o <a href=\"https:\/\/www.facebook.com\/aconteceunovale\" target=\"_blank\"><font color=\"red\">www.facebook.com\/aconteceunovale<\/font><\/a> ou no box abaixo:<\/p>\n<div class=\"fb-like\" data-href=\"https:\/\/www.facebook.com\/aconteceunovale\" data-width=\"120\" data-layout=\"standard\" data-action=\"like\" data-size=\"small\" data-show-faces=\"true\" data-share=\"true\"><\/div>\n<p><\/br><\/p>\n<p><em>(Fonte: Ag\u00eancia Brasil)<\/em><\/p>\n","protected":false},"excerpt":{"rendered":"<p>O presidente da C\u00e2mara, Rodrigo Maia (DEM-RJ), reafirmou hoje (6) que n\u00e3o \u00e9 a favor de manter a possibilidade de anistia das multas aplicadas durante a greve dos caminhoneiros no projeto que regulamenta o transporte de cargas. A mat\u00e9ria pode ser analisada hoje pelo plen\u00e1rio da C\u00e2mara. Maia afirmou que vai pedir ao relator da [&hellip;]<\/p>\n","protected":false},"author":1,"featured_media":132101,"comment_status":"open","ping_status":"closed","sticky":false,"template":"","format":"standard","meta":{"amp_status":"","footnotes":""},"categories":[6],"tags":[175445,175450,175444,20922,34626,175443,42485,34805,175449,175448,53815,175447,175446,39110,48373],"class_list":["post-132631","post","type-post","status-publish","format-standard","has-post-thumbnail","hentry","category-br","tag-acordo-sobre-anistia-de-multas-a-caminhoneiros","tag-anistia","tag-anistia-de-multas-a-caminhoneiros","tag-camara-dos-deputados","tag-caminhoneiros","tag-deputados-tentam-acordo-sobre-anistia-de-multas-a-caminhoneiros","tag-greve-dos-caminhoneiros","tag-manifestacao-dos-caminhoneiros","tag-multa-bloqueio-de-rodovias","tag-multa-greve-dos-caminhoneiros","tag-multas","tag-multas-a-caminhoneiros","tag-nistia-de-multas-a-caminhoneiros","tag-presidente-da-camara","tag-rodrigo-maia"],"yoast_head":"<!-- This site is optimized with the Yoast SEO plugin v28.3 - https:\/\/yoast.com\/product\/yoast-seo-wordpress\/ -->\n<title>Deputados tentam acordo sobre anistia de multas a caminhoneiros - Aconteceu no Vale<\/title>\n<meta name=\"robots\" content=\"index, follow, max-snippet:-1, max-image-preview:large, max-video-preview:-1\" \/>\n<link rel=\"canonical\" href=\"https:\/\/aconteceunovale.com.br\/portal\/?p=132631\" \/>\n<meta property=\"og:locale\" content=\"pt_BR\" \/>\n<meta property=\"og:type\" content=\"article\" \/>\n<meta property=\"og:title\" content=\"Deputados tentam acordo sobre anistia de multas a caminhoneiros - Aconteceu no Vale\" \/>\n<meta property=\"og:description\" content=\"O presidente da C\u00e2mara, Rodrigo Maia (DEM-RJ), reafirmou hoje (6) que n\u00e3o \u00e9 a favor de manter a possibilidade de anistia das multas aplicadas durante a greve dos caminhoneiros no projeto que regulamenta o transporte de cargas. A mat\u00e9ria pode ser analisada hoje pelo plen\u00e1rio da C\u00e2mara. Maia afirmou que vai pedir ao relator da [&hellip;]\" \/>\n<meta property=\"og:url\" content=\"https:\/\/aconteceunovale.com.br\/portal\/?p=132631\" \/>\n<meta property=\"og:site_name\" content=\"Aconteceu no Vale\" \/>\n<meta property=\"article:publisher\" content=\"https:\/\/www.facebook.com\/aconteceunovale\/\" \/>\n<meta property=\"article:published_time\" content=\"2018-06-06T15:57:43+00:00\" \/>\n<meta property=\"og:image\" content=\"https:\/\/aconteceunovale.com.br\/portal\/wp-content\/uploads\/2018\/05\/greve_caminhoes2.jpg\" \/>\n\t<meta property=\"og:image:width\" content=\"675\" \/>\n\t<meta property=\"og:image:height\" content=\"450\" \/>\n\t<meta property=\"og:image:type\" content=\"image\/jpeg\" \/>\n<meta name=\"author\" content=\"Aconteceu no Vale\" \/>\n<meta name=\"twitter:card\" content=\"summary_large_image\" \/>\n<meta name=\"twitter:creator\" content=\"@noticiadosvales\" \/>\n<meta name=\"twitter:site\" content=\"@noticiadosvales\" \/>\n<meta name=\"twitter:label1\" content=\"Escrito por\" \/>\n\t<meta name=\"twitter:data1\" content=\"Aconteceu no Vale\" \/>\n\t<meta name=\"twitter:label2\" content=\"Est. tempo de leitura\" \/>\n\t<meta name=\"twitter:data2\" content=\"2 minutos\" \/>\n<script type=\"application\/ld+json\" class=\"yoast-schema-graph\">{\"@context\":\"https:\\\/\\\/schema.org\",\"@graph\":[{\"@type\":\"Article\",\"@id\":\"https:\\\/\\\/aconteceunovale.com.br\\\/portal\\\/?p=132631#article\",\"isPartOf\":{\"@id\":\"https:\\\/\\\/aconteceunovale.com.br\\\/portal\\\/?p=132631\"},\"author\":{\"name\":\"Aconteceu no Vale\",\"@id\":\"https:\\\/\\\/aconteceunovale.com.br\\\/portal\\\/#\\\/schema\\\/person\\\/633529146f2c94272bef50ac2953d589\"},\"headline\":\"Deputados tentam acordo sobre anistia de multas a caminhoneiros\",\"datePublished\":\"2018-06-06T15:57:43+00:00\",\"mainEntityOfPage\":{\"@id\":\"https:\\\/\\\/aconteceunovale.com.br\\\/portal\\\/?p=132631\"},\"wordCount\":368,\"commentCount\":0,\"image\":{\"@id\":\"https:\\\/\\\/aconteceunovale.com.br\\\/portal\\\/?p=132631#primaryimage\"},\"thumbnailUrl\":\"https:\\\/\\\/aconteceunovale.com.br\\\/portal\\\/wp-content\\\/uploads\\\/2018\\\/05\\\/greve_caminhoes2.jpg\",\"keywords\":[\"Acordo sobre anistia de multas a caminhoneiros\",\"anistia\",\"Anistia de multas a caminhoneiros\",\"C\u00e2mara dos Deputados\",\"caminhoneiros\",\"Deputados tentam acordo sobre anistia de multas a caminhoneiros\",\"greve dos caminhoneiros\",\"manifesta\u00e7\u00e3o dos caminhoneiros\",\"Multa bloqueio de rodovias\",\"Multa greve dos caminhoneiros\",\"multas\",\"multas a caminhoneiros\",\"nistia de multas a caminhoneiros\",\"presidente da C\u00e2mara\",\"Rodrigo Maia\"],\"articleSection\":[\"Brasil\"],\"inLanguage\":\"pt-BR\",\"potentialAction\":[{\"@type\":\"CommentAction\",\"name\":\"Comment\",\"target\":[\"https:\\\/\\\/aconteceunovale.com.br\\\/portal\\\/?p=132631#respond\"]}]},{\"@type\":\"WebPage\",\"@id\":\"https:\\\/\\\/aconteceunovale.com.br\\\/portal\\\/?p=132631\",\"url\":\"https:\\\/\\\/aconteceunovale.com.br\\\/portal\\\/?p=132631\",\"name\":\"Deputados tentam acordo sobre anistia de multas a caminhoneiros - Aconteceu no Vale\",\"isPartOf\":{\"@id\":\"https:\\\/\\\/aconteceunovale.com.br\\\/portal\\\/#website\"},\"primaryImageOfPage\":{\"@id\":\"https:\\\/\\\/aconteceunovale.com.br\\\/portal\\\/?p=132631#primaryimage\"},\"image\":{\"@id\":\"https:\\\/\\\/aconteceunovale.com.br\\\/portal\\\/?p=132631#primaryimage\"},\"thumbnailUrl\":\"https:\\\/\\\/aconteceunovale.com.br\\\/portal\\\/wp-content\\\/uploads\\\/2018\\\/05\\\/greve_caminhoes2.jpg\",\"datePublished\":\"2018-06-06T15:57:43+00:00\",\"author\":{\"@id\":\"https:\\\/\\\/aconteceunovale.com.br\\\/portal\\\/#\\\/schema\\\/person\\\/633529146f2c94272bef50ac2953d589\"},\"breadcrumb\":{\"@id\":\"https:\\\/\\\/aconteceunovale.com.br\\\/portal\\\/?p=132631#breadcrumb\"},\"inLanguage\":\"pt-BR\",\"potentialAction\":[{\"@type\":\"ReadAction\",\"target\":[\"https:\\\/\\\/aconteceunovale.com.br\\\/portal\\\/?p=132631\"]}]},{\"@type\":\"ImageObject\",\"inLanguage\":\"pt-BR\",\"@id\":\"https:\\\/\\\/aconteceunovale.com.br\\\/portal\\\/?p=132631#primaryimage\",\"url\":\"https:\\\/\\\/aconteceunovale.com.br\\\/portal\\\/wp-content\\\/uploads\\\/2018\\\/05\\\/greve_caminhoes2.jpg\",\"contentUrl\":\"https:\\\/\\\/aconteceunovale.com.br\\\/portal\\\/wp-content\\\/uploads\\\/2018\\\/05\\\/greve_caminhoes2.jpg\",\"width\":675,\"height\":450},{\"@type\":\"BreadcrumbList\",\"@id\":\"https:\\\/\\\/aconteceunovale.com.br\\\/portal\\\/?p=132631#breadcrumb\",\"itemListElement\":[{\"@type\":\"ListItem\",\"position\":1,\"name\":\"In\u00edcio\",\"item\":\"https:\\\/\\\/aconteceunovale.com.br\\\/portal\\\/\"},{\"@type\":\"ListItem\",\"position\":2,\"name\":\"Deputados tentam acordo sobre anistia de multas a caminhoneiros\"}]},{\"@type\":\"WebSite\",\"@id\":\"https:\\\/\\\/aconteceunovale.com.br\\\/portal\\\/#website\",\"url\":\"https:\\\/\\\/aconteceunovale.com.br\\\/portal\\\/\",\"name\":\"Aconteceu no Vale\",\"description\":\"Portal de Not\u00edcias\",\"potentialAction\":[{\"@type\":\"SearchAction\",\"target\":{\"@type\":\"EntryPoint\",\"urlTemplate\":\"https:\\\/\\\/aconteceunovale.com.br\\\/portal\\\/?s={search_term_string}\"},\"query-input\":{\"@type\":\"PropertyValueSpecification\",\"valueRequired\":true,\"valueName\":\"search_term_string\"}}],\"inLanguage\":\"pt-BR\"},{\"@type\":\"Person\",\"@id\":\"https:\\\/\\\/aconteceunovale.com.br\\\/portal\\\/#\\\/schema\\\/person\\\/633529146f2c94272bef50ac2953d589\",\"name\":\"Aconteceu no Vale\",\"description\":\"Equipe de reportagem do Aconteceu no Vale, portal de not\u00edcias do Vale do Jequitinhonha, em Minas Gerais. Cobrimos as 51 cidades do Vale desde 2013. Sugest\u00f5es de pauta e pedidos de corre\u00e7\u00e3o: contato@aconteceunovale.com.br\",\"sameAs\":[\"http:\\\/\\\/www.aconteceunovale.com.br\"],\"url\":\"https:\\\/\\\/aconteceunovale.com.br\\\/portal\\\/?author=1\"}]}<\/script>\n<!-- \/ Yoast SEO plugin. -->","yoast_head_json":{"title":"Deputados tentam acordo sobre anistia de multas a caminhoneiros - Aconteceu no Vale","robots":{"index":"index","follow":"follow","max-snippet":"max-snippet:-1","max-image-preview":"max-image-preview:large","max-video-preview":"max-video-preview:-1"},"canonical":"https:\/\/aconteceunovale.com.br\/portal\/?p=132631","og_locale":"pt_BR","og_type":"article","og_title":"Deputados tentam acordo sobre anistia de multas a caminhoneiros - Aconteceu no Vale","og_description":"O presidente da C\u00e2mara, Rodrigo Maia (DEM-RJ), reafirmou hoje (6) que n\u00e3o \u00e9 a favor de manter a possibilidade de anistia das multas aplicadas durante a greve dos caminhoneiros no projeto que regulamenta o transporte de cargas. A mat\u00e9ria pode ser analisada hoje pelo plen\u00e1rio da C\u00e2mara. Maia afirmou que vai pedir ao relator da [&hellip;]","og_url":"https:\/\/aconteceunovale.com.br\/portal\/?p=132631","og_site_name":"Aconteceu no Vale","article_publisher":"https:\/\/www.facebook.com\/aconteceunovale\/","article_published_time":"2018-06-06T15:57:43+00:00","og_image":[{"width":675,"height":450,"url":"https:\/\/aconteceunovale.com.br\/portal\/wp-content\/uploads\/2018\/05\/greve_caminhoes2.jpg","type":"image\/jpeg"}],"author":"Aconteceu no Vale","twitter_card":"summary_large_image","twitter_creator":"@noticiadosvales","twitter_site":"@noticiadosvales","twitter_misc":{"Escrito por":"Aconteceu no Vale","Est. tempo de leitura":"2 minutos"},"schema":{"@context":"https:\/\/schema.org","@graph":[{"@type":"Article","@id":"https:\/\/aconteceunovale.com.br\/portal\/?p=132631#article","isPartOf":{"@id":"https:\/\/aconteceunovale.com.br\/portal\/?p=132631"},"author":{"name":"Aconteceu no Vale","@id":"https:\/\/aconteceunovale.com.br\/portal\/#\/schema\/person\/633529146f2c94272bef50ac2953d589"},"headline":"Deputados tentam acordo sobre anistia de multas a caminhoneiros","datePublished":"2018-06-06T15:57:43+00:00","mainEntityOfPage":{"@id":"https:\/\/aconteceunovale.com.br\/portal\/?p=132631"},"wordCount":368,"commentCount":0,"image":{"@id":"https:\/\/aconteceunovale.com.br\/portal\/?p=132631#primaryimage"},"thumbnailUrl":"https:\/\/aconteceunovale.com.br\/portal\/wp-content\/uploads\/2018\/05\/greve_caminhoes2.jpg","keywords":["Acordo sobre anistia de multas a caminhoneiros","anistia","Anistia de multas a caminhoneiros","C\u00e2mara dos Deputados","caminhoneiros","Deputados tentam acordo sobre anistia de multas a caminhoneiros","greve dos caminhoneiros","manifesta\u00e7\u00e3o dos caminhoneiros","Multa bloqueio de rodovias","Multa greve dos caminhoneiros","multas","multas a caminhoneiros","nistia de multas a caminhoneiros","presidente da C\u00e2mara","Rodrigo Maia"],"articleSection":["Brasil"],"inLanguage":"pt-BR","potentialAction":[{"@type":"CommentAction","name":"Comment","target":["https:\/\/aconteceunovale.com.br\/portal\/?p=132631#respond"]}]},{"@type":"WebPage","@id":"https:\/\/aconteceunovale.com.br\/portal\/?p=132631","url":"https:\/\/aconteceunovale.com.br\/portal\/?p=132631","name":"Deputados tentam acordo sobre anistia de multas a caminhoneiros - Aconteceu no Vale","isPartOf":{"@id":"https:\/\/aconteceunovale.com.br\/portal\/#website"},"primaryImageOfPage":{"@id":"https:\/\/aconteceunovale.com.br\/portal\/?p=132631#primaryimage"},"image":{"@id":"https:\/\/aconteceunovale.com.br\/portal\/?p=132631#primaryimage"},"thumbnailUrl":"https:\/\/aconteceunovale.com.br\/portal\/wp-content\/uploads\/2018\/05\/greve_caminhoes2.jpg","datePublished":"2018-06-06T15:57:43+00:00","author":{"@id":"https:\/\/aconteceunovale.com.br\/portal\/#\/schema\/person\/633529146f2c94272bef50ac2953d589"},"breadcrumb":{"@id":"https:\/\/aconteceunovale.com.br\/portal\/?p=132631#breadcrumb"},"inLanguage":"pt-BR","potentialAction":[{"@type":"ReadAction","target":["https:\/\/aconteceunovale.com.br\/portal\/?p=132631"]}]},{"@type":"ImageObject","inLanguage":"pt-BR","@id":"https:\/\/aconteceunovale.com.br\/portal\/?p=132631#primaryimage","url":"https:\/\/aconteceunovale.com.br\/portal\/wp-content\/uploads\/2018\/05\/greve_caminhoes2.jpg","contentUrl":"https:\/\/aconteceunovale.com.br\/portal\/wp-content\/uploads\/2018\/05\/greve_caminhoes2.jpg","width":675,"height":450},{"@type":"BreadcrumbList","@id":"https:\/\/aconteceunovale.com.br\/portal\/?p=132631#breadcrumb","itemListElement":[{"@type":"ListItem","position":1,"name":"In\u00edcio","item":"https:\/\/aconteceunovale.com.br\/portal\/"},{"@type":"ListItem","position":2,"name":"Deputados tentam acordo sobre anistia de multas a caminhoneiros"}]},{"@type":"WebSite","@id":"https:\/\/aconteceunovale.com.br\/portal\/#website","url":"https:\/\/aconteceunovale.com.br\/portal\/","name":"Aconteceu no Vale","description":"Portal de Not\u00edcias","potentialAction":[{"@type":"SearchAction","target":{"@type":"EntryPoint","urlTemplate":"https:\/\/aconteceunovale.com.br\/portal\/?s={search_term_string}"},"query-input":{"@type":"PropertyValueSpecification","valueRequired":true,"valueName":"search_term_string"}}],"inLanguage":"pt-BR"},{"@type":"Person","@id":"https:\/\/aconteceunovale.com.br\/portal\/#\/schema\/person\/633529146f2c94272bef50ac2953d589","name":"Aconteceu no Vale","description":"Equipe de reportagem do Aconteceu no Vale, portal de not\u00edcias do Vale do Jequitinhonha, em Minas Gerais. Cobrimos as 51 cidades do Vale desde 2013. Sugest\u00f5es de pauta e pedidos de corre\u00e7\u00e3o: contato@aconteceunovale.com.br","sameAs":["http:\/\/www.aconteceunovale.com.br"],"url":"https:\/\/aconteceunovale.com.br\/portal\/?author=1"}]}},"_links":{"self":[{"href":"https:\/\/aconteceunovale.com.br\/portal\/index.php?rest_route=\/wp\/v2\/posts\/132631","targetHints":{"allow":["GET"]}}],"collection":[{"href":"https:\/\/aconteceunovale.com.br\/portal\/index.php?rest_route=\/wp\/v2\/posts"}],"about":[{"href":"https:\/\/aconteceunovale.com.br\/portal\/index.php?rest_route=\/wp\/v2\/types\/post"}],"author":[{"embeddable":true,"href":"https:\/\/aconteceunovale.com.br\/portal\/index.php?rest_route=\/wp\/v2\/users\/1"}],"replies":[{"embeddable":true,"href":"https:\/\/aconteceunovale.com.br\/portal\/index.php?rest_route=%2Fwp%2Fv2%2Fcomments&post=132631"}],"version-history":[{"count":0,"href":"https:\/\/aconteceunovale.com.br\/portal\/index.php?rest_route=\/wp\/v2\/posts\/132631\/revisions"}],"wp:featuredmedia":[{"embeddable":true,"href":"https:\/\/aconteceunovale.com.br\/portal\/index.php?rest_route=\/wp\/v2\/media\/132101"}],"wp:attachment":[{"href":"https:\/\/aconteceunovale.com.br\/portal\/index.php?rest_route=%2Fwp%2Fv2%2Fmedia&parent=132631"}],"wp:term":[{"taxonomy":"category","embeddable":true,"href":"https:\/\/aconteceunovale.com.br\/portal\/index.php?rest_route=%2Fwp%2Fv2%2Fcategories&post=132631"},{"taxonomy":"post_tag","embeddable":true,"href":"https:\/\/aconteceunovale.com.br\/portal\/index.php?rest_route=%2Fwp%2Fv2%2Ftags&post=132631"}],"curies":[{"name":"wp","href":"https:\/\/api.w.org\/{rel}","templated":true}]}}