{"id":132628,"date":"2018-06-06T13:51:44","date_gmt":"2018-06-06T15:51:44","guid":{"rendered":"http:\/\/aconteceunovale.com.br\/portal\/?p=132628"},"modified":"2018-06-06T13:51:44","modified_gmt":"2018-06-06T15:51:44","slug":"minas-gerais-contabiliza-60-ataques-a-onibus-em-29-cidades","status":"publish","type":"post","link":"https:\/\/aconteceunovale.com.br\/portal\/?p=132628","title":{"rendered":"Minas Gerais contabiliza 60 ataques a \u00f4nibus em 29 cidades"},"content":{"rendered":"<p>O estado de Minas Gerais registra 60 ataques a \u00f4nibus ocorridos em 29 cidades. A atualiza\u00e7\u00e3o dos n\u00fameros, divulgada hoje (6) pela Pol\u00edcia Militar. De acordo com a PM, por motivos estrat\u00e9gicos e operacionais sugeridos pela Pol\u00edcia Federal, que tamb\u00e9m est\u00e1 colaborando com as investiga\u00e7\u00f5es, n\u00e3o ser\u00e3o apresentados detalhes sobre os \u00faltimos ataques.<\/p>\n<p>No final da tarde de ontem (5), o governador Fernando Pimentel havia informado em coletiva de imprensa que havia registros de 51 queimas de ve\u00edculos ocorridas em 26 munic\u00edpios. Pouco antes a PM havia contabilizado pelo menos 35 registros de inc\u00eandio.<\/p>\n<p>O governador explicou que as pol\u00edcias Militar, Civil e Federal informaram que os atentados foram feitos por \u201cfac\u00e7\u00f5es criminosas\u201d, em resposta ao fato de Minas Gerais ter \u201cum dos sistemas penitenci\u00e1rios mais rigorosos do pa\u00eds\u201d.<\/p>\n<p>\u201cAqui n\u00f3s n\u00e3o afrouxamos o sistema carcer\u00e1rio para nenhuma organiza\u00e7\u00e3o criminosa. E \u00e9 por isso que n\u00f3s estamos pagando este pre\u00e7o, sofrendo amea\u00e7as e sendo atacados. A pol\u00edtica carcer\u00e1ria em Minas \u00e9 uma pol\u00edtica que cumpre rigorosamente a lei. Estamos tomando todas as provid\u00eancias para coibir esse tipo de crime\u201d, disse o governador.<\/p>\n<p>Pimentel acrescentou que as investiga\u00e7\u00f5es correm sob sigilo e que agentes \u00e0 paisana est\u00e3o sendo colocados em \u00f4nibus. Segundo o comandante-geral da Pol\u00edcia Militar, coronel Helbert Figueir\u00f3 de Lourdes, a PM j\u00e1 est\u00e1 coletando dados junto \u00e0s pessoas que foram presas, na tentativa de se chegar \u201c\u00e0 c\u00e9lula dessas organiza\u00e7\u00f5es criminosas\u201d respons\u00e1veis pelos atentados.<\/p>\n<p><img decoding=\"async\" src=\"http:\/\/aconteceunovale.com.br\/portal\/wp-content\/uploads\/2018\/06\/ataques_bus.jpg\" alt=\"\" \/><em>Criminosos queimam mais \u00f4nibus na Grande BH (Foto: Reprodu\u00e7\u00e3o\/TV Globo)<\/em><br \/>\n<\/br><\/p>\n<p><strong><\/p>\n<h4>Ataques desde domingo (3)<\/h4>\n<p><\/strong><\/p>\n<p><strong>Belo Horizonte e Regi\u00e3o<\/strong><br \/>\n&#8211; Belo Horizonte &#8211; 2 \u00f4nibus atacados<br \/>\n&#8211; Sabar\u00e1 &#8211; 1 ve\u00edculo particular incendiado<br \/>\n&#8211; Santa Luzia &#8211; 1 \u00f4nibus atacado<br \/>\n&#8211; Ribeir\u00e3o das Neves &#8211; 2 \u00f4nibus atacados<\/p>\n<p><strong>Noroeste<\/strong><br \/>\n&#8211; Brasil\u00e2ndia de Minas &#8211; 1 \u00f4nibus incendiado<\/p>\n<p><strong>Centro-Oeste<\/strong><br \/>\n&#8211; Lagoa da Prata &#8211; 2 \u00f4nibus atacados<br \/>\n&#8211; Luz &#8211; 4 ve\u00edculos incendiados<\/p>\n<p><strong>Alto Parana\u00edba<\/strong><br \/>\n&#8211; Arax\u00e1 &#8211; 2 \u00f4nibus atacados e cinco carros atacados<br \/>\n&#8211; Patos de Minas &#8211; 1 \u00f4nibus atacado<\/p>\n<p><strong>Tri\u00e2ngulo Mineiro<\/strong><br \/>\n&#8211; Campo Florido &#8211; ataque \u00e0 recep\u00e7\u00e3o da C\u00e2mara Municipal<br \/>\n&#8211; Uberaba &#8211; 7 \u00f4nibus atacados, 1 carca\u00e7a de caminh\u00e3o incendiada, 2 ag\u00eancias banc\u00e1rias atacadas, 1 caminh\u00e3o de lixo incendiado, dois ve\u00edculos do Centro Operacional de Desenvolvimento e Saneamento de Uberaba (Codau) incendiados, fogo em quatro vias e 1 r\u00e1dio atacada por coquel molotov<br \/>\n&#8211; Uberl\u00e2ndia &#8211; 10 \u00f4nibus atacados, 1 ag\u00eancia banc\u00e1ria e 1 ag\u00eancia dos Correios<br \/>\n&#8211; Tupaciguara \u2013 3 \u00f4nibus de viagem incendiados<\/p>\n<p><strong>Sul de Minas<\/strong><br \/>\n&#8211; Alfenas &#8211; 3 \u00f4nibus atacados<br \/>\n&#8211; Alterosa &#8211; 1 caminh\u00e3o de lixo incendiado<br \/>\n&#8211; Braz\u00f3polis &#8211; tiros contra 1 delegacia e 1 viatura<br \/>\n&#8211; Cruz\u00edlia &#8211; tiros contra 1 delegacia<br \/>\n&#8211; Guaxup\u00e9 &#8211; 6 \u00f4nibus atacados<br \/>\n&#8211; Itajub\u00e1 &#8211; 3 \u00f4nibus atacados<br \/>\n&#8211; Machado &#8211; 1 \u00f4nibus atacado<br \/>\n&#8211; Monte Santo de Minas &#8211; 2 \u00f4nibus escolares atacados<br \/>\n&#8211; Ouro Fino &#8211; ve\u00edculos incendiados<br \/>\n&#8211; Passos &#8211; 3 \u00f4nibus atacados; 1 caminhonete incendiada, 1 motorista agredido<br \/>\n&#8211; Po\u00e7os de Caldas &#8211; 2 \u00f4nibus atacados; inc\u00eandio em galp\u00e3o de reciclagem<br \/>\n&#8211; Pouso Alegre &#8211; 3 \u00f4nibus atacados<br \/>\n&#8211; Santa Rita do Sapuca\u00ed &#8211; 1 caminh\u00e3o atacado<br \/>\n&#8211; S\u00e3o Bento Abade &#8211; 3 \u00f4nibus escolares<br \/>\n&#8211; S\u00e3o Louren\u00e7o &#8211; 1 \u00f4nibus atacado, ataque \u00e0 casa de um policial militar atacado<br \/>\n&#8211; Tr\u00eas Cora\u00e7\u00f5es &#8211; 1 \u00f4nibus atacado<br \/>\n&#8211; Tr\u00eas Pontas &#8211; 1 carro incendiado<br \/>\n&#8211; Varginha &#8211; 1 \u00f4nibus e uma viatura atacadas<\/p>\n<p><strong>VER PRIMEIRO<\/strong><\/p>\n<p>Receba as not\u00edcias do Aconteceu no Vale em primeira m\u00e3o. Clique em curtir no endere\u00e7o <a href=\"https:\/\/www.facebook.com\/aconteceunovale\" target=\"_blank\"><font color=\"red\">www.facebook.com\/aconteceunovale<\/font><\/a> ou no box abaixo:<\/p>\n<div class=\"fb-like\" data-href=\"https:\/\/www.facebook.com\/aconteceunovale\" data-width=\"120\" data-layout=\"standard\" data-action=\"like\" data-size=\"small\" data-show-faces=\"true\" data-share=\"true\"><\/div>\n<p><\/br><\/p>\n<p><em>(Fonte: Ag\u00eancia Brasil e G1 Minas)<\/em><\/p>\n","protected":false},"excerpt":{"rendered":"<p>O estado de Minas Gerais registra 60 ataques a \u00f4nibus ocorridos em 29 cidades. A atualiza\u00e7\u00e3o dos n\u00fameros, divulgada hoje (6) pela Pol\u00edcia Militar. De acordo com a PM, por motivos estrat\u00e9gicos e operacionais sugeridos pela Pol\u00edcia Federal, que tamb\u00e9m est\u00e1 colaborando com as investiga\u00e7\u00f5es, n\u00e3o ser\u00e3o apresentados detalhes sobre os \u00faltimos ataques. No final [&hellip;]<\/p>\n","protected":false},"author":1,"featured_media":132629,"comment_status":"open","ping_status":"closed","sticky":false,"template":"","format":"standard","meta":{"amp_status":"","footnotes":""},"categories":[123],"tags":[957,10019,1504,175324,175323,175387,194,143487,175388,71353,1018,175394,959,22499,1544,1509,1546,131,175442,175325,51359,175322,139870,213,552,215,44644,169,175333,216,1498,1507,1508,220,221,223],"class_list":["post-132628","post","type-post","status-publish","format-standard","has-post-thumbnail","hentry","category-gerais","tag-alfenas","tag-alterosa","tag-araxa","tag-ataques-a-onibus","tag-ataques-a-onibus-em-minas-gerais","tag-ataques-em-minas","tag-belo-horizonte","tag-brasopolis","tag-cidades-mineiras-registram-segunda-noite-de-ataques-a-onibus-e-predios","tag-cruzilia","tag-destaque","tag-governo-afirma-que-ja-identificou-faccoes-criminosas-responsaveis-por-ataques-a-onibus-em-minas-gerais","tag-guaxupe","tag-ipuiuna","tag-itajuba","tag-lagoa-da-prata","tag-machado","tag-minas-gerais","tag-minas-gerais-contabiliza-60-ataques-a-onibus-em-29-cidades","tag-minas-gerais-tem-fim-de-semana-de-ataques-a-onibus-em-varias-cidades","tag-monte-santo-de-minas","tag-onibus-incendiados-em-minas-gerais","tag-onibus-queimados","tag-passos","tag-pm","tag-pocos-de-caldas","tag-policia-civil-de-minas-gerais","tag-policia-militar","tag-policia-vai-investigar-participacao-de-faccoes-em-ataques-em-minas-gerais","tag-pouso-alegre","tag-santa-luzia","tag-tres-coracoes","tag-tres-pontas","tag-uberaba","tag-uberlandia","tag-varginha"],"yoast_head":"<!-- This site is optimized with the Yoast SEO plugin v28.3 - https:\/\/yoast.com\/product\/yoast-seo-wordpress\/ -->\n<title>Minas Gerais contabiliza 60 ataques a \u00f4nibus em 29 cidades - Aconteceu no Vale<\/title>\n<meta name=\"robots\" content=\"index, follow, max-snippet:-1, max-image-preview:large, max-video-preview:-1\" \/>\n<link rel=\"canonical\" href=\"https:\/\/aconteceunovale.com.br\/portal\/?p=132628\" \/>\n<meta property=\"og:locale\" content=\"pt_BR\" \/>\n<meta property=\"og:type\" content=\"article\" \/>\n<meta property=\"og:title\" content=\"Minas Gerais contabiliza 60 ataques a \u00f4nibus em 29 cidades - Aconteceu no Vale\" \/>\n<meta property=\"og:description\" content=\"O estado de Minas Gerais registra 60 ataques a \u00f4nibus ocorridos em 29 cidades. A atualiza\u00e7\u00e3o dos n\u00fameros, divulgada hoje (6) pela Pol\u00edcia Militar. De acordo com a PM, por motivos estrat\u00e9gicos e operacionais sugeridos pela Pol\u00edcia Federal, que tamb\u00e9m est\u00e1 colaborando com as investiga\u00e7\u00f5es, n\u00e3o ser\u00e3o apresentados detalhes sobre os \u00faltimos ataques. No final [&hellip;]\" \/>\n<meta property=\"og:url\" content=\"https:\/\/aconteceunovale.com.br\/portal\/?p=132628\" \/>\n<meta property=\"og:site_name\" content=\"Aconteceu no Vale\" \/>\n<meta property=\"article:publisher\" content=\"https:\/\/www.facebook.com\/aconteceunovale\/\" \/>\n<meta property=\"article:published_time\" content=\"2018-06-06T15:51:44+00:00\" \/>\n<meta property=\"og:image\" content=\"https:\/\/aconteceunovale.com.br\/portal\/wp-content\/uploads\/2018\/06\/ataques_bus.jpg\" \/>\n\t<meta property=\"og:image:width\" content=\"678\" \/>\n\t<meta property=\"og:image:height\" content=\"424\" \/>\n\t<meta property=\"og:image:type\" content=\"image\/jpeg\" \/>\n<meta name=\"author\" content=\"Aconteceu no Vale\" \/>\n<meta name=\"twitter:card\" content=\"summary_large_image\" \/>\n<meta name=\"twitter:creator\" content=\"@noticiadosvales\" \/>\n<meta name=\"twitter:site\" content=\"@noticiadosvales\" \/>\n<meta name=\"twitter:label1\" content=\"Escrito por\" \/>\n\t<meta name=\"twitter:data1\" content=\"Aconteceu no Vale\" \/>\n\t<meta name=\"twitter:label2\" content=\"Est. tempo de leitura\" \/>\n\t<meta name=\"twitter:data2\" content=\"3 minutos\" \/>\n<script type=\"application\/ld+json\" class=\"yoast-schema-graph\">{\"@context\":\"https:\\\/\\\/schema.org\",\"@graph\":[{\"@type\":\"Article\",\"@id\":\"https:\\\/\\\/aconteceunovale.com.br\\\/portal\\\/?p=132628#article\",\"isPartOf\":{\"@id\":\"https:\\\/\\\/aconteceunovale.com.br\\\/portal\\\/?p=132628\"},\"author\":{\"name\":\"Aconteceu no Vale\",\"@id\":\"https:\\\/\\\/aconteceunovale.com.br\\\/portal\\\/#\\\/schema\\\/person\\\/633529146f2c94272bef50ac2953d589\"},\"headline\":\"Minas Gerais contabiliza 60 ataques a \u00f4nibus em 29 cidades\",\"datePublished\":\"2018-06-06T15:51:44+00:00\",\"mainEntityOfPage\":{\"@id\":\"https:\\\/\\\/aconteceunovale.com.br\\\/portal\\\/?p=132628\"},\"wordCount\":619,\"commentCount\":0,\"image\":{\"@id\":\"https:\\\/\\\/aconteceunovale.com.br\\\/portal\\\/?p=132628#primaryimage\"},\"thumbnailUrl\":\"https:\\\/\\\/aconteceunovale.com.br\\\/portal\\\/wp-content\\\/uploads\\\/2018\\\/06\\\/ataques_bus.jpg\",\"keywords\":[\"Alfenas\",\"Alterosa\",\"Arax\u00e1\",\"Ataques a \u00f4nibus\",\"Ataques a \u00f4nibus em Minas Gerais\",\"ataques em Minas\",\"Belo Horizonte\",\"Bras\u00f3polis\",\"Cidades mineiras registram segunda noite de ataques a \u00f4nibus e pr\u00e9dios\",\"Cruz\u00edlia\",\"destaque\",\"Governo afirma que j\u00e1 identificou fac\u00e7\u00f5es criminosas respons\u00e1veis por ataques a \u00f4nibus em Minas Gerais\",\"Guaxup\u00e9\",\"Ipuiuna\",\"Itajub\u00e1\",\"Lagoa da Prata\",\"Machado\",\"Minas Gerais\",\"Minas Gerais contabiliza 60 ataques a \u00f4nibus em 29 cidades\",\"Minas Gerais tem fim de semana de ataques a \u00f4nibus em v\u00e1rias cidades\",\"Monte Santo de Minas\",\"\u00d4nibus incendiados em Minas Gerais\",\"\u00f4nibus queimados\",\"Passos\",\"PM\",\"Po\u00e7os de Caldas\",\"Pol\u00edcia Civil de Minas Gerais\",\"Pol\u00edcia Militar\",\"Pol\u00edcia vai investigar participa\u00e7\u00e3o de fac\u00e7\u00f5es em ataques em Minas Gerais\",\"Pouso Alegre\",\"Santa Luzia\",\"Tr\u00eas Cora\u00e7\u00f5es\",\"Tr\u00eas Pontas\",\"Uberaba\",\"Uberl\u00e2ndia\",\"Varginha\"],\"articleSection\":[\"Minas Gerais\"],\"inLanguage\":\"pt-BR\",\"potentialAction\":[{\"@type\":\"CommentAction\",\"name\":\"Comment\",\"target\":[\"https:\\\/\\\/aconteceunovale.com.br\\\/portal\\\/?p=132628#respond\"]}]},{\"@type\":\"WebPage\",\"@id\":\"https:\\\/\\\/aconteceunovale.com.br\\\/portal\\\/?p=132628\",\"url\":\"https:\\\/\\\/aconteceunovale.com.br\\\/portal\\\/?p=132628\",\"name\":\"Minas Gerais contabiliza 60 ataques a \u00f4nibus em 29 cidades - Aconteceu no Vale\",\"isPartOf\":{\"@id\":\"https:\\\/\\\/aconteceunovale.com.br\\\/portal\\\/#website\"},\"primaryImageOfPage\":{\"@id\":\"https:\\\/\\\/aconteceunovale.com.br\\\/portal\\\/?p=132628#primaryimage\"},\"image\":{\"@id\":\"https:\\\/\\\/aconteceunovale.com.br\\\/portal\\\/?p=132628#primaryimage\"},\"thumbnailUrl\":\"https:\\\/\\\/aconteceunovale.com.br\\\/portal\\\/wp-content\\\/uploads\\\/2018\\\/06\\\/ataques_bus.jpg\",\"datePublished\":\"2018-06-06T15:51:44+00:00\",\"author\":{\"@id\":\"https:\\\/\\\/aconteceunovale.com.br\\\/portal\\\/#\\\/schema\\\/person\\\/633529146f2c94272bef50ac2953d589\"},\"breadcrumb\":{\"@id\":\"https:\\\/\\\/aconteceunovale.com.br\\\/portal\\\/?p=132628#breadcrumb\"},\"inLanguage\":\"pt-BR\",\"potentialAction\":[{\"@type\":\"ReadAction\",\"target\":[\"https:\\\/\\\/aconteceunovale.com.br\\\/portal\\\/?p=132628\"]}]},{\"@type\":\"ImageObject\",\"inLanguage\":\"pt-BR\",\"@id\":\"https:\\\/\\\/aconteceunovale.com.br\\\/portal\\\/?p=132628#primaryimage\",\"url\":\"https:\\\/\\\/aconteceunovale.com.br\\\/portal\\\/wp-content\\\/uploads\\\/2018\\\/06\\\/ataques_bus.jpg\",\"contentUrl\":\"https:\\\/\\\/aconteceunovale.com.br\\\/portal\\\/wp-content\\\/uploads\\\/2018\\\/06\\\/ataques_bus.jpg\",\"width\":678,\"height\":424},{\"@type\":\"BreadcrumbList\",\"@id\":\"https:\\\/\\\/aconteceunovale.com.br\\\/portal\\\/?p=132628#breadcrumb\",\"itemListElement\":[{\"@type\":\"ListItem\",\"position\":1,\"name\":\"In\u00edcio\",\"item\":\"https:\\\/\\\/aconteceunovale.com.br\\\/portal\\\/\"},{\"@type\":\"ListItem\",\"position\":2,\"name\":\"Minas Gerais contabiliza 60 ataques a \u00f4nibus em 29 cidades\"}]},{\"@type\":\"WebSite\",\"@id\":\"https:\\\/\\\/aconteceunovale.com.br\\\/portal\\\/#website\",\"url\":\"https:\\\/\\\/aconteceunovale.com.br\\\/portal\\\/\",\"name\":\"Aconteceu no Vale\",\"description\":\"Portal de Not\u00edcias\",\"potentialAction\":[{\"@type\":\"SearchAction\",\"target\":{\"@type\":\"EntryPoint\",\"urlTemplate\":\"https:\\\/\\\/aconteceunovale.com.br\\\/portal\\\/?s={search_term_string}\"},\"query-input\":{\"@type\":\"PropertyValueSpecification\",\"valueRequired\":true,\"valueName\":\"search_term_string\"}}],\"inLanguage\":\"pt-BR\"},{\"@type\":\"Person\",\"@id\":\"https:\\\/\\\/aconteceunovale.com.br\\\/portal\\\/#\\\/schema\\\/person\\\/633529146f2c94272bef50ac2953d589\",\"name\":\"Aconteceu no Vale\",\"description\":\"Equipe de reportagem do Aconteceu no Vale, portal de not\u00edcias do Vale do Jequitinhonha, em Minas Gerais. Cobrimos as 51 cidades do Vale desde 2013. Sugest\u00f5es de pauta e pedidos de corre\u00e7\u00e3o: contato@aconteceunovale.com.br\",\"sameAs\":[\"http:\\\/\\\/www.aconteceunovale.com.br\"],\"url\":\"https:\\\/\\\/aconteceunovale.com.br\\\/portal\\\/?author=1\"}]}<\/script>\n<!-- \/ Yoast SEO plugin. -->","yoast_head_json":{"title":"Minas Gerais contabiliza 60 ataques a \u00f4nibus em 29 cidades - Aconteceu no Vale","robots":{"index":"index","follow":"follow","max-snippet":"max-snippet:-1","max-image-preview":"max-image-preview:large","max-video-preview":"max-video-preview:-1"},"canonical":"https:\/\/aconteceunovale.com.br\/portal\/?p=132628","og_locale":"pt_BR","og_type":"article","og_title":"Minas Gerais contabiliza 60 ataques a \u00f4nibus em 29 cidades - Aconteceu no Vale","og_description":"O estado de Minas Gerais registra 60 ataques a \u00f4nibus ocorridos em 29 cidades. A atualiza\u00e7\u00e3o dos n\u00fameros, divulgada hoje (6) pela Pol\u00edcia Militar. De acordo com a PM, por motivos estrat\u00e9gicos e operacionais sugeridos pela Pol\u00edcia Federal, que tamb\u00e9m est\u00e1 colaborando com as investiga\u00e7\u00f5es, n\u00e3o ser\u00e3o apresentados detalhes sobre os \u00faltimos ataques. No final [&hellip;]","og_url":"https:\/\/aconteceunovale.com.br\/portal\/?p=132628","og_site_name":"Aconteceu no Vale","article_publisher":"https:\/\/www.facebook.com\/aconteceunovale\/","article_published_time":"2018-06-06T15:51:44+00:00","og_image":[{"width":678,"height":424,"url":"https:\/\/aconteceunovale.com.br\/portal\/wp-content\/uploads\/2018\/06\/ataques_bus.jpg","type":"image\/jpeg"}],"author":"Aconteceu no Vale","twitter_card":"summary_large_image","twitter_creator":"@noticiadosvales","twitter_site":"@noticiadosvales","twitter_misc":{"Escrito por":"Aconteceu no Vale","Est. tempo de leitura":"3 minutos"},"schema":{"@context":"https:\/\/schema.org","@graph":[{"@type":"Article","@id":"https:\/\/aconteceunovale.com.br\/portal\/?p=132628#article","isPartOf":{"@id":"https:\/\/aconteceunovale.com.br\/portal\/?p=132628"},"author":{"name":"Aconteceu no Vale","@id":"https:\/\/aconteceunovale.com.br\/portal\/#\/schema\/person\/633529146f2c94272bef50ac2953d589"},"headline":"Minas Gerais contabiliza 60 ataques a \u00f4nibus em 29 cidades","datePublished":"2018-06-06T15:51:44+00:00","mainEntityOfPage":{"@id":"https:\/\/aconteceunovale.com.br\/portal\/?p=132628"},"wordCount":619,"commentCount":0,"image":{"@id":"https:\/\/aconteceunovale.com.br\/portal\/?p=132628#primaryimage"},"thumbnailUrl":"https:\/\/aconteceunovale.com.br\/portal\/wp-content\/uploads\/2018\/06\/ataques_bus.jpg","keywords":["Alfenas","Alterosa","Arax\u00e1","Ataques a \u00f4nibus","Ataques a \u00f4nibus em Minas Gerais","ataques em Minas","Belo Horizonte","Bras\u00f3polis","Cidades mineiras registram segunda noite de ataques a \u00f4nibus e pr\u00e9dios","Cruz\u00edlia","destaque","Governo afirma que j\u00e1 identificou fac\u00e7\u00f5es criminosas respons\u00e1veis por ataques a \u00f4nibus em Minas Gerais","Guaxup\u00e9","Ipuiuna","Itajub\u00e1","Lagoa da Prata","Machado","Minas Gerais","Minas Gerais contabiliza 60 ataques a \u00f4nibus em 29 cidades","Minas Gerais tem fim de semana de ataques a \u00f4nibus em v\u00e1rias cidades","Monte Santo de Minas","\u00d4nibus incendiados em Minas Gerais","\u00f4nibus queimados","Passos","PM","Po\u00e7os de Caldas","Pol\u00edcia Civil de Minas Gerais","Pol\u00edcia Militar","Pol\u00edcia vai investigar participa\u00e7\u00e3o de fac\u00e7\u00f5es em ataques em Minas Gerais","Pouso Alegre","Santa Luzia","Tr\u00eas Cora\u00e7\u00f5es","Tr\u00eas Pontas","Uberaba","Uberl\u00e2ndia","Varginha"],"articleSection":["Minas Gerais"],"inLanguage":"pt-BR","potentialAction":[{"@type":"CommentAction","name":"Comment","target":["https:\/\/aconteceunovale.com.br\/portal\/?p=132628#respond"]}]},{"@type":"WebPage","@id":"https:\/\/aconteceunovale.com.br\/portal\/?p=132628","url":"https:\/\/aconteceunovale.com.br\/portal\/?p=132628","name":"Minas Gerais contabiliza 60 ataques a \u00f4nibus em 29 cidades - Aconteceu no Vale","isPartOf":{"@id":"https:\/\/aconteceunovale.com.br\/portal\/#website"},"primaryImageOfPage":{"@id":"https:\/\/aconteceunovale.com.br\/portal\/?p=132628#primaryimage"},"image":{"@id":"https:\/\/aconteceunovale.com.br\/portal\/?p=132628#primaryimage"},"thumbnailUrl":"https:\/\/aconteceunovale.com.br\/portal\/wp-content\/uploads\/2018\/06\/ataques_bus.jpg","datePublished":"2018-06-06T15:51:44+00:00","author":{"@id":"https:\/\/aconteceunovale.com.br\/portal\/#\/schema\/person\/633529146f2c94272bef50ac2953d589"},"breadcrumb":{"@id":"https:\/\/aconteceunovale.com.br\/portal\/?p=132628#breadcrumb"},"inLanguage":"pt-BR","potentialAction":[{"@type":"ReadAction","target":["https:\/\/aconteceunovale.com.br\/portal\/?p=132628"]}]},{"@type":"ImageObject","inLanguage":"pt-BR","@id":"https:\/\/aconteceunovale.com.br\/portal\/?p=132628#primaryimage","url":"https:\/\/aconteceunovale.com.br\/portal\/wp-content\/uploads\/2018\/06\/ataques_bus.jpg","contentUrl":"https:\/\/aconteceunovale.com.br\/portal\/wp-content\/uploads\/2018\/06\/ataques_bus.jpg","width":678,"height":424},{"@type":"BreadcrumbList","@id":"https:\/\/aconteceunovale.com.br\/portal\/?p=132628#breadcrumb","itemListElement":[{"@type":"ListItem","position":1,"name":"In\u00edcio","item":"https:\/\/aconteceunovale.com.br\/portal\/"},{"@type":"ListItem","position":2,"name":"Minas Gerais contabiliza 60 ataques a \u00f4nibus em 29 cidades"}]},{"@type":"WebSite","@id":"https:\/\/aconteceunovale.com.br\/portal\/#website","url":"https:\/\/aconteceunovale.com.br\/portal\/","name":"Aconteceu no Vale","description":"Portal de Not\u00edcias","potentialAction":[{"@type":"SearchAction","target":{"@type":"EntryPoint","urlTemplate":"https:\/\/aconteceunovale.com.br\/portal\/?s={search_term_string}"},"query-input":{"@type":"PropertyValueSpecification","valueRequired":true,"valueName":"search_term_string"}}],"inLanguage":"pt-BR"},{"@type":"Person","@id":"https:\/\/aconteceunovale.com.br\/portal\/#\/schema\/person\/633529146f2c94272bef50ac2953d589","name":"Aconteceu no Vale","description":"Equipe de reportagem do Aconteceu no Vale, portal de not\u00edcias do Vale do Jequitinhonha, em Minas Gerais. Cobrimos as 51 cidades do Vale desde 2013. Sugest\u00f5es de pauta e pedidos de corre\u00e7\u00e3o: contato@aconteceunovale.com.br","sameAs":["http:\/\/www.aconteceunovale.com.br"],"url":"https:\/\/aconteceunovale.com.br\/portal\/?author=1"}]}},"_links":{"self":[{"href":"https:\/\/aconteceunovale.com.br\/portal\/index.php?rest_route=\/wp\/v2\/posts\/132628","targetHints":{"allow":["GET"]}}],"collection":[{"href":"https:\/\/aconteceunovale.com.br\/portal\/index.php?rest_route=\/wp\/v2\/posts"}],"about":[{"href":"https:\/\/aconteceunovale.com.br\/portal\/index.php?rest_route=\/wp\/v2\/types\/post"}],"author":[{"embeddable":true,"href":"https:\/\/aconteceunovale.com.br\/portal\/index.php?rest_route=\/wp\/v2\/users\/1"}],"replies":[{"embeddable":true,"href":"https:\/\/aconteceunovale.com.br\/portal\/index.php?rest_route=%2Fwp%2Fv2%2Fcomments&post=132628"}],"version-history":[{"count":0,"href":"https:\/\/aconteceunovale.com.br\/portal\/index.php?rest_route=\/wp\/v2\/posts\/132628\/revisions"}],"wp:featuredmedia":[{"embeddable":true,"href":"https:\/\/aconteceunovale.com.br\/portal\/index.php?rest_route=\/wp\/v2\/media\/132629"}],"wp:attachment":[{"href":"https:\/\/aconteceunovale.com.br\/portal\/index.php?rest_route=%2Fwp%2Fv2%2Fmedia&parent=132628"}],"wp:term":[{"taxonomy":"category","embeddable":true,"href":"https:\/\/aconteceunovale.com.br\/portal\/index.php?rest_route=%2Fwp%2Fv2%2Fcategories&post=132628"},{"taxonomy":"post_tag","embeddable":true,"href":"https:\/\/aconteceunovale.com.br\/portal\/index.php?rest_route=%2Fwp%2Fv2%2Ftags&post=132628"}],"curies":[{"name":"wp","href":"https:\/\/api.w.org\/{rel}","templated":true}]}}