{"id":132473,"date":"2018-06-04T20:25:53","date_gmt":"2018-06-04T22:25:53","guid":{"rendered":"http:\/\/aconteceunovale.com.br\/portal\/?p=132473"},"modified":"2018-06-05T18:48:23","modified_gmt":"2018-06-05T20:48:23","slug":"policia-vai-investigar-participacao-de-faccoes-em-ataques-em-minas-gerais","status":"publish","type":"post","link":"https:\/\/aconteceunovale.com.br\/portal\/?p=132473","title":{"rendered":"Pol\u00edcia vai investigar participa\u00e7\u00e3o de fac\u00e7\u00f5es em ataques em Minas Gerais"},"content":{"rendered":"<p>A Pol\u00edcia Militar (PM) de Minas Gerais informou hoje (4) que somente atrav\u00e9s de investiga\u00e7\u00f5es poder\u00e1 confirmar a suspeita da participa\u00e7\u00e3o de fac\u00e7\u00f5es nos inc\u00eandios criminosos ocorridos no estado entre a tarde de ontem (3) e a madrugada de hoje, embora n\u00e3o descarte essa possibilidade. De acordo com o porta-voz da PM mineira, major Fl\u00e1vio Santiago, a hip\u00f3tese de que o comando dos ataques partiu de organiza\u00e7\u00f5es criminosas foi intensificada com a circula\u00e7\u00e3o de \u00e1udios nas redes sociais.<\/p>\n<p>Segundo ele, alguns dos \u00e1udios foram descartados ap\u00f3s an\u00e1lise da corpora\u00e7\u00e3o, porque, apesar de serem divulgados como materiais relacionados aos inc\u00eandios, n\u00e3o tinham conex\u00e3o com os crimes. &#8220;\u00c9 importante frisar que esses ataques n\u00e3o aconteceram somente em Minas Gerais. Aconteceram em outros estados. Temos informa\u00e7\u00e3o do Rio Grande do Norte, de S\u00e3o Paulo. Quer dizer, n\u00e3o foi uma a\u00e7\u00e3o direcionada a Minas Gerais&#8221;, afirmou o major, em coletiva de imprensa. &#8220;Parece, em parte, que houve uma orquestra\u00e7\u00e3o de fac\u00e7\u00e3o criminosa, mas n\u00e3o podemos determinar isso&#8221;, disse o policial.<\/p>\n<p>De acordo com a PM, foram atingidos, nos \u00faltimos dois dias, 24 \u00f4nibus, duas ag\u00eancias banc\u00e1rias, um caixa eletr\u00f4nico de autoatendimento, uma delegacia e uma unidade de Registro de Eventos de Defesa Social (Reds), da PM, al\u00e9m de pr\u00e9dios p\u00fablicos.<\/p>\n<p>O major disse aos jornalistas que, desde ontem, um &#8220;vasto efetivo&#8221; de policiais militares foi empregado para fazer a escolta dos ve\u00edculos e o cruzamento de informa\u00e7\u00f5es de intelig\u00eancia, com o objetivo contribuir para o andamento das investiga\u00e7\u00f5es dos ataques. Ele comunicou, ainda, que a PM j\u00e1 prendeu 30 pessoas. Do total, oito foram presas em flagrante, sendo um adolescente.<\/p>\n<p><img decoding=\"async\" src=\"http:\/\/aconteceunovale.com.br\/portal\/wp-content\/uploads\/2018\/06\/ocorrencias_bus_4.jpg\" alt=\"\" \/><em>Ve\u00edculo coletivo incendiado em Uberaba (Foto: Reprodu\u00e7\u00e3o\/WhatsApp)<\/em><br \/>\n<\/br><\/p>\n<h4>Nota do Governo de Minas<\/h4>\n<p><em>O Estado de Minas Gerais ressalta que est\u00e1 empenhado na resolu\u00e7\u00e3o e no esclarecimento das motiva\u00e7\u00f5es que levaram \u00e0 queima de \u00f4nibus e outros eventos de seguran\u00e7a desde o \u00faltimo domingo (3\/6), em diferentes cidades mineiras. Por determina\u00e7\u00e3o do Governador Fernando Pimentel, todas as for\u00e7as de seguran\u00e7a trabalham de forma integrada e com prioridade na quest\u00e3o, na busca de resultados e puni\u00e7\u00e3o de respons\u00e1veis.<\/p>\n<p>Vale ressaltar que a resposta dada at\u00e9 o momento pelas institui\u00e7\u00f5es mostra mais uma vez a for\u00e7a das pol\u00edcias mineiras e a confian\u00e7a que a popula\u00e7\u00e3o pode e deve ter na resolu\u00e7\u00e3o dos fatos. At\u00e9 o momento, j\u00e1 foram conduzidos, pela Pol\u00edcia Militar, 30 suspeitos de integrar as a\u00e7\u00f5es; outras pessoas poder\u00e3o ainda ser responsabilizadas na continuidade dos trabalhos.<\/p>\n<p>As \u00e1reas de Intelig\u00eancia da Secretaria de Estado de Seguran\u00e7a P\u00fablica (Sesp), Secretaria de Estado de Administra\u00e7\u00e3o Prisional (Seap), Pol\u00edcia Militar, Pol\u00edcia Civil e Corpo de Bombeiros Militar est\u00e3o e continuar\u00e3o debru\u00e7adas sobre o tema de forma diuturna. A Pol\u00edcia Civil tamb\u00e9m j\u00e1 est\u00e1 com investiga\u00e7\u00f5es em curso e, o Corpo de Bombeiros, atendendo imediatamente todas as ocorr\u00eancias que permanecem felizmente sem v\u00edtimas.<\/p>\n<p>Entretanto, apesar de entender todo o desejo de mais detalhes oriundos da imprensa, \u00e9 imprescind\u00edvel o sigilo das a\u00e7\u00f5es e investiga\u00e7\u00f5es que est\u00e3o sendo desenvolvidas, potencializando, desta forma, o objetivo final que \u00e9 o esclarecimento dos fatos para a sociedade.<\/p>\n<p>A Pol\u00edcia Federal e o Gabinete Militar do Governador tamb\u00e9m foram envolvidos neste esfor\u00e7o de resolu\u00e7\u00e3o dos eventos. Na manh\u00e3 desta segunda-feira (4\/6), ambas as institui\u00e7\u00f5es se juntaram \u00e0 Sesp, Seap, PM, PC e Bombeiros em uma reuni\u00e3o estrat\u00e9gica para tratar do tema, realizada com a presen\u00e7a do governador.<\/em><\/p>\n<p><strong>VER PRIMEIRO<\/strong><\/p>\n<p>Receba as not\u00edcias do Aconteceu no Vale em primeira m\u00e3o. Clique em curtir no endere\u00e7o <a href=\"https:\/\/www.facebook.com\/aconteceunovale\" target=\"_blank\"><font color=\"red\">www.facebook.com\/aconteceunovale<\/font><\/a> ou no box abaixo:<\/p>\n<div class=\"fb-like\" data-href=\"https:\/\/www.facebook.com\/aconteceunovale\" data-width=\"120\" data-layout=\"standard\" data-action=\"like\" data-size=\"small\" data-show-faces=\"true\" data-share=\"true\"><\/div>\n<p><\/br><\/p>\n<p><em>(Fonte: Ag\u00eancia Brasil)<\/em><\/p>\n","protected":false},"excerpt":{"rendered":"<p>A Pol\u00edcia Militar (PM) de Minas Gerais informou hoje (4) que somente atrav\u00e9s de investiga\u00e7\u00f5es poder\u00e1 confirmar a suspeita da participa\u00e7\u00e3o de fac\u00e7\u00f5es nos inc\u00eandios criminosos ocorridos no estado entre a tarde de ontem (3) e a madrugada de hoje, embora n\u00e3o descarte essa possibilidade. De acordo com o porta-voz da PM mineira, major Fl\u00e1vio [&hellip;]<\/p>\n","protected":false},"author":1,"featured_media":132474,"comment_status":"open","ping_status":"closed","sticky":false,"template":"","format":"standard","meta":{"amp_status":"","footnotes":""},"categories":[123],"tags":[957,1504,175324,175323,194,143487,71353,1018,959,1544,1509,131,175325,51359,175322,213,215,169,175333,216,1498,1507,220,221,223],"class_list":["post-132473","post","type-post","status-publish","format-standard","has-post-thumbnail","hentry","category-gerais","tag-alfenas","tag-araxa","tag-ataques-a-onibus","tag-ataques-a-onibus-em-minas-gerais","tag-belo-horizonte","tag-brasopolis","tag-cruzilia","tag-destaque","tag-guaxupe","tag-itajuba","tag-lagoa-da-prata","tag-minas-gerais","tag-minas-gerais-tem-fim-de-semana-de-ataques-a-onibus-em-varias-cidades","tag-monte-santo-de-minas","tag-onibus-incendiados-em-minas-gerais","tag-passos","tag-pocos-de-caldas","tag-policia-militar","tag-policia-vai-investigar-participacao-de-faccoes-em-ataques-em-minas-gerais","tag-pouso-alegre","tag-santa-luzia","tag-tres-coracoes","tag-uberaba","tag-uberlandia","tag-varginha"],"_links":{"self":[{"href":"https:\/\/aconteceunovale.com.br\/portal\/index.php?rest_route=\/wp\/v2\/posts\/132473","targetHints":{"allow":["GET"]}}],"collection":[{"href":"https:\/\/aconteceunovale.com.br\/portal\/index.php?rest_route=\/wp\/v2\/posts"}],"about":[{"href":"https:\/\/aconteceunovale.com.br\/portal\/index.php?rest_route=\/wp\/v2\/types\/post"}],"author":[{"embeddable":true,"href":"https:\/\/aconteceunovale.com.br\/portal\/index.php?rest_route=\/wp\/v2\/users\/1"}],"replies":[{"embeddable":true,"href":"https:\/\/aconteceunovale.com.br\/portal\/index.php?rest_route=%2Fwp%2Fv2%2Fcomments&post=132473"}],"version-history":[{"count":0,"href":"https:\/\/aconteceunovale.com.br\/portal\/index.php?rest_route=\/wp\/v2\/posts\/132473\/revisions"}],"wp:featuredmedia":[{"embeddable":true,"href":"https:\/\/aconteceunovale.com.br\/portal\/index.php?rest_route=\/wp\/v2\/media\/132474"}],"wp:attachment":[{"href":"https:\/\/aconteceunovale.com.br\/portal\/index.php?rest_route=%2Fwp%2Fv2%2Fmedia&parent=132473"}],"wp:term":[{"taxonomy":"category","embeddable":true,"href":"https:\/\/aconteceunovale.com.br\/portal\/index.php?rest_route=%2Fwp%2Fv2%2Fcategories&post=132473"},{"taxonomy":"post_tag","embeddable":true,"href":"https:\/\/aconteceunovale.com.br\/portal\/index.php?rest_route=%2Fwp%2Fv2%2Ftags&post=132473"}],"curies":[{"name":"wp","href":"https:\/\/api.w.org\/{rel}","templated":true}]}}