{"id":132310,"date":"2018-06-01T18:44:51","date_gmt":"2018-06-01T20:44:51","guid":{"rendered":"http:\/\/aconteceunovale.com.br\/portal\/?p=132310"},"modified":"2018-06-01T18:44:51","modified_gmt":"2018-06-01T20:44:51","slug":"brasil-fica-isento-da-tarifa-de-aco-dos-eua-mas-nao-da-de-aluminio","status":"publish","type":"post","link":"https:\/\/aconteceunovale.com.br\/portal\/?p=132310","title":{"rendered":"Brasil fica isento da tarifa de a\u00e7o dos EUA, mas n\u00e3o da de alum\u00ednio"},"content":{"rendered":"<p>O presidente dos Estados Unidos, Donald Trump, anunciou ontem (31) que vai impor tarifas de 25% sobre o a\u00e7o e de 10% sobre o alum\u00ednio importados de pa\u00edses da Uni\u00e3o Europeia e do Canad\u00e1 e M\u00e9xico, seus parceiros no Nafta (Acordo de Livre Com\u00e9rcio da Am\u00e9rica do Norte). As novas tarifas entram em vigor nesta sexta-feira (1\u00ba). Brasil, Argentina e Austr\u00e1lia continuam isentos das tarifas de a\u00e7o, mas o Brasil n\u00e3o aparece na lista dos pa\u00edses que continuam isentos da de alum\u00ednio.<\/p>\n<p>A escolha pela tributa\u00e7\u00e3o, ao inv\u00e9s de um sistema de cotas, foi uma op\u00e7\u00e3o da ind\u00fastria do alum\u00ednio.<\/p>\n<p>Segundo nota do\u00a0Minist\u00e9rio das Rela\u00e7\u00f5es Exteriores, divulgada no in\u00edcio deste m\u00eas, &#8220;os representantes do setor de alum\u00ednio indicaram que a alternativa menos prejudicial a seus interesses seria suportar as sobretaxas de 10% inicialmente previstas. J\u00e1 os representantes do setor do a\u00e7o indicaram que a imposi\u00e7\u00e3o de cotas seria menos restritiva em rela\u00e7\u00e3o \u00e0 tarifa de 25%&#8221;.<\/p>\n<p>Alguns dos pa\u00edses atingidos pela tarifa\u00e7\u00e3o est\u00e3o entre os maiores parceiros pol\u00edticos dos Estados Unidos. A raz\u00e3o apontada pela Casa Branca para a imposi\u00e7\u00e3o das tarifas foi \u201cproteger a seguran\u00e7a nacional dos efeitos do excesso de oferta global de a\u00e7o e de alum\u00ednio\u201d.<\/p>\n<p>Nesta quinta-feira, o governo americano disse que tentou negociar com alguns pa\u00edses para rever pontos que considera prejudiciais \u00e0 seguran\u00e7a nacional, mas ressaltou que n\u00e3o obteve resultados em todos os casos.<\/p>\n<p><strong>A\u00e7o<\/strong><\/p>\n<p>No dia 30 de abril, um acordo com a Coreia do Sul foi fechado sobre a quest\u00e3o da tarifa sobre o a\u00e7o, e hoje foram confirmados os acordos com o pa\u00eds e com a Austr\u00e1lia, a Argentina e o Brasil. Haver\u00e1 imposi\u00e7\u00e3o de cotas, ou limites quantitativos, \u00e0 exporta\u00e7\u00e3o do produto por esses pa\u00edses.<\/p>\n<p>\u201cOs Estados Unidos, no entanto, n\u00e3o conseguiram chegar a um acordo satisfat\u00f3rio com Canad\u00e1, M\u00e9xico e Uni\u00e3o Europeia, depois de ter repetidamente atrasado a implementa\u00e7\u00e3o das tarifas para dar mais tempo para as discuss\u00f5es\u201d, acrescenta o comunicado da Casa Branca.<\/p>\n<p><strong>Alum\u00ednio<\/strong><\/p>\n<p>Argentina e Austr\u00e1lia tamb\u00e9m fecharam acordo sobre o alum\u00ednio. No dia 22 de mar\u00e7o, os Estados Unidos anunciaram que estavam negociando com Argentina, Austr\u00e1lia, Brasil, Canad\u00e1, M\u00e9xico, Coreia do Sul e Uni\u00e3o Europeia alternativas para lidar com a quest\u00e3o das importa\u00e7\u00f5es do produto. As tarifas foram suspensas at\u00e9 1\u00ba de maio.<\/p>\n<p>No dia 30 de abril, o governo anunciou que tinha entrado em acordo com Argentina, Austr\u00e1lia e Brasil, e as isen\u00e7\u00f5es foram estendidas para esses pa\u00edses. Hoje, o documento da Casa Branca s\u00f3 menciona Argentina e Austr\u00e1lia entre os pa\u00edses que ser\u00e3o isentos das taxas sobre o alum\u00ednio, portanto, o Brasil passa a estar entre os pa\u00edses que ter\u00e3o que pagar tarifas de 10% para exportar o produto aos Estados Unidos.<\/p>\n<p><strong>Hist\u00f3rico<\/strong><\/p>\n<p>Em janeiro deste ano, o Departamento de Com\u00e9rcio norte-americano divulgou dois relat\u00f3rios em que recomendava ao governo dos Estados Unidos rever suas pol\u00edticas de importa\u00e7\u00e3o de a\u00e7o e de alum\u00ednio por quest\u00f5es de seguran\u00e7a nacional.<\/p>\n<p>Segundo o an\u00fancio de hoje, a justificativa \u00e9 que \u201cmais fechamentos da capacidade de produ\u00e7\u00e3o dom\u00e9stica iriam resultar em uma situa\u00e7\u00e3o em que os Estados Unidos ficariam incapazes de responder \u00e0 demanda para defesa nacional e infraestrutura cr\u00edtica em caso de emerg\u00eancia nacional\u201d.<\/p>\n<p>Pouco tempo depois de anunciar as novas tarifas no dia 8 de mar\u00e7o deste ano, Trump havia entrado em negocia\u00e7\u00f5es e suspendido temporariamente a aplica\u00e7\u00e3o de tarifas sobre os dois itens para uma lista de pa\u00edses que inclu\u00eda os da Uni\u00e3o Europeia, al\u00e9m de Canad\u00e1, M\u00e9xico, Coreia do Sul, Austr\u00e1lia e Brasil.<\/p>\n<p><strong>VER PRIMEIRO<\/strong><\/p>\n<p>Receba as not\u00edcias do Aconteceu no Vale em primeira m\u00e3o. Clique em curtir no endere\u00e7o <a href=\"https:\/\/www.facebook.com\/aconteceunovale\" target=\"_blank\"><font color=\"red\">www.facebook.com\/aconteceunovale<\/font><\/a> ou no box abaixo:<\/p>\n<div class=\"fb-like\" data-href=\"https:\/\/www.facebook.com\/aconteceunovale\" data-width=\"120\" data-layout=\"standard\" data-action=\"like\" data-size=\"small\" data-show-faces=\"true\" data-share=\"true\"><\/div>\n<p><\/br><\/p>\n<p><em>(Fonte: Ag\u00eancia Brasil)<\/em><\/p>\n","protected":false},"excerpt":{"rendered":"<p>O presidente dos Estados Unidos, Donald Trump, anunciou ontem (31) que vai impor tarifas de 25% sobre o a\u00e7o e de 10% sobre o alum\u00ednio importados de pa\u00edses da Uni\u00e3o Europeia e do Canad\u00e1 e M\u00e9xico, seus parceiros no Nafta (Acordo de Livre Com\u00e9rcio da Am\u00e9rica do Norte). As novas tarifas entram em vigor nesta [&hellip;]<\/p>\n","protected":false},"author":1,"featured_media":65291,"comment_status":"open","ping_status":"closed","sticky":false,"template":"","format":"standard","meta":{"amp_status":"","footnotes":""},"categories":[6,28848],"tags":[111529,91048,4785,175074,79020,15469,175075,15835,78538],"class_list":["post-132310","post","type-post","status-publish","format-standard","has-post-thumbnail","hentry","category-br","category-mundo","tag-aco","tag-aluminio","tag-brasil","tag-brasil-fica-isento-da-tarifa-de-aco-dos-eua","tag-donald-trump","tag-estados-unidos","tag-mas-nao-da-de-aluminio","tag-presidente-dos-estados-unidos","tag-tarifa"],"_links":{"self":[{"href":"https:\/\/aconteceunovale.com.br\/portal\/index.php?rest_route=\/wp\/v2\/posts\/132310","targetHints":{"allow":["GET"]}}],"collection":[{"href":"https:\/\/aconteceunovale.com.br\/portal\/index.php?rest_route=\/wp\/v2\/posts"}],"about":[{"href":"https:\/\/aconteceunovale.com.br\/portal\/index.php?rest_route=\/wp\/v2\/types\/post"}],"author":[{"embeddable":true,"href":"https:\/\/aconteceunovale.com.br\/portal\/index.php?rest_route=\/wp\/v2\/users\/1"}],"replies":[{"embeddable":true,"href":"https:\/\/aconteceunovale.com.br\/portal\/index.php?rest_route=%2Fwp%2Fv2%2Fcomments&post=132310"}],"version-history":[{"count":0,"href":"https:\/\/aconteceunovale.com.br\/portal\/index.php?rest_route=\/wp\/v2\/posts\/132310\/revisions"}],"wp:featuredmedia":[{"embeddable":true,"href":"https:\/\/aconteceunovale.com.br\/portal\/index.php?rest_route=\/wp\/v2\/media\/65291"}],"wp:attachment":[{"href":"https:\/\/aconteceunovale.com.br\/portal\/index.php?rest_route=%2Fwp%2Fv2%2Fmedia&parent=132310"}],"wp:term":[{"taxonomy":"category","embeddable":true,"href":"https:\/\/aconteceunovale.com.br\/portal\/index.php?rest_route=%2Fwp%2Fv2%2Fcategories&post=132310"},{"taxonomy":"post_tag","embeddable":true,"href":"https:\/\/aconteceunovale.com.br\/portal\/index.php?rest_route=%2Fwp%2Fv2%2Ftags&post=132310"}],"curies":[{"name":"wp","href":"https:\/\/api.w.org\/{rel}","templated":true}]}}