{"id":132307,"date":"2018-06-01T18:38:27","date_gmt":"2018-06-01T20:38:27","guid":{"rendered":"http:\/\/aconteceunovale.com.br\/portal\/?p=132307"},"modified":"2018-06-01T18:38:27","modified_gmt":"2018-06-01T20:38:27","slug":"para-viabilizar-reducao-do-diesel-governo-tira-r-12-bi-de-programas","status":"publish","type":"post","link":"https:\/\/aconteceunovale.com.br\/portal\/?p=132307","title":{"rendered":"Para viabilizar redu\u00e7\u00e3o do diesel, governo tira R$ 1,2 bi de programas"},"content":{"rendered":"<p>O Di\u00e1rio Oficial da Uni\u00e3o (DOU), na edi\u00e7\u00e3o extra de quinta-feira (31\/05\/2018), traz medida provis\u00f3ria que estabelece o cancelamento de dota\u00e7\u00f5es or\u00e7ament\u00e1rias em diversas \u00e1reas, como programas de fortalecimento do Sistema \u00danico de Sa\u00fade (SUS), concess\u00e3o de bolsas, aquisi\u00e7\u00e3o de \u00e1reas para a reforma agr\u00e1ria e policiamento de rodovias, entre outras.<\/p>\n<p>No total, foram extintas despesas que somam R$ 1,2 bilh\u00e3o. A meta \u00e9 viabilizar recursos para o programa de subs\u00eddio do \u00f3leo diesel, que manter\u00e1 pre\u00e7os fixos do combust\u00edvel at\u00e9 o fim do ano.<\/p>\n<p>O governo tamb\u00e9m vai usar recursos de reservas de conting\u00eancia, que n\u00e3o estavam sendo usadas porque extrapolam o teto dos gastos, no valor de R$ 6,2 bilh\u00f5es, bem como uma outra reserva de capitaliza\u00e7\u00e3o de empresas p\u00fablicas: R$ 2,1 bilh\u00f5es.<\/p>\n<p>Al\u00e9m disso, o secret\u00e1rio da Receita Federal, Jorge Rachid, anunciou a san\u00e7\u00e3o do projeto de reonera\u00e7\u00e3o da folha de pagamento para 39 setores da economia, que vai render R$ 830 milh\u00f5es, al\u00e9m da redu\u00e7\u00e3o e elimina\u00e7\u00e3o de incentivos fiscais para exportadores e ind\u00fastrias qu\u00edmica e de refrigerantes, somando outros R$ 3,18 bilh\u00f5es. No total, o governo espera arrecadar R$ 13,5 bilh\u00f5es para viabilizar o desconto no diesel.<\/p>\n<p><strong>Corte nos minist\u00e9rios<\/strong><\/p>\n<p>Segundo o secret\u00e1rio-executivo do Minist\u00e9rio do Planejamento, Desenvolvimento e Gest\u00e3o, Gleisson Cardoso Rubin, o corte or\u00e7ament\u00e1rio foi pulverizado entre praticamente todas as pastas federais e se deu sobre despesas que j\u00e1 estavam bloqueadas.<\/p>\n<p>&#8220;Esse cancelamento vai se dar na parcela dos recursos que estavam contingenciados [bloqueados], de modo que n\u00f3s n\u00e3o teremos de solicitar devolu\u00e7\u00e3o de recursos que j\u00e1 haviam sido destinados. Naturalmente, reduz o espa\u00e7o de amplia\u00e7\u00e3o das dota\u00e7\u00f5es que est\u00e3o consignadas atualmente&#8221;, disse.<\/p>\n<p><strong>Reonera\u00e7\u00e3o<\/strong><\/p>\n<p>No caso do projeto de reonera\u00e7\u00e3o sobre a folha de pagamento, o governo vetou outros 11 setores que haviam sido exclu\u00eddos do projeto aprovado pelo Congresso Nacional. Com isso, permanecem beneficiados pelo incentivo fiscal do governo, at\u00e9 2020, 17 segmentos.<\/p>\n<p>&#8220;[Permanecem] setores que desde o in\u00edcio o governo decidiu que deveriam ser mantidos [na desonera\u00e7\u00e3o] e aqueles que estavam na medida original, setores cal\u00e7adistas, t\u00eaxteis, de confec\u00e7\u00e3o e tecnologia da informa\u00e7\u00e3o. A retirada foi daqueles novos que haviam sido inclu\u00eddos nesse processo legislativo. A inten\u00e7\u00e3o era eliminar e n\u00e3o acrescentar novos setores, preservando os setores iniciais desse programa&#8221;, explicou Jorge Rachid ao detalhar os crit\u00e9rios dos vetos do presidente Temer sobre \u00e1reas que o Congresso Nacional havia mantido no programa de desonera\u00e7\u00e3o.<\/p>\n<p>O Projeto de Lei 8.456\/17  trata da redu\u00e7\u00e3o das ren\u00fancias fiscais sobre folhas de pagamento, prevendo o fim da desonera\u00e7\u00e3o de determinados setores da economia. A inten\u00e7\u00e3o \u00e9, com a chamada reonera\u00e7\u00e3o, aumentar a arrecada\u00e7\u00e3o do governo.<\/p>\n<p>A lista de setores que v\u00e3o continuar se beneficiando com a desonera\u00e7\u00e3o da folha:<\/p>\n<p>1) cal\u00e7ados<br \/>\n2) call center<br \/>\n3) comunica\u00e7\u00e3o<br \/>\n4) confec\u00e7\u00e3o\/vestu\u00e1rio<br \/>\n5) constru\u00e7\u00e3o civil<br \/>\n6) empresas de constru\u00e7\u00e3o e obras de infraestrutura<br \/>\n7) couro<br \/>\n8) fabrica\u00e7\u00e3o de ve\u00edculos e carro\u00e7arias<br \/>\n9) m\u00e1quinas e equipamentos<br \/>\n10) prote\u00edna animal<br \/>\n11) t\u00eaxtil<br \/>\n12) tecnologia da informa\u00e7\u00e3o<br \/>\n13) TIC tecnologia de comunica\u00e7\u00e3o)<br \/>\n14) projeto de circuitos integrados<br \/>\n15) transporte metroferrovi\u00e1rio de passageiros<br \/>\n16) transporte rodovi\u00e1rio coletivo<br \/>\n17) transporte rodovi\u00e1rio de cargas.<\/p>\n<p><strong>VER PRIMEIRO<\/strong><\/p>\n<p>Receba as not\u00edcias do Aconteceu no Vale em primeira m\u00e3o. Clique em curtir no endere\u00e7o <a href=\"https:\/\/www.facebook.com\/aconteceunovale\" target=\"_blank\"><font color=\"red\">www.facebook.com\/aconteceunovale<\/font><\/a> ou no box abaixo:<\/p>\n<div class=\"fb-like\" data-href=\"https:\/\/www.facebook.com\/aconteceunovale\" data-width=\"120\" data-layout=\"standard\" data-action=\"like\" data-size=\"small\" data-show-faces=\"true\" data-share=\"true\"><\/div>\n<p><\/br><\/p>\n<p><em>(Fonte: Ag\u00eancia Brasil)<\/em><\/p>\n","protected":false},"excerpt":{"rendered":"<p>O Di\u00e1rio Oficial da Uni\u00e3o (DOU), na edi\u00e7\u00e3o extra de quinta-feira (31\/05\/2018), traz medida provis\u00f3ria que estabelece o cancelamento de dota\u00e7\u00f5es or\u00e7ament\u00e1rias em diversas \u00e1reas, como programas de fortalecimento do Sistema \u00danico de Sa\u00fade (SUS), concess\u00e3o de bolsas, aquisi\u00e7\u00e3o de \u00e1reas para a reforma agr\u00e1ria e policiamento de rodovias, entre outras. No total, foram extintas [&hellip;]<\/p>\n","protected":false},"author":1,"featured_media":132308,"comment_status":"open","ping_status":"closed","sticky":false,"template":"","format":"standard","meta":{"amp_status":"","footnotes":""},"categories":[6],"tags":[120595,175071,175073,42485,175072,160506,175070],"class_list":["post-132307","post","type-post","status-publish","format-standard","has-post-thumbnail","hentry","category-br","tag-diesel","tag-dotacoes-orcamentarias","tag-governo-tira-r-1-2-bi-de-programas","tag-greve-dos-caminhoneiros","tag-para-viabilizar-reducao-do-diesel","tag-reducao-do-diesel","tag-reoneracao-da-folha-de-pagamento"],"_links":{"self":[{"href":"https:\/\/aconteceunovale.com.br\/portal\/index.php?rest_route=\/wp\/v2\/posts\/132307","targetHints":{"allow":["GET"]}}],"collection":[{"href":"https:\/\/aconteceunovale.com.br\/portal\/index.php?rest_route=\/wp\/v2\/posts"}],"about":[{"href":"https:\/\/aconteceunovale.com.br\/portal\/index.php?rest_route=\/wp\/v2\/types\/post"}],"author":[{"embeddable":true,"href":"https:\/\/aconteceunovale.com.br\/portal\/index.php?rest_route=\/wp\/v2\/users\/1"}],"replies":[{"embeddable":true,"href":"https:\/\/aconteceunovale.com.br\/portal\/index.php?rest_route=%2Fwp%2Fv2%2Fcomments&post=132307"}],"version-history":[{"count":0,"href":"https:\/\/aconteceunovale.com.br\/portal\/index.php?rest_route=\/wp\/v2\/posts\/132307\/revisions"}],"wp:featuredmedia":[{"embeddable":true,"href":"https:\/\/aconteceunovale.com.br\/portal\/index.php?rest_route=\/wp\/v2\/media\/132308"}],"wp:attachment":[{"href":"https:\/\/aconteceunovale.com.br\/portal\/index.php?rest_route=%2Fwp%2Fv2%2Fmedia&parent=132307"}],"wp:term":[{"taxonomy":"category","embeddable":true,"href":"https:\/\/aconteceunovale.com.br\/portal\/index.php?rest_route=%2Fwp%2Fv2%2Fcategories&post=132307"},{"taxonomy":"post_tag","embeddable":true,"href":"https:\/\/aconteceunovale.com.br\/portal\/index.php?rest_route=%2Fwp%2Fv2%2Ftags&post=132307"}],"curies":[{"name":"wp","href":"https:\/\/api.w.org\/{rel}","templated":true}]}}