{"id":132304,"date":"2018-06-01T18:23:43","date_gmt":"2018-06-01T20:23:43","guid":{"rendered":"http:\/\/aconteceunovale.com.br\/portal\/?p=132304"},"modified":"2018-06-01T18:23:43","modified_gmt":"2018-06-01T20:23:43","slug":"motorista-e-condenado-por-trafico-internacional-de-armas-de-fogo-informa-mpfmg","status":"publish","type":"post","link":"https:\/\/aconteceunovale.com.br\/portal\/?p=132304","title":{"rendered":"Motorista \u00e9 condenado por tr\u00e1fico internacional de armas de fogo, informa MPF\/MG"},"content":{"rendered":"<p>O Minist\u00e9rio P\u00fablico Federal (MPF) em Uberaba (MG) obteve a condena\u00e7\u00e3o de Ant\u00f4nio Callou Cortez por importa\u00e7\u00e3o ilegal de armas de fogo de uso proibido ou restrito (artigos 18 e 19 da Lei 10.826\/2003). O acusado recebeu pena de 7 anos, 1 m\u00eas e 15 dias de pris\u00e3o, a ser cumprida em regime fechado.<\/p>\n<p>De acordo com a den\u00fancia, Ant\u00f4nio Callou, em companhia de Ant\u00f4nio Regiv\u00e2nio Carneiro Di\u00f3genes, foi preso em flagrante no dia 8 de setembro de 2017, em Santa Juliana (MG), transportando oito submetralhadoras de fabrica\u00e7\u00e3o norte-americana e 16 carregadores. Segundo a per\u00edcia criminal federal, cada um desses pentes tem capacidade para aproximadamente 40 cartuchos 9 mm. <\/p>\n<p>O flagrante ocorreu a partir de uma den\u00fancia recebida pelo servi\u00e7o de intelig\u00eancia da Pol\u00edcia Militar de Minas Gerais, noticiando que um caminh\u00e3o Mercedes Benz, de cor vermelha, oriundo da Bahia, estaria transportando drogas e armamento.<\/p>\n<p>Ap\u00f3s sua pris\u00e3o, Ant\u00f4nio Callou disse ter sido contratado por uma pessoa de nome &#8220;Tiba&#8221; para transportar as armas de S\u00e3o Paulo\/SP at\u00e9 a cidade de Feira de Santana\/BA, mediante o pagamento da quantia de R$ 800.<\/p>\n<p>Para o Ju\u00edzo Federal, a alega\u00e7\u00e3o n\u00e3o se sustenta, porque foi apurado que os contatos entre eles transcorreram por mais de cinco meses, o que afastaria o car\u00e1ter de esporadicidade. <\/p>\n<p>Al\u00e9m disso, Ant\u00f4nio Callou j\u00e1 foi condenado por outro crime de mesma natureza, o que, aliado ao fato dele ter escondido as armas em caixa acondicionada embaixo do caminh\u00e3o, &#8220;revela a consci\u00eancia da conduta, do resultado, do nexo causal entre ambos, bem como que efetivamente teve vontade de praticar tal conduta e obter o resultado, comportando-se deliberadamente para lograr tal prop\u00f3sito: favorecer a entrada de arma de fogo de uso restrito em territ\u00f3rio nacional, sem autoriza\u00e7\u00e3o competente&#8221;, relata a senten\u00e7a.<\/p>\n<p>O comparsa de Callou, Ant\u00f4nio Regiv\u00e2nio, teve a pris\u00e3o preventiva decretada, mas se encontra foragido.<\/p>\n<p><img decoding=\"async\" src=\"http:\/\/aconteceunovale.com.br\/portal\/wp-content\/uploads\/2018\/06\/armas_santa_juliana.jpg\" alt=\"\" \/><em>As armas estavam pr\u00f3ximas ao eixo de um caminh\u00e3o (foto: Pol\u00edcia Militar\/Divulga\u00e7\u00e3o)<\/em><br \/>\n<\/br><\/p>\n<p><strong>VER PRIMEIRO<\/strong><\/p>\n<p>Receba as not\u00edcias do Aconteceu no Vale em primeira m\u00e3o. Clique em curtir no endere\u00e7o <a href=\"https:\/\/www.facebook.com\/aconteceunovale\" target=\"_blank\"><font color=\"red\">www.facebook.com\/aconteceunovale<\/font><\/a> ou no box abaixo:<\/p>\n<div class=\"fb-like\" data-href=\"https:\/\/www.facebook.com\/aconteceunovale\" data-width=\"120\" data-layout=\"standard\" data-action=\"like\" data-size=\"small\" data-show-faces=\"true\" data-share=\"true\"><\/div>\n<p><\/br><\/p>\n<p><em>(Fonte: MPF\/MG)<\/em><\/p>\n","protected":false},"excerpt":{"rendered":"<p>O Minist\u00e9rio P\u00fablico Federal (MPF) em Uberaba (MG) obteve a condena\u00e7\u00e3o de Ant\u00f4nio Callou Cortez por importa\u00e7\u00e3o ilegal de armas de fogo de uso proibido ou restrito (artigos 18 e 19 da Lei 10.826\/2003). O acusado recebeu pena de 7 anos, 1 m\u00eas e 15 dias de pris\u00e3o, a ser cumprida em regime fechado. De [&hellip;]<\/p>\n","protected":false},"author":1,"featured_media":132305,"comment_status":"open","ping_status":"closed","sticky":false,"template":"","format":"standard","meta":{"amp_status":"","footnotes":""},"categories":[123],"tags":[175065,175064,175067,175066,6453,175069,5667,175068,18887,175062,175063,1609,220],"class_list":["post-132304","post","type-post","status-publish","format-standard","has-post-thumbnail","hentry","category-gerais","tag-antonio-callou","tag-antonio-callou-cortez","tag-antonio-regivanio","tag-antonio-regivanio-carneiro-diogenes","tag-feira-de-santana","tag-informa-mpfmg","tag-ministerio-publico-federal","tag-motorista-e-condenado-por-trafico-internacional-de-armas-de-fogo","tag-mpf","tag-mpf-em-uberaba","tag-mpf-uberaba","tag-santa-juliana","tag-uberaba"],"_links":{"self":[{"href":"https:\/\/aconteceunovale.com.br\/portal\/index.php?rest_route=\/wp\/v2\/posts\/132304","targetHints":{"allow":["GET"]}}],"collection":[{"href":"https:\/\/aconteceunovale.com.br\/portal\/index.php?rest_route=\/wp\/v2\/posts"}],"about":[{"href":"https:\/\/aconteceunovale.com.br\/portal\/index.php?rest_route=\/wp\/v2\/types\/post"}],"author":[{"embeddable":true,"href":"https:\/\/aconteceunovale.com.br\/portal\/index.php?rest_route=\/wp\/v2\/users\/1"}],"replies":[{"embeddable":true,"href":"https:\/\/aconteceunovale.com.br\/portal\/index.php?rest_route=%2Fwp%2Fv2%2Fcomments&post=132304"}],"version-history":[{"count":0,"href":"https:\/\/aconteceunovale.com.br\/portal\/index.php?rest_route=\/wp\/v2\/posts\/132304\/revisions"}],"wp:featuredmedia":[{"embeddable":true,"href":"https:\/\/aconteceunovale.com.br\/portal\/index.php?rest_route=\/wp\/v2\/media\/132305"}],"wp:attachment":[{"href":"https:\/\/aconteceunovale.com.br\/portal\/index.php?rest_route=%2Fwp%2Fv2%2Fmedia&parent=132304"}],"wp:term":[{"taxonomy":"category","embeddable":true,"href":"https:\/\/aconteceunovale.com.br\/portal\/index.php?rest_route=%2Fwp%2Fv2%2Fcategories&post=132304"},{"taxonomy":"post_tag","embeddable":true,"href":"https:\/\/aconteceunovale.com.br\/portal\/index.php?rest_route=%2Fwp%2Fv2%2Ftags&post=132304"}],"curies":[{"name":"wp","href":"https:\/\/api.w.org\/{rel}","templated":true}]}}