{"id":132113,"date":"2018-05-27T11:02:08","date_gmt":"2018-05-27T13:02:08","guid":{"rendered":"http:\/\/aconteceunovale.com.br\/portal\/?p=132113"},"modified":"2018-05-27T11:02:08","modified_gmt":"2018-05-27T13:02:08","slug":"pelo-menos-14-aeroportos-registram-falta-de-combustivel-diz-infraero","status":"publish","type":"post","link":"https:\/\/aconteceunovale.com.br\/portal\/?p=132113","title":{"rendered":"Pelo menos 14 aeroportos registram falta de combust\u00edvel, diz Infraero"},"content":{"rendered":"<p>Em pelo menos 14 aeroportos administrados pela Empresa Brasileira de Infraestrutura Aeroportu\u00e1ria (Infraero) falta combust\u00edvel para abastecer as aeronaves, na manh\u00e3 de hoje (27\/05\/2018). A empresa \u00e9 respons\u00e1vel por 54 aeroportos em todo pa\u00eds. O balan\u00e7o foi conclu\u00eddo \u00e0s 7h30.<\/p>\n<p>Os aeroportos com falta de combust\u00edvel at\u00e9 o come\u00e7o da manh\u00e3 de hoje s\u00e3o: Caraj\u00e1s (PA), S\u00e3o Jos\u00e9 dos Campos (SP), Uberl\u00e2ndia (MG), Ilh\u00e9us (BA), Goi\u00e2nia (GO), Campina Grande (PB), Juazeiro do Norte (CE), Recife (PE), Macei\u00f3 (AL), Aracaju (SE), Vit\u00f3ria (ES), Petrolina (PE), Joinville (SC) e Jo\u00e3o Pessoa (PB).<\/p>\n<p>A Infraero informou que os aeroportos est\u00e3o abertos e t\u00eam condi\u00e7\u00f5es de receber pousos e decolagens. Nos terminais em que o abastecimento est\u00e1 indispon\u00edvel, as aeronaves que chegarem s\u00f3 poder\u00e3o decolar se tiverem combust\u00edvel suficiente para a pr\u00f3xima etapa do voo.<\/p>\n<p>Aos passageiros, a Infraero recomenda que procurem as companhias a\u00e9reas para consultar a situa\u00e7\u00e3o de seus voos. Aos operadores de aeronaves, a empresa orienta que planejem seus voos de acordo com a disponibilidade de combust\u00edvel na rota pretendida.<\/p>\n<p><strong>Monitoramento<\/strong><\/p>\n<p>A Infraero informou que est\u00e1 mantido o monitorando sobre o abastecimento de querosene de avia\u00e7\u00e3o por parte dos fornecedores que atuam nos terminais. Segundo a assessoria, os operadores de aeronaves foram advertidos para que avaliem os planejamentos de voos para definir a melhor estrat\u00e9gia de abastecimento de acordo com o estoque dispon\u00edvel nos terminais de origem e destino.<\/p>\n<p>De acordo com a assessoria, a Infraero est\u00e1 em contato com \u00f3rg\u00e3os p\u00fablicos relacionados ao setor a\u00e9reo para garantir a chegada dos caminh\u00f5es com combust\u00edvel de avia\u00e7\u00e3o aos aeroportos administrados pela empresa.<\/p>\n<p>A Infraero compreende o direito de manifesta\u00e7\u00e3o, mas entende que os protestos devem ocorrer sem afetar o direito de ir e vir das pessoas, bem como a seguran\u00e7a das opera\u00e7\u00f5es aeroportu\u00e1rias.<\/p>\n<p><strong>VER PRIMEIRO<\/strong><\/p>\n<p>Receba as not\u00edcias do Aconteceu no Vale em primeira m\u00e3o. Clique em curtir no endere\u00e7o <a href=\"https:\/\/www.facebook.com\/aconteceunovale\" target=\"_blank\"><font color=\"red\">www.facebook.com\/aconteceunovale<\/font><\/a> ou no box abaixo:<\/p>\n<div class=\"fb-like\" data-href=\"https:\/\/www.facebook.com\/aconteceunovale\" data-width=\"120\" data-layout=\"standard\" data-action=\"like\" data-size=\"small\" data-show-faces=\"true\" data-share=\"true\"><\/div>\n<p><\/br><\/p>\n<p><em>(Fonte: Ag\u00eancia Brasil)<\/em><\/p>\n","protected":false},"excerpt":{"rendered":"<p>Em pelo menos 14 aeroportos administrados pela Empresa Brasileira de Infraestrutura Aeroportu\u00e1ria (Infraero) falta combust\u00edvel para abastecer as aeronaves, na manh\u00e3 de hoje (27\/05\/2018). A empresa \u00e9 respons\u00e1vel por 54 aeroportos em todo pa\u00eds. O balan\u00e7o foi conclu\u00eddo \u00e0s 7h30. Os aeroportos com falta de combust\u00edvel at\u00e9 o come\u00e7o da manh\u00e3 de hoje s\u00e3o: Caraj\u00e1s [&hellip;]<\/p>\n","protected":false},"author":1,"featured_media":132114,"comment_status":"open","ping_status":"closed","sticky":false,"template":"","format":"standard","meta":{"amp_status":"","footnotes":""},"categories":[6],"tags":[29902,14552,9517,32644,31883,174778,29898,174779,174780,4609,42485,22236,2582,21045,21339,18809,14725,174777,65934,21177,12802,221,9763],"class_list":["post-132113","post","type-post","status-publish","format-standard","has-post-thumbnail","hentry","category-br","tag-aeroportos","tag-aracaju","tag-campina-grande","tag-carajas","tag-combustivel","tag-diz-infraero","tag-empresa-brasileira-de-infraestrutura-aeroportuaria","tag-falta-de-combustiveis-em-aeroportos","tag-falta-de-querosene-em-aeroportos","tag-goiania","tag-greve-dos-caminhoneiros","tag-ilheus","tag-infraero","tag-joao-pessoa","tag-joinville","tag-juazeiro-do-norte","tag-maceio","tag-pelo-menos-14-aeroportos-registram-falta-de-combustivel","tag-petrolina","tag-recife","tag-sao-jose-dos-campos","tag-uberlandia","tag-vitoria"],"_links":{"self":[{"href":"https:\/\/aconteceunovale.com.br\/portal\/index.php?rest_route=\/wp\/v2\/posts\/132113","targetHints":{"allow":["GET"]}}],"collection":[{"href":"https:\/\/aconteceunovale.com.br\/portal\/index.php?rest_route=\/wp\/v2\/posts"}],"about":[{"href":"https:\/\/aconteceunovale.com.br\/portal\/index.php?rest_route=\/wp\/v2\/types\/post"}],"author":[{"embeddable":true,"href":"https:\/\/aconteceunovale.com.br\/portal\/index.php?rest_route=\/wp\/v2\/users\/1"}],"replies":[{"embeddable":true,"href":"https:\/\/aconteceunovale.com.br\/portal\/index.php?rest_route=%2Fwp%2Fv2%2Fcomments&post=132113"}],"version-history":[{"count":0,"href":"https:\/\/aconteceunovale.com.br\/portal\/index.php?rest_route=\/wp\/v2\/posts\/132113\/revisions"}],"wp:featuredmedia":[{"embeddable":true,"href":"https:\/\/aconteceunovale.com.br\/portal\/index.php?rest_route=\/wp\/v2\/media\/132114"}],"wp:attachment":[{"href":"https:\/\/aconteceunovale.com.br\/portal\/index.php?rest_route=%2Fwp%2Fv2%2Fmedia&parent=132113"}],"wp:term":[{"taxonomy":"category","embeddable":true,"href":"https:\/\/aconteceunovale.com.br\/portal\/index.php?rest_route=%2Fwp%2Fv2%2Fcategories&post=132113"},{"taxonomy":"post_tag","embeddable":true,"href":"https:\/\/aconteceunovale.com.br\/portal\/index.php?rest_route=%2Fwp%2Fv2%2Ftags&post=132113"}],"curies":[{"name":"wp","href":"https:\/\/api.w.org\/{rel}","templated":true}]}}