{"id":131991,"date":"2018-05-24T12:19:12","date_gmt":"2018-05-24T14:19:12","guid":{"rendered":"http:\/\/aconteceunovale.com.br\/portal\/?p=131991"},"modified":"2018-05-24T12:19:12","modified_gmt":"2018-05-24T14:19:12","slug":"brasil-recebe-certificacao-de-pais-livre-da-febre-aftosa-com-vacinacao","status":"publish","type":"post","link":"https:\/\/aconteceunovale.com.br\/portal\/?p=131991","title":{"rendered":"Brasil recebe certifica\u00e7\u00e3o de pa\u00eds livre da febre aftosa com vacina\u00e7\u00e3o"},"content":{"rendered":"<p>Depois de mais de 50 anos de trabalho na erradica\u00e7\u00e3o e preven\u00e7\u00e3o da febre aftosa nos rebanhos, o Brasil recebe hoje (24) a certifica\u00e7\u00e3o de pa\u00eds livre da doen\u00e7a com vacina\u00e7\u00e3o, da Organiza\u00e7\u00e3o Mundial de Sa\u00fade Animal (OIE). As a\u00e7\u00f5es, compartilhadas entre os governos federal e estaduais e o setor privado, incluem a vacina\u00e7\u00e3o nos pastos, a vigil\u00e2ncia nas fronteiras e a estrutura\u00e7\u00e3o da rede laboratorial do pa\u00eds.<\/p>\n<p>A maioria dos estados brasileiros j\u00e1 tinha o reconhecimento de zona livre da aftosa com vacina\u00e7\u00e3o. Agora, com o novo status sanit\u00e1rio, a comercializa\u00e7\u00e3o de carnes e animais vivos ser\u00e1 facilitada tanto dentro quanto fora do pa\u00eds. \u201cIsso mostra que o pa\u00eds, com um dos maiores rebanhos do mundo, tem se preocupado com as quest\u00f5es sanit\u00e1rias. Isso passa mais credibilidade e seguran\u00e7a a compradores\u201d, disse o superintendente t\u00e9cnico da Confedera\u00e7\u00e3o da Agricultura e Pecu\u00e1ria do Brasil (CNA), Bruno Lucchi.<\/p>\n<p>Segundo ele, a certifica\u00e7\u00e3o de pa\u00eds livre de aftosa pode, inclusive, agregar valor a outros setores, como o da suinocultura. \u201cN\u00e3o temos o mesmo risco [de outros pa\u00edses onde o v\u00edrus da febre aftosa circula], isso agrega valor muito grande \u00e0s exporta\u00e7\u00f5es, os mercados pagam bem melhor. Temos o ganho direto e o indireto\u201d, explicou.<\/p>\n<p>A diretora-geral da OIE, Monique Eloit, entregar\u00e1 o certificado sanit\u00e1rio ao ministro da Agricultura, Pecu\u00e1ria e Abastecimento, Blairo Maggi, na sede da organiza\u00e7\u00e3o em Paris, durante a 7\u00aa Sess\u00e3o Plen\u00e1ria da institui\u00e7\u00e3o. A Comiss\u00e3o Cient\u00edfica da OIE aprovou a certifica\u00e7\u00e3o do Brasil em 2017, mas os 181 pa\u00edses integrantes da organiza\u00e7\u00e3o oficializam a decis\u00e3o nesta quinta-feira.<\/p>\n<p>No \u00faltimo domingo (20), Maggi discursou na abertura oficial da 86\u00aa Sess\u00e3o Geral da OIE. Ele disse que o reconhecimento do Brasil como pa\u00eds livre da aftosa com vacina\u00e7\u00e3o \u00e9 \u201ca vit\u00f3ria de uma longa e dura trajet\u00f3ria de muita dedica\u00e7\u00e3o de pecuaristas e do setor veterin\u00e1rio oficial\u201d.<\/p>\n<p>O Brasil iniciou o combate organizado \u00e0 febre aftosa ainda na d\u00e9cada de 60, por meio de campanhas de vacina\u00e7\u00e3o. \u201cNaquela \u00e9poca, a doen\u00e7a se manifestava de forma end\u00eamica, com milhares de focos por ano. Era um verdadeiro caos sanit\u00e1rio\u201d, disse o ministro no discurso.<\/p>\n<p>A partir da d\u00e9cada de 90, as estrat\u00e9gias de combate \u00e0 doen\u00e7a passaram do controle para a erradica\u00e7\u00e3o, com a implanta\u00e7\u00e3o do Programa Nacional de Erradica\u00e7\u00e3o da Febre Aftosa (Pnefa), que previu a ampla participa\u00e7\u00e3o do setor privado e a regionaliza\u00e7\u00e3o no combate a doen\u00e7as, entre outras a\u00e7\u00f5es.<\/p>\n<p>A \u00faltima ocorr\u00eancia de febre aftosa no Brasil foi em 2006, no Paran\u00e1 e em Mato Grosso do Sul, na regi\u00e3o de fronteira com o Paraguai. Em 2007, Santa Catarina recebeu o reconhecimento da OIE como livre de febre aftosa sem vacina\u00e7\u00e3o. Esse \u00e9 o pr\u00f3ximo status a ser buscado pelo pa\u00eds: gradativamente, retirar a vacina\u00e7\u00e3o do rebanho at\u00e9 2023, para que, at\u00e9 2026, haja a certifica\u00e7\u00e3o internacional pela OIE, de pa\u00eds livre de aftosa sem vacina\u00e7\u00e3o.<\/p>\n<p>Para Bruno Lucchi, da CNA, toda a cadeia pecu\u00e1ria brasileira tem ci\u00eancia do compromisso sanit\u00e1rio. \u201cO produtor rural, ele mesmo j\u00e1 tem internalizado a import\u00e2ncia de ter uma condi\u00e7\u00e3o sanit\u00e1ria melhor. E quem arca com o custo de vacinar o gado \u00e9 o produtor\u201d, disse. <\/p>\n<p>O v\u00edrus da febre aftosa \u00e9 altamente contagioso. O animal afetado apresenta febre alta, que diminui depois de dois ou tr\u00eas dias. Em seguida, aparecem pequenas bolhas que se rompem, causando ferimentos. O animal deixa de andar e comer e, no caso de bezerros e animais mais novos, pode at\u00e9 morrer. A doen\u00e7a \u00e9 causada por um v\u00edrus, com sete tipos diferentes, que pode se espalhar rapidamente, caso as medidas de controle e erradica\u00e7\u00e3o n\u00e3o sejam adotadas logo ap\u00f3s sua detec\u00e7\u00e3o. <\/p>\n<p>O v\u00edrus est\u00e1 presente em grande quantidade nas feridas e tamb\u00e9m pode ser encontrado na saliva, no leite e nas fezes dos animais. A transmiss\u00e3o pode ocorrer por contato direto com outros animais infectados ou por alimentos e objetos contaminados. Cal\u00e7ados, roupas e m\u00e3os das pessoas que lidaram com animais doentes tamb\u00e9m podem transmitir o v\u00edrus, que \u00e9 capaz de sobreviver durante meses em carca\u00e7as congeladas.<\/p>\n<p><strong>VER PRIMEIRO<\/strong><\/p>\n<p>Receba as not\u00edcias do Aconteceu no Vale em primeira m\u00e3o. Clique em curtir no endere\u00e7o <a href=\"https:\/\/www.facebook.com\/aconteceunovale\" target=\"_blank\"><font color=\"red\">www.facebook.com\/aconteceunovale<\/font><\/a> ou no box abaixo:<\/p>\n<div class=\"fb-like\" data-href=\"https:\/\/www.facebook.com\/aconteceunovale\" data-width=\"120\" data-layout=\"standard\" data-action=\"like\" data-size=\"small\" data-show-faces=\"true\" data-share=\"true\"><\/div>\n<p><\/br><\/p>\n<p><em>(Fonte: Ag\u00eancia Brasil)<\/em><\/p>\n","protected":false},"excerpt":{"rendered":"<p>Depois de mais de 50 anos de trabalho na erradica\u00e7\u00e3o e preven\u00e7\u00e3o da febre aftosa nos rebanhos, o Brasil recebe hoje (24) a certifica\u00e7\u00e3o de pa\u00eds livre da doen\u00e7a com vacina\u00e7\u00e3o, da Organiza\u00e7\u00e3o Mundial de Sa\u00fade Animal (OIE). As a\u00e7\u00f5es, compartilhadas entre os governos federal e estaduais e o setor privado, incluem a vacina\u00e7\u00e3o nos [&hellip;]<\/p>\n","protected":false},"author":1,"featured_media":27459,"comment_status":"open","ping_status":"closed","sticky":false,"template":"","format":"standard","meta":{"amp_status":"","footnotes":""},"categories":[6,40242],"tags":[4785,174647,74780,174648,459,174649,174650],"class_list":["post-131991","post","type-post","status-publish","format-standard","has-post-thumbnail","hentry","category-br","category-saude-2","tag-brasil","tag-brasil-recebe-certificacao-de-pais-livre-da-febre-aftosa-com-vacinacao","tag-certificacao","tag-certificacao-de-pais-livre-da-febre-aftosa","tag-febre-aftosa","tag-livre-de-aftosa","tag-pais-livre-de-aftosa"],"_links":{"self":[{"href":"https:\/\/aconteceunovale.com.br\/portal\/index.php?rest_route=\/wp\/v2\/posts\/131991","targetHints":{"allow":["GET"]}}],"collection":[{"href":"https:\/\/aconteceunovale.com.br\/portal\/index.php?rest_route=\/wp\/v2\/posts"}],"about":[{"href":"https:\/\/aconteceunovale.com.br\/portal\/index.php?rest_route=\/wp\/v2\/types\/post"}],"author":[{"embeddable":true,"href":"https:\/\/aconteceunovale.com.br\/portal\/index.php?rest_route=\/wp\/v2\/users\/1"}],"replies":[{"embeddable":true,"href":"https:\/\/aconteceunovale.com.br\/portal\/index.php?rest_route=%2Fwp%2Fv2%2Fcomments&post=131991"}],"version-history":[{"count":0,"href":"https:\/\/aconteceunovale.com.br\/portal\/index.php?rest_route=\/wp\/v2\/posts\/131991\/revisions"}],"wp:featuredmedia":[{"embeddable":true,"href":"https:\/\/aconteceunovale.com.br\/portal\/index.php?rest_route=\/wp\/v2\/media\/27459"}],"wp:attachment":[{"href":"https:\/\/aconteceunovale.com.br\/portal\/index.php?rest_route=%2Fwp%2Fv2%2Fmedia&parent=131991"}],"wp:term":[{"taxonomy":"category","embeddable":true,"href":"https:\/\/aconteceunovale.com.br\/portal\/index.php?rest_route=%2Fwp%2Fv2%2Fcategories&post=131991"},{"taxonomy":"post_tag","embeddable":true,"href":"https:\/\/aconteceunovale.com.br\/portal\/index.php?rest_route=%2Fwp%2Fv2%2Ftags&post=131991"}],"curies":[{"name":"wp","href":"https:\/\/api.w.org\/{rel}","templated":true}]}}