{"id":131654,"date":"2018-05-11T08:55:04","date_gmt":"2018-05-11T10:55:04","guid":{"rendered":"http:\/\/aconteceunovale.com.br\/portal\/?p=131654"},"modified":"2018-05-11T08:55:04","modified_gmt":"2018-05-11T10:55:04","slug":"recurso-de-lula-e-negado-por-unanimidade-pela-2a-turma-do-supremo","status":"publish","type":"post","link":"https:\/\/aconteceunovale.com.br\/portal\/?p=131654","title":{"rendered":"Recurso de Lula \u00e9 negado por unanimidade pela 2\u00aa Turma do Supremo"},"content":{"rendered":"<p>O ministro Celso de Mello, do Supremo Tribunal Federal (STF), votou, nesta quinta-feira (10), por negar mais um recurso com o qual a defesa pretendia conseguir a soltura do ex-presidente Luiz In\u00e1cio Lula da Silva, preso desde o dia 7 de abril, na Superintend\u00eancia da Pol\u00edcia Federal, em Cutiriba.<\/p>\n<p>Celso de Mello seguiu o voto do relator, ministro Edson Fachin, que j\u00e1 havia negado o recurso.<\/p>\n<p>Participaram tamb\u00e9m do julgamento os ministros Dias Toffoli, Ricardo Lewandowski e Gilmar Mendes, que comp\u00f5em a Segunda Turma do STF. Todos rejeitaram o pedido de liberdade.<\/p>\n<p>Ministro mais antigo do STF, Mello voltou a afirmar que considera \u201cesdr\u00faxula execu\u00e7\u00e3o provis\u00f3ria de condena\u00e7\u00e3o criminal sem tr\u00e2nsito em julgado\u201d, antes do julgamento das apela\u00e7\u00f5es a inst\u00e2ncias superiores. No entanto, ele afirmou que o caso de Lula j\u00e1 foi debatido em plen\u00e1rio pela Corte, e que por isso negaria o recurso do ex-presidente \u201cem respeito ao princ\u00edpio da colegialidade\u201d.<\/p>\n<p>O julgamento, iniciado na \u00faltima sexta-feira, ocorreu no plen\u00e1rio virtual, ambiente em que os ministros apresentam seus votos pelo sistema eletr\u00f4nico, sem se reunirem presencialmente.<\/p>\n<p><strong>Pris\u00e3o de Lula<\/strong><\/p>\n<p>O ex-presidente est\u00e1 preso na Superintend\u00eancia da Pol\u00edcia Federal em Curitiba desde o dia 7 de abril, por determina\u00e7\u00e3o do juiz S\u00e9rgio Moro, que ordenou a execu\u00e7\u00e3o provis\u00f3ria da pena de 12 anos e um m\u00eas de pris\u00e3o pelos crimes de corrup\u00e7\u00e3o e lavagem de dinheiro, no caso do triplex do Guaruj\u00e1 (SP). Na ordem de pris\u00e3o, o magistrado disse n\u00e3o restar mais recursos em segunda inst\u00e2ncia capazes de suspender a medida.<\/p>\n<p>No recurso negado agora pelo Supremo, a defesa de Lula rebateu Moro, sustentando que o juiz n\u00e3o poderia ter executado a pena porque n\u00e3o houve esgotamento dos recursos no Tribunal Regional Federal da 4\u00aa Regi\u00e3o (TRF), segunda inst\u00e2ncia da Justi\u00e7a Federal.<\/p>\n<p>Para os advogados, o entendimento atual do Supremo, que autoriza as pris\u00f5es ap\u00f3s segunda inst\u00e2ncia, deveria ter sido aplicado somente ap\u00f3s o tr\u00e2nsito em julgado no TRF4, o que ainda n\u00e3o teria ocorrido, uma vez que ainda se encontram em an\u00e1lise no tribunal a admissibilidade dos recursos especial e extraordin\u00e1rio.<\/p>\n<p>Os recursos especial e extraordin\u00e1rio s\u00e3o destinados ao Superior Tribunal de Justi\u00e7a (STJ) e ao STF, respectivamente, mas passam primeiro por um exame de admissibilidade no segundo grau, antes de serem eventualmente encaminhados \u00e0s inst\u00e2ncias superiores.   <\/p>\n<p>Os advogados alegavam tamb\u00e9m que a ordem de pris\u00e3o de Lula n\u00e3o havia sido devidamente fundamentada, sendo uma mera aplica\u00e7\u00e3o autom\u00e1tica da pris\u00e3o em segunda inst\u00e2ncia, o que seria ilegal.<\/p>\n<p><strong>VER PRIMEIRO<\/strong><\/p>\n<p>Receba as not\u00edcias do Aconteceu no Vale em primeira m\u00e3o. Clique em curtir no endere\u00e7o <a href=\"https:\/\/www.facebook.com\/aconteceunovale\" target=\"_blank\"><font color=\"red\">www.facebook.com\/aconteceunovale<\/font><\/a> ou no box abaixo:<\/p>\n<div class=\"fb-like\" data-href=\"https:\/\/www.facebook.com\/aconteceunovale\" data-width=\"120\" data-layout=\"standard\" data-action=\"like\" data-size=\"small\" data-show-faces=\"true\" data-share=\"true\"><\/div>\n<p><\/br><\/p>\n<p><em>(Fonte: Ag\u00eancia Brasil)<\/em><\/p>\n","protected":false},"excerpt":{"rendered":"<p>O ministro Celso de Mello, do Supremo Tribunal Federal (STF), votou, nesta quinta-feira (10), por negar mais um recurso com o qual a defesa pretendia conseguir a soltura do ex-presidente Luiz In\u00e1cio Lula da Silva, preso desde o dia 7 de abril, na Superintend\u00eancia da Pol\u00edcia Federal, em Cutiriba. Celso de Mello seguiu o voto [&hellip;]<\/p>\n","protected":false},"author":1,"featured_media":130462,"comment_status":"open","ping_status":"closed","sticky":false,"template":"","format":"standard","meta":{"amp_status":"","footnotes":""},"categories":[6,40240],"tags":[35140,14124,7147,83280,44724,174129,172115,173295,28510],"class_list":["post-131654","post","type-post","status-publish","format-standard","has-post-thumbnail","hentry","category-br","category-politica","tag-celso-de-mello","tag-luiz-inacio-lula-da-silva","tag-lula","tag-ministro-celso-de-mello","tag-prisao-de-lula","tag-recurso-de-lula-e-negado-por-unanimidade-pela-2a-turma-do-supremo","tag-recurso-lula","tag-segunda-turma","tag-supremo-tribunal-federal"],"yoast_head":"<!-- This site is optimized with the Yoast SEO plugin v28.3 - https:\/\/yoast.com\/product\/yoast-seo-wordpress\/ -->\n<title>Recurso de Lula \u00e9 negado por unanimidade pela 2\u00aa Turma do Supremo - Aconteceu no Vale<\/title>\n<meta name=\"robots\" content=\"index, follow, max-snippet:-1, max-image-preview:large, max-video-preview:-1\" \/>\n<link rel=\"canonical\" href=\"https:\/\/aconteceunovale.com.br\/portal\/?p=131654\" \/>\n<meta property=\"og:locale\" content=\"pt_BR\" \/>\n<meta property=\"og:type\" content=\"article\" \/>\n<meta property=\"og:title\" content=\"Recurso de Lula \u00e9 negado por unanimidade pela 2\u00aa Turma do Supremo - Aconteceu no Vale\" \/>\n<meta property=\"og:description\" content=\"O ministro Celso de Mello, do Supremo Tribunal Federal (STF), votou, nesta quinta-feira (10), por negar mais um recurso com o qual a defesa pretendia conseguir a soltura do ex-presidente Luiz In\u00e1cio Lula da Silva, preso desde o dia 7 de abril, na Superintend\u00eancia da Pol\u00edcia Federal, em Cutiriba. Celso de Mello seguiu o voto [&hellip;]\" \/>\n<meta property=\"og:url\" content=\"https:\/\/aconteceunovale.com.br\/portal\/?p=131654\" \/>\n<meta property=\"og:site_name\" content=\"Aconteceu no Vale\" \/>\n<meta property=\"article:publisher\" content=\"https:\/\/www.facebook.com\/aconteceunovale\/\" \/>\n<meta property=\"article:published_time\" content=\"2018-05-11T10:55:04+00:00\" \/>\n<meta property=\"og:image\" content=\"https:\/\/aconteceunovale.com.br\/portal\/wp-content\/uploads\/2018\/04\/lula_preso_ctba.jpg\" \/>\n\t<meta property=\"og:image:width\" content=\"678\" \/>\n\t<meta property=\"og:image:height\" content=\"447\" \/>\n\t<meta property=\"og:image:type\" content=\"image\/jpeg\" \/>\n<meta name=\"author\" content=\"Aconteceu no Vale\" \/>\n<meta name=\"twitter:card\" content=\"summary_large_image\" \/>\n<meta name=\"twitter:creator\" content=\"@noticiadosvales\" \/>\n<meta name=\"twitter:site\" content=\"@noticiadosvales\" \/>\n<meta name=\"twitter:label1\" content=\"Escrito por\" \/>\n\t<meta name=\"twitter:data1\" content=\"Aconteceu no Vale\" \/>\n\t<meta name=\"twitter:label2\" content=\"Est. tempo de leitura\" \/>\n\t<meta name=\"twitter:data2\" content=\"2 minutos\" \/>\n<script type=\"application\/ld+json\" class=\"yoast-schema-graph\">{\"@context\":\"https:\\\/\\\/schema.org\",\"@graph\":[{\"@type\":\"Article\",\"@id\":\"https:\\\/\\\/aconteceunovale.com.br\\\/portal\\\/?p=131654#article\",\"isPartOf\":{\"@id\":\"https:\\\/\\\/aconteceunovale.com.br\\\/portal\\\/?p=131654\"},\"author\":{\"name\":\"Aconteceu no Vale\",\"@id\":\"https:\\\/\\\/aconteceunovale.com.br\\\/portal\\\/#\\\/schema\\\/person\\\/633529146f2c94272bef50ac2953d589\"},\"headline\":\"Recurso de Lula \u00e9 negado por unanimidade pela 2\u00aa Turma do Supremo\",\"datePublished\":\"2018-05-11T10:55:04+00:00\",\"mainEntityOfPage\":{\"@id\":\"https:\\\/\\\/aconteceunovale.com.br\\\/portal\\\/?p=131654\"},\"wordCount\":499,\"commentCount\":1,\"image\":{\"@id\":\"https:\\\/\\\/aconteceunovale.com.br\\\/portal\\\/?p=131654#primaryimage\"},\"thumbnailUrl\":\"https:\\\/\\\/aconteceunovale.com.br\\\/portal\\\/wp-content\\\/uploads\\\/2018\\\/04\\\/lula_preso_ctba.jpg\",\"keywords\":[\"Celso de Mello\",\"Luiz In\u00e1cio Lula da Silva\",\"Lula\",\"ministro Celso de Mello\",\"pris\u00e3o de lula\",\"Recurso de Lula \u00e9 negado por unanimidade pela 2\u00aa Turma do Supremo\",\"Recurso Lula\",\"Segunda Turma\",\"Supremo Tribunal Federal\"],\"articleSection\":[\"Brasil\",\"Pol\u00edtica\"],\"inLanguage\":\"pt-BR\",\"potentialAction\":[{\"@type\":\"CommentAction\",\"name\":\"Comment\",\"target\":[\"https:\\\/\\\/aconteceunovale.com.br\\\/portal\\\/?p=131654#respond\"]}]},{\"@type\":\"WebPage\",\"@id\":\"https:\\\/\\\/aconteceunovale.com.br\\\/portal\\\/?p=131654\",\"url\":\"https:\\\/\\\/aconteceunovale.com.br\\\/portal\\\/?p=131654\",\"name\":\"Recurso de Lula \u00e9 negado por unanimidade pela 2\u00aa Turma do Supremo - Aconteceu no Vale\",\"isPartOf\":{\"@id\":\"https:\\\/\\\/aconteceunovale.com.br\\\/portal\\\/#website\"},\"primaryImageOfPage\":{\"@id\":\"https:\\\/\\\/aconteceunovale.com.br\\\/portal\\\/?p=131654#primaryimage\"},\"image\":{\"@id\":\"https:\\\/\\\/aconteceunovale.com.br\\\/portal\\\/?p=131654#primaryimage\"},\"thumbnailUrl\":\"https:\\\/\\\/aconteceunovale.com.br\\\/portal\\\/wp-content\\\/uploads\\\/2018\\\/04\\\/lula_preso_ctba.jpg\",\"datePublished\":\"2018-05-11T10:55:04+00:00\",\"author\":{\"@id\":\"https:\\\/\\\/aconteceunovale.com.br\\\/portal\\\/#\\\/schema\\\/person\\\/633529146f2c94272bef50ac2953d589\"},\"breadcrumb\":{\"@id\":\"https:\\\/\\\/aconteceunovale.com.br\\\/portal\\\/?p=131654#breadcrumb\"},\"inLanguage\":\"pt-BR\",\"potentialAction\":[{\"@type\":\"ReadAction\",\"target\":[\"https:\\\/\\\/aconteceunovale.com.br\\\/portal\\\/?p=131654\"]}]},{\"@type\":\"ImageObject\",\"inLanguage\":\"pt-BR\",\"@id\":\"https:\\\/\\\/aconteceunovale.com.br\\\/portal\\\/?p=131654#primaryimage\",\"url\":\"https:\\\/\\\/aconteceunovale.com.br\\\/portal\\\/wp-content\\\/uploads\\\/2018\\\/04\\\/lula_preso_ctba.jpg\",\"contentUrl\":\"https:\\\/\\\/aconteceunovale.com.br\\\/portal\\\/wp-content\\\/uploads\\\/2018\\\/04\\\/lula_preso_ctba.jpg\",\"width\":678,\"height\":447},{\"@type\":\"BreadcrumbList\",\"@id\":\"https:\\\/\\\/aconteceunovale.com.br\\\/portal\\\/?p=131654#breadcrumb\",\"itemListElement\":[{\"@type\":\"ListItem\",\"position\":1,\"name\":\"In\u00edcio\",\"item\":\"https:\\\/\\\/aconteceunovale.com.br\\\/portal\\\/\"},{\"@type\":\"ListItem\",\"position\":2,\"name\":\"Recurso de Lula \u00e9 negado por unanimidade pela 2\u00aa Turma do Supremo\"}]},{\"@type\":\"WebSite\",\"@id\":\"https:\\\/\\\/aconteceunovale.com.br\\\/portal\\\/#website\",\"url\":\"https:\\\/\\\/aconteceunovale.com.br\\\/portal\\\/\",\"name\":\"Aconteceu no Vale\",\"description\":\"Portal de Not\u00edcias\",\"potentialAction\":[{\"@type\":\"SearchAction\",\"target\":{\"@type\":\"EntryPoint\",\"urlTemplate\":\"https:\\\/\\\/aconteceunovale.com.br\\\/portal\\\/?s={search_term_string}\"},\"query-input\":{\"@type\":\"PropertyValueSpecification\",\"valueRequired\":true,\"valueName\":\"search_term_string\"}}],\"inLanguage\":\"pt-BR\"},{\"@type\":\"Person\",\"@id\":\"https:\\\/\\\/aconteceunovale.com.br\\\/portal\\\/#\\\/schema\\\/person\\\/633529146f2c94272bef50ac2953d589\",\"name\":\"Aconteceu no Vale\",\"description\":\"Equipe de reportagem do Aconteceu no Vale, portal de not\u00edcias do Vale do Jequitinhonha, em Minas Gerais. Cobrimos as 51 cidades do Vale desde 2013. Sugest\u00f5es de pauta e pedidos de corre\u00e7\u00e3o: contato@aconteceunovale.com.br\",\"sameAs\":[\"http:\\\/\\\/www.aconteceunovale.com.br\"],\"url\":\"https:\\\/\\\/aconteceunovale.com.br\\\/portal\\\/?author=1\"}]}<\/script>\n<!-- \/ Yoast SEO plugin. -->","yoast_head_json":{"title":"Recurso de Lula \u00e9 negado por unanimidade pela 2\u00aa Turma do Supremo - Aconteceu no Vale","robots":{"index":"index","follow":"follow","max-snippet":"max-snippet:-1","max-image-preview":"max-image-preview:large","max-video-preview":"max-video-preview:-1"},"canonical":"https:\/\/aconteceunovale.com.br\/portal\/?p=131654","og_locale":"pt_BR","og_type":"article","og_title":"Recurso de Lula \u00e9 negado por unanimidade pela 2\u00aa Turma do Supremo - Aconteceu no Vale","og_description":"O ministro Celso de Mello, do Supremo Tribunal Federal (STF), votou, nesta quinta-feira (10), por negar mais um recurso com o qual a defesa pretendia conseguir a soltura do ex-presidente Luiz In\u00e1cio Lula da Silva, preso desde o dia 7 de abril, na Superintend\u00eancia da Pol\u00edcia Federal, em Cutiriba. Celso de Mello seguiu o voto [&hellip;]","og_url":"https:\/\/aconteceunovale.com.br\/portal\/?p=131654","og_site_name":"Aconteceu no Vale","article_publisher":"https:\/\/www.facebook.com\/aconteceunovale\/","article_published_time":"2018-05-11T10:55:04+00:00","og_image":[{"width":678,"height":447,"url":"https:\/\/aconteceunovale.com.br\/portal\/wp-content\/uploads\/2018\/04\/lula_preso_ctba.jpg","type":"image\/jpeg"}],"author":"Aconteceu no Vale","twitter_card":"summary_large_image","twitter_creator":"@noticiadosvales","twitter_site":"@noticiadosvales","twitter_misc":{"Escrito por":"Aconteceu no Vale","Est. tempo de leitura":"2 minutos"},"schema":{"@context":"https:\/\/schema.org","@graph":[{"@type":"Article","@id":"https:\/\/aconteceunovale.com.br\/portal\/?p=131654#article","isPartOf":{"@id":"https:\/\/aconteceunovale.com.br\/portal\/?p=131654"},"author":{"name":"Aconteceu no Vale","@id":"https:\/\/aconteceunovale.com.br\/portal\/#\/schema\/person\/633529146f2c94272bef50ac2953d589"},"headline":"Recurso de Lula \u00e9 negado por unanimidade pela 2\u00aa Turma do Supremo","datePublished":"2018-05-11T10:55:04+00:00","mainEntityOfPage":{"@id":"https:\/\/aconteceunovale.com.br\/portal\/?p=131654"},"wordCount":499,"commentCount":1,"image":{"@id":"https:\/\/aconteceunovale.com.br\/portal\/?p=131654#primaryimage"},"thumbnailUrl":"https:\/\/aconteceunovale.com.br\/portal\/wp-content\/uploads\/2018\/04\/lula_preso_ctba.jpg","keywords":["Celso de Mello","Luiz In\u00e1cio Lula da Silva","Lula","ministro Celso de Mello","pris\u00e3o de lula","Recurso de Lula \u00e9 negado por unanimidade pela 2\u00aa Turma do Supremo","Recurso Lula","Segunda Turma","Supremo Tribunal Federal"],"articleSection":["Brasil","Pol\u00edtica"],"inLanguage":"pt-BR","potentialAction":[{"@type":"CommentAction","name":"Comment","target":["https:\/\/aconteceunovale.com.br\/portal\/?p=131654#respond"]}]},{"@type":"WebPage","@id":"https:\/\/aconteceunovale.com.br\/portal\/?p=131654","url":"https:\/\/aconteceunovale.com.br\/portal\/?p=131654","name":"Recurso de Lula \u00e9 negado por unanimidade pela 2\u00aa Turma do Supremo - Aconteceu no Vale","isPartOf":{"@id":"https:\/\/aconteceunovale.com.br\/portal\/#website"},"primaryImageOfPage":{"@id":"https:\/\/aconteceunovale.com.br\/portal\/?p=131654#primaryimage"},"image":{"@id":"https:\/\/aconteceunovale.com.br\/portal\/?p=131654#primaryimage"},"thumbnailUrl":"https:\/\/aconteceunovale.com.br\/portal\/wp-content\/uploads\/2018\/04\/lula_preso_ctba.jpg","datePublished":"2018-05-11T10:55:04+00:00","author":{"@id":"https:\/\/aconteceunovale.com.br\/portal\/#\/schema\/person\/633529146f2c94272bef50ac2953d589"},"breadcrumb":{"@id":"https:\/\/aconteceunovale.com.br\/portal\/?p=131654#breadcrumb"},"inLanguage":"pt-BR","potentialAction":[{"@type":"ReadAction","target":["https:\/\/aconteceunovale.com.br\/portal\/?p=131654"]}]},{"@type":"ImageObject","inLanguage":"pt-BR","@id":"https:\/\/aconteceunovale.com.br\/portal\/?p=131654#primaryimage","url":"https:\/\/aconteceunovale.com.br\/portal\/wp-content\/uploads\/2018\/04\/lula_preso_ctba.jpg","contentUrl":"https:\/\/aconteceunovale.com.br\/portal\/wp-content\/uploads\/2018\/04\/lula_preso_ctba.jpg","width":678,"height":447},{"@type":"BreadcrumbList","@id":"https:\/\/aconteceunovale.com.br\/portal\/?p=131654#breadcrumb","itemListElement":[{"@type":"ListItem","position":1,"name":"In\u00edcio","item":"https:\/\/aconteceunovale.com.br\/portal\/"},{"@type":"ListItem","position":2,"name":"Recurso de Lula \u00e9 negado por unanimidade pela 2\u00aa Turma do Supremo"}]},{"@type":"WebSite","@id":"https:\/\/aconteceunovale.com.br\/portal\/#website","url":"https:\/\/aconteceunovale.com.br\/portal\/","name":"Aconteceu no Vale","description":"Portal de Not\u00edcias","potentialAction":[{"@type":"SearchAction","target":{"@type":"EntryPoint","urlTemplate":"https:\/\/aconteceunovale.com.br\/portal\/?s={search_term_string}"},"query-input":{"@type":"PropertyValueSpecification","valueRequired":true,"valueName":"search_term_string"}}],"inLanguage":"pt-BR"},{"@type":"Person","@id":"https:\/\/aconteceunovale.com.br\/portal\/#\/schema\/person\/633529146f2c94272bef50ac2953d589","name":"Aconteceu no Vale","description":"Equipe de reportagem do Aconteceu no Vale, portal de not\u00edcias do Vale do Jequitinhonha, em Minas Gerais. Cobrimos as 51 cidades do Vale desde 2013. Sugest\u00f5es de pauta e pedidos de corre\u00e7\u00e3o: contato@aconteceunovale.com.br","sameAs":["http:\/\/www.aconteceunovale.com.br"],"url":"https:\/\/aconteceunovale.com.br\/portal\/?author=1"}]}},"_links":{"self":[{"href":"https:\/\/aconteceunovale.com.br\/portal\/index.php?rest_route=\/wp\/v2\/posts\/131654","targetHints":{"allow":["GET"]}}],"collection":[{"href":"https:\/\/aconteceunovale.com.br\/portal\/index.php?rest_route=\/wp\/v2\/posts"}],"about":[{"href":"https:\/\/aconteceunovale.com.br\/portal\/index.php?rest_route=\/wp\/v2\/types\/post"}],"author":[{"embeddable":true,"href":"https:\/\/aconteceunovale.com.br\/portal\/index.php?rest_route=\/wp\/v2\/users\/1"}],"replies":[{"embeddable":true,"href":"https:\/\/aconteceunovale.com.br\/portal\/index.php?rest_route=%2Fwp%2Fv2%2Fcomments&post=131654"}],"version-history":[{"count":0,"href":"https:\/\/aconteceunovale.com.br\/portal\/index.php?rest_route=\/wp\/v2\/posts\/131654\/revisions"}],"wp:featuredmedia":[{"embeddable":true,"href":"https:\/\/aconteceunovale.com.br\/portal\/index.php?rest_route=\/wp\/v2\/media\/130462"}],"wp:attachment":[{"href":"https:\/\/aconteceunovale.com.br\/portal\/index.php?rest_route=%2Fwp%2Fv2%2Fmedia&parent=131654"}],"wp:term":[{"taxonomy":"category","embeddable":true,"href":"https:\/\/aconteceunovale.com.br\/portal\/index.php?rest_route=%2Fwp%2Fv2%2Fcategories&post=131654"},{"taxonomy":"post_tag","embeddable":true,"href":"https:\/\/aconteceunovale.com.br\/portal\/index.php?rest_route=%2Fwp%2Fv2%2Ftags&post=131654"}],"curies":[{"name":"wp","href":"https:\/\/api.w.org\/{rel}","templated":true}]}}