{"id":131649,"date":"2018-05-11T08:40:22","date_gmt":"2018-05-11T10:40:22","guid":{"rendered":"http:\/\/aconteceunovale.com.br\/portal\/?p=131649"},"modified":"2018-05-11T08:40:22","modified_gmt":"2018-05-11T10:40:22","slug":"ministerio-publico-firma-tac-com-prefeitura-de-aimores-para-regularizar-contratacoes-de-servidores","status":"publish","type":"post","link":"https:\/\/aconteceunovale.com.br\/portal\/?p=131649","title":{"rendered":"Minist\u00e9rio P\u00fablico firma TAC com prefeitura de Aimor\u00e9s para regularizar contrata\u00e7\u00f5es de servidores"},"content":{"rendered":"<p>O Minist\u00e9rio P\u00fablico de Minas Gerais (MPMG), por meio da Promotoria de Justi\u00e7a de Aimor\u00e9s, firmou Termo de Ajustamento de Conduta (TAC) com a prefeitura local para que as contrata\u00e7\u00f5es de servidores sejam regularizadas. O TAC prev\u00ea a substitui\u00e7\u00e3o dos servidores com contratos tempor\u00e1rios que n\u00e3o se enquadram na legisla\u00e7\u00e3o por funcion\u00e1rios aprovados no concurso homologado em dezembro de 2016 e que havia sido suspenso.<\/p>\n<p>A prefeitura dever\u00e1, no prazo de 30 dias, revogar o decreto que suspendeu o concurso. A partir de julho, dever\u00e1 dar posse a, no m\u00ednimo, dez candidatos aprovados dentro do n\u00famero de vagas no concurso de 2016, por m\u00eas. <\/p>\n<p>Os professores aprovados para a rede p\u00fablica de educa\u00e7\u00e3o ser\u00e3o  imediatamente investidos no in\u00edcio do pr\u00f3ximo semestre letivo, em agosto de 2018. A prefeitura dever\u00e1, tamb\u00e9m, prorrogar a validade do concurso para o prazo m\u00e1ximo permitido constitucionalmente at\u00e9 que todos os candidatos aprovados dentro do n\u00famero de vagas estejam devidamente convocados e investidos. Terminada a investidura efetiva desses candidatos e, apesar disso, verificada a exist\u00eancia de contratos tempor\u00e1rios vigentes para as exatas fun\u00e7\u00f5es para as quais existam candidatos aprovados, ainda que fora do n\u00famero de vagas, a prefeitura dever\u00e1 nomear candidatos at\u00e9 o fim dos v\u00ednculos funcionais prec\u00e1rios e tempor\u00e1rios ou at\u00e9 o t\u00e9rmino da validade do concurso. <\/p>\n<p><strong>Hist\u00f3rico<\/strong><\/p>\n<p>No segundo semestre de 2016, a prefeitura de Aimor\u00e9s lan\u00e7ou concurso p\u00fablico para provimento de v\u00e1rias fun\u00e7\u00f5es. O concurso foi realizado e o resultado homologado em 28 de dezembro daquele ano. Ap\u00f3s a mudan\u00e7a de governo, o concurso foi suspenso em janeiro de 2017 pela nova gest\u00e3o, por supostas ilegalidades e problemas financeiros. Foram feitas v\u00e1rias contrata\u00e7\u00f5es tempor\u00e1rias para as fun\u00e7\u00f5es para as quais existiam candidatos aprovados para os cargos efetivos. <\/p>\n<p>O MPMG instaurou, ent\u00e3o, Inqu\u00e9rito Civil para apurar a quest\u00e3o e constatou a aus\u00eancia de ilegalidades no concurso, fato reconhecido pelo pr\u00f3prio munic\u00edpio de Aimor\u00e9s. <\/p>\n<p>\u201cDepois de v\u00e1rios di\u00e1logos institucionais, e sem abrir m\u00e3o da cautela para n\u00e3o gerar passivo relevante e abrupto ao munic\u00edpio com o fim dos contratos de trabalho tempor\u00e1rio, o MPMG celebrou o TAC criando um cronograma progressivo de substitui\u00e7\u00e3o dos servidores contratados irregularmente pelos candidatos aprovados no concurso p\u00fablico de 2016. Com isso, o munic\u00edpio se comprometeu a revogar o decreto que suspendia o concurso e j\u00e1, a partir de julho de 2018, come\u00e7ar\u00e1 a dar posse aos concursados\u201d, explica o promotor de Justi\u00e7a M\u00e1rcio Ayala Pereira Filho. <\/p>\n<p><strong>VER PRIMEIRO<\/strong><\/p>\n<p>Receba as not\u00edcias do Aconteceu no Vale em primeira m\u00e3o. Clique em curtir no endere\u00e7o <a href=\"https:\/\/www.facebook.com\/aconteceunovale\" target=\"_blank\"><font color=\"red\">www.facebook.com\/aconteceunovale<\/font><\/a> ou no box abaixo:<\/p>\n<div class=\"fb-like\" data-href=\"https:\/\/www.facebook.com\/aconteceunovale\" data-width=\"120\" data-layout=\"standard\" data-action=\"like\" data-size=\"small\" data-show-faces=\"true\" data-share=\"true\"><\/div>\n<p><\/br><\/p>\n<p><em>(Fonte: MPMG)<\/em><\/p>\n","protected":false},"excerpt":{"rendered":"<p>O Minist\u00e9rio P\u00fablico de Minas Gerais (MPMG), por meio da Promotoria de Justi\u00e7a de Aimor\u00e9s, firmou Termo de Ajustamento de Conduta (TAC) com a prefeitura local para que as contrata\u00e7\u00f5es de servidores sejam regularizadas. O TAC prev\u00ea a substitui\u00e7\u00e3o dos servidores com contratos tempor\u00e1rios que n\u00e3o se enquadram na legisla\u00e7\u00e3o por funcion\u00e1rios aprovados no concurso [&hellip;]<\/p>\n","protected":false},"author":1,"featured_media":131650,"comment_status":"open","ping_status":"closed","sticky":false,"template":"","format":"standard","meta":{"amp_status":"","footnotes":""},"categories":[121],"tags":[273,19674,174124,19675,174123],"class_list":["post-131649","post","type-post","status-publish","format-standard","has-post-thumbnail","hentry","category-leste","tag-aimores","tag-ministerio-publico-de-minas-gerais","tag-ministerio-publico-firma-tac-com-prefeitura-de-aimores-para-regularizar-contratacoes-de-servidores","tag-mpmg","tag-promotoria-de-justica-de-aimores"],"yoast_head":"<!-- This site is optimized with the Yoast SEO plugin v28.3 - https:\/\/yoast.com\/product\/yoast-seo-wordpress\/ -->\n<title>Minist\u00e9rio P\u00fablico firma TAC com prefeitura de Aimor\u00e9s para regularizar contrata\u00e7\u00f5es de servidores - Aconteceu no Vale<\/title>\n<meta name=\"robots\" content=\"index, follow, max-snippet:-1, max-image-preview:large, max-video-preview:-1\" \/>\n<link rel=\"canonical\" href=\"https:\/\/aconteceunovale.com.br\/portal\/?p=131649\" \/>\n<meta property=\"og:locale\" content=\"pt_BR\" \/>\n<meta property=\"og:type\" content=\"article\" \/>\n<meta property=\"og:title\" content=\"Minist\u00e9rio P\u00fablico firma TAC com prefeitura de Aimor\u00e9s para regularizar contrata\u00e7\u00f5es de servidores - Aconteceu no Vale\" \/>\n<meta property=\"og:description\" content=\"O Minist\u00e9rio P\u00fablico de Minas Gerais (MPMG), por meio da Promotoria de Justi\u00e7a de Aimor\u00e9s, firmou Termo de Ajustamento de Conduta (TAC) com a prefeitura local para que as contrata\u00e7\u00f5es de servidores sejam regularizadas. O TAC prev\u00ea a substitui\u00e7\u00e3o dos servidores com contratos tempor\u00e1rios que n\u00e3o se enquadram na legisla\u00e7\u00e3o por funcion\u00e1rios aprovados no concurso [&hellip;]\" \/>\n<meta property=\"og:url\" content=\"https:\/\/aconteceunovale.com.br\/portal\/?p=131649\" \/>\n<meta property=\"og:site_name\" content=\"Aconteceu no Vale\" \/>\n<meta property=\"article:publisher\" content=\"https:\/\/www.facebook.com\/aconteceunovale\/\" \/>\n<meta property=\"article:published_time\" content=\"2018-05-11T10:40:22+00:00\" \/>\n<meta property=\"og:image\" content=\"https:\/\/aconteceunovale.com.br\/portal\/wp-content\/uploads\/2018\/05\/prefeitura_aimores.jpg\" \/>\n\t<meta property=\"og:image:width\" content=\"678\" \/>\n\t<meta property=\"og:image:height\" content=\"429\" \/>\n\t<meta property=\"og:image:type\" content=\"image\/jpeg\" \/>\n<meta name=\"author\" content=\"Aconteceu no Vale\" \/>\n<meta name=\"twitter:card\" content=\"summary_large_image\" \/>\n<meta name=\"twitter:creator\" content=\"@noticiadosvales\" \/>\n<meta name=\"twitter:site\" content=\"@noticiadosvales\" \/>\n<meta name=\"twitter:label1\" content=\"Escrito por\" \/>\n\t<meta name=\"twitter:data1\" content=\"Aconteceu no Vale\" \/>\n\t<meta name=\"twitter:label2\" content=\"Est. tempo de leitura\" \/>\n\t<meta name=\"twitter:data2\" content=\"2 minutos\" \/>\n<script type=\"application\/ld+json\" class=\"yoast-schema-graph\">{\"@context\":\"https:\\\/\\\/schema.org\",\"@graph\":[{\"@type\":\"Article\",\"@id\":\"https:\\\/\\\/aconteceunovale.com.br\\\/portal\\\/?p=131649#article\",\"isPartOf\":{\"@id\":\"https:\\\/\\\/aconteceunovale.com.br\\\/portal\\\/?p=131649\"},\"author\":{\"name\":\"Aconteceu no Vale\",\"@id\":\"https:\\\/\\\/aconteceunovale.com.br\\\/portal\\\/#\\\/schema\\\/person\\\/633529146f2c94272bef50ac2953d589\"},\"headline\":\"Minist\u00e9rio P\u00fablico firma TAC com prefeitura de Aimor\u00e9s para regularizar contrata\u00e7\u00f5es de servidores\",\"datePublished\":\"2018-05-11T10:40:22+00:00\",\"mainEntityOfPage\":{\"@id\":\"https:\\\/\\\/aconteceunovale.com.br\\\/portal\\\/?p=131649\"},\"wordCount\":496,\"commentCount\":0,\"image\":{\"@id\":\"https:\\\/\\\/aconteceunovale.com.br\\\/portal\\\/?p=131649#primaryimage\"},\"thumbnailUrl\":\"https:\\\/\\\/aconteceunovale.com.br\\\/portal\\\/wp-content\\\/uploads\\\/2018\\\/05\\\/prefeitura_aimores.jpg\",\"keywords\":[\"Aimor\u00e9s\",\"Minist\u00e9rio P\u00fablico de Minas Gerais\",\"Minist\u00e9rio P\u00fablico firma TAC com prefeitura de Aimor\u00e9s para regularizar contrata\u00e7\u00f5es de servidores\",\"MPMG\",\"Promotoria de Justi\u00e7a de Aimor\u00e9s\"],\"articleSection\":[\"Leste de Minas\"],\"inLanguage\":\"pt-BR\",\"potentialAction\":[{\"@type\":\"CommentAction\",\"name\":\"Comment\",\"target\":[\"https:\\\/\\\/aconteceunovale.com.br\\\/portal\\\/?p=131649#respond\"]}]},{\"@type\":\"WebPage\",\"@id\":\"https:\\\/\\\/aconteceunovale.com.br\\\/portal\\\/?p=131649\",\"url\":\"https:\\\/\\\/aconteceunovale.com.br\\\/portal\\\/?p=131649\",\"name\":\"Minist\u00e9rio P\u00fablico firma TAC com prefeitura de Aimor\u00e9s para regularizar contrata\u00e7\u00f5es de servidores - Aconteceu no Vale\",\"isPartOf\":{\"@id\":\"https:\\\/\\\/aconteceunovale.com.br\\\/portal\\\/#website\"},\"primaryImageOfPage\":{\"@id\":\"https:\\\/\\\/aconteceunovale.com.br\\\/portal\\\/?p=131649#primaryimage\"},\"image\":{\"@id\":\"https:\\\/\\\/aconteceunovale.com.br\\\/portal\\\/?p=131649#primaryimage\"},\"thumbnailUrl\":\"https:\\\/\\\/aconteceunovale.com.br\\\/portal\\\/wp-content\\\/uploads\\\/2018\\\/05\\\/prefeitura_aimores.jpg\",\"datePublished\":\"2018-05-11T10:40:22+00:00\",\"author\":{\"@id\":\"https:\\\/\\\/aconteceunovale.com.br\\\/portal\\\/#\\\/schema\\\/person\\\/633529146f2c94272bef50ac2953d589\"},\"breadcrumb\":{\"@id\":\"https:\\\/\\\/aconteceunovale.com.br\\\/portal\\\/?p=131649#breadcrumb\"},\"inLanguage\":\"pt-BR\",\"potentialAction\":[{\"@type\":\"ReadAction\",\"target\":[\"https:\\\/\\\/aconteceunovale.com.br\\\/portal\\\/?p=131649\"]}]},{\"@type\":\"ImageObject\",\"inLanguage\":\"pt-BR\",\"@id\":\"https:\\\/\\\/aconteceunovale.com.br\\\/portal\\\/?p=131649#primaryimage\",\"url\":\"https:\\\/\\\/aconteceunovale.com.br\\\/portal\\\/wp-content\\\/uploads\\\/2018\\\/05\\\/prefeitura_aimores.jpg\",\"contentUrl\":\"https:\\\/\\\/aconteceunovale.com.br\\\/portal\\\/wp-content\\\/uploads\\\/2018\\\/05\\\/prefeitura_aimores.jpg\",\"width\":678,\"height\":429},{\"@type\":\"BreadcrumbList\",\"@id\":\"https:\\\/\\\/aconteceunovale.com.br\\\/portal\\\/?p=131649#breadcrumb\",\"itemListElement\":[{\"@type\":\"ListItem\",\"position\":1,\"name\":\"In\u00edcio\",\"item\":\"https:\\\/\\\/aconteceunovale.com.br\\\/portal\\\/\"},{\"@type\":\"ListItem\",\"position\":2,\"name\":\"Minist\u00e9rio P\u00fablico firma TAC com prefeitura de Aimor\u00e9s para regularizar contrata\u00e7\u00f5es de servidores\"}]},{\"@type\":\"WebSite\",\"@id\":\"https:\\\/\\\/aconteceunovale.com.br\\\/portal\\\/#website\",\"url\":\"https:\\\/\\\/aconteceunovale.com.br\\\/portal\\\/\",\"name\":\"Aconteceu no Vale\",\"description\":\"Portal de Not\u00edcias\",\"potentialAction\":[{\"@type\":\"SearchAction\",\"target\":{\"@type\":\"EntryPoint\",\"urlTemplate\":\"https:\\\/\\\/aconteceunovale.com.br\\\/portal\\\/?s={search_term_string}\"},\"query-input\":{\"@type\":\"PropertyValueSpecification\",\"valueRequired\":true,\"valueName\":\"search_term_string\"}}],\"inLanguage\":\"pt-BR\"},{\"@type\":\"Person\",\"@id\":\"https:\\\/\\\/aconteceunovale.com.br\\\/portal\\\/#\\\/schema\\\/person\\\/633529146f2c94272bef50ac2953d589\",\"name\":\"Aconteceu no Vale\",\"description\":\"Equipe de reportagem do Aconteceu no Vale, portal de not\u00edcias do Vale do Jequitinhonha, em Minas Gerais. Cobrimos as 51 cidades do Vale desde 2013. Sugest\u00f5es de pauta e pedidos de corre\u00e7\u00e3o: contato@aconteceunovale.com.br\",\"sameAs\":[\"http:\\\/\\\/www.aconteceunovale.com.br\"],\"url\":\"https:\\\/\\\/aconteceunovale.com.br\\\/portal\\\/?author=1\"}]}<\/script>\n<!-- \/ Yoast SEO plugin. -->","yoast_head_json":{"title":"Minist\u00e9rio P\u00fablico firma TAC com prefeitura de Aimor\u00e9s para regularizar contrata\u00e7\u00f5es de servidores - Aconteceu no Vale","robots":{"index":"index","follow":"follow","max-snippet":"max-snippet:-1","max-image-preview":"max-image-preview:large","max-video-preview":"max-video-preview:-1"},"canonical":"https:\/\/aconteceunovale.com.br\/portal\/?p=131649","og_locale":"pt_BR","og_type":"article","og_title":"Minist\u00e9rio P\u00fablico firma TAC com prefeitura de Aimor\u00e9s para regularizar contrata\u00e7\u00f5es de servidores - Aconteceu no Vale","og_description":"O Minist\u00e9rio P\u00fablico de Minas Gerais (MPMG), por meio da Promotoria de Justi\u00e7a de Aimor\u00e9s, firmou Termo de Ajustamento de Conduta (TAC) com a prefeitura local para que as contrata\u00e7\u00f5es de servidores sejam regularizadas. O TAC prev\u00ea a substitui\u00e7\u00e3o dos servidores com contratos tempor\u00e1rios que n\u00e3o se enquadram na legisla\u00e7\u00e3o por funcion\u00e1rios aprovados no concurso [&hellip;]","og_url":"https:\/\/aconteceunovale.com.br\/portal\/?p=131649","og_site_name":"Aconteceu no Vale","article_publisher":"https:\/\/www.facebook.com\/aconteceunovale\/","article_published_time":"2018-05-11T10:40:22+00:00","og_image":[{"width":678,"height":429,"url":"https:\/\/aconteceunovale.com.br\/portal\/wp-content\/uploads\/2018\/05\/prefeitura_aimores.jpg","type":"image\/jpeg"}],"author":"Aconteceu no Vale","twitter_card":"summary_large_image","twitter_creator":"@noticiadosvales","twitter_site":"@noticiadosvales","twitter_misc":{"Escrito por":"Aconteceu no Vale","Est. tempo de leitura":"2 minutos"},"schema":{"@context":"https:\/\/schema.org","@graph":[{"@type":"Article","@id":"https:\/\/aconteceunovale.com.br\/portal\/?p=131649#article","isPartOf":{"@id":"https:\/\/aconteceunovale.com.br\/portal\/?p=131649"},"author":{"name":"Aconteceu no Vale","@id":"https:\/\/aconteceunovale.com.br\/portal\/#\/schema\/person\/633529146f2c94272bef50ac2953d589"},"headline":"Minist\u00e9rio P\u00fablico firma TAC com prefeitura de Aimor\u00e9s para regularizar contrata\u00e7\u00f5es de servidores","datePublished":"2018-05-11T10:40:22+00:00","mainEntityOfPage":{"@id":"https:\/\/aconteceunovale.com.br\/portal\/?p=131649"},"wordCount":496,"commentCount":0,"image":{"@id":"https:\/\/aconteceunovale.com.br\/portal\/?p=131649#primaryimage"},"thumbnailUrl":"https:\/\/aconteceunovale.com.br\/portal\/wp-content\/uploads\/2018\/05\/prefeitura_aimores.jpg","keywords":["Aimor\u00e9s","Minist\u00e9rio P\u00fablico de Minas Gerais","Minist\u00e9rio P\u00fablico firma TAC com prefeitura de Aimor\u00e9s para regularizar contrata\u00e7\u00f5es de servidores","MPMG","Promotoria de Justi\u00e7a de Aimor\u00e9s"],"articleSection":["Leste de Minas"],"inLanguage":"pt-BR","potentialAction":[{"@type":"CommentAction","name":"Comment","target":["https:\/\/aconteceunovale.com.br\/portal\/?p=131649#respond"]}]},{"@type":"WebPage","@id":"https:\/\/aconteceunovale.com.br\/portal\/?p=131649","url":"https:\/\/aconteceunovale.com.br\/portal\/?p=131649","name":"Minist\u00e9rio P\u00fablico firma TAC com prefeitura de Aimor\u00e9s para regularizar contrata\u00e7\u00f5es de servidores - Aconteceu no Vale","isPartOf":{"@id":"https:\/\/aconteceunovale.com.br\/portal\/#website"},"primaryImageOfPage":{"@id":"https:\/\/aconteceunovale.com.br\/portal\/?p=131649#primaryimage"},"image":{"@id":"https:\/\/aconteceunovale.com.br\/portal\/?p=131649#primaryimage"},"thumbnailUrl":"https:\/\/aconteceunovale.com.br\/portal\/wp-content\/uploads\/2018\/05\/prefeitura_aimores.jpg","datePublished":"2018-05-11T10:40:22+00:00","author":{"@id":"https:\/\/aconteceunovale.com.br\/portal\/#\/schema\/person\/633529146f2c94272bef50ac2953d589"},"breadcrumb":{"@id":"https:\/\/aconteceunovale.com.br\/portal\/?p=131649#breadcrumb"},"inLanguage":"pt-BR","potentialAction":[{"@type":"ReadAction","target":["https:\/\/aconteceunovale.com.br\/portal\/?p=131649"]}]},{"@type":"ImageObject","inLanguage":"pt-BR","@id":"https:\/\/aconteceunovale.com.br\/portal\/?p=131649#primaryimage","url":"https:\/\/aconteceunovale.com.br\/portal\/wp-content\/uploads\/2018\/05\/prefeitura_aimores.jpg","contentUrl":"https:\/\/aconteceunovale.com.br\/portal\/wp-content\/uploads\/2018\/05\/prefeitura_aimores.jpg","width":678,"height":429},{"@type":"BreadcrumbList","@id":"https:\/\/aconteceunovale.com.br\/portal\/?p=131649#breadcrumb","itemListElement":[{"@type":"ListItem","position":1,"name":"In\u00edcio","item":"https:\/\/aconteceunovale.com.br\/portal\/"},{"@type":"ListItem","position":2,"name":"Minist\u00e9rio P\u00fablico firma TAC com prefeitura de Aimor\u00e9s para regularizar contrata\u00e7\u00f5es de servidores"}]},{"@type":"WebSite","@id":"https:\/\/aconteceunovale.com.br\/portal\/#website","url":"https:\/\/aconteceunovale.com.br\/portal\/","name":"Aconteceu no Vale","description":"Portal de Not\u00edcias","potentialAction":[{"@type":"SearchAction","target":{"@type":"EntryPoint","urlTemplate":"https:\/\/aconteceunovale.com.br\/portal\/?s={search_term_string}"},"query-input":{"@type":"PropertyValueSpecification","valueRequired":true,"valueName":"search_term_string"}}],"inLanguage":"pt-BR"},{"@type":"Person","@id":"https:\/\/aconteceunovale.com.br\/portal\/#\/schema\/person\/633529146f2c94272bef50ac2953d589","name":"Aconteceu no Vale","description":"Equipe de reportagem do Aconteceu no Vale, portal de not\u00edcias do Vale do Jequitinhonha, em Minas Gerais. Cobrimos as 51 cidades do Vale desde 2013. Sugest\u00f5es de pauta e pedidos de corre\u00e7\u00e3o: contato@aconteceunovale.com.br","sameAs":["http:\/\/www.aconteceunovale.com.br"],"url":"https:\/\/aconteceunovale.com.br\/portal\/?author=1"}]}},"_links":{"self":[{"href":"https:\/\/aconteceunovale.com.br\/portal\/index.php?rest_route=\/wp\/v2\/posts\/131649","targetHints":{"allow":["GET"]}}],"collection":[{"href":"https:\/\/aconteceunovale.com.br\/portal\/index.php?rest_route=\/wp\/v2\/posts"}],"about":[{"href":"https:\/\/aconteceunovale.com.br\/portal\/index.php?rest_route=\/wp\/v2\/types\/post"}],"author":[{"embeddable":true,"href":"https:\/\/aconteceunovale.com.br\/portal\/index.php?rest_route=\/wp\/v2\/users\/1"}],"replies":[{"embeddable":true,"href":"https:\/\/aconteceunovale.com.br\/portal\/index.php?rest_route=%2Fwp%2Fv2%2Fcomments&post=131649"}],"version-history":[{"count":0,"href":"https:\/\/aconteceunovale.com.br\/portal\/index.php?rest_route=\/wp\/v2\/posts\/131649\/revisions"}],"wp:featuredmedia":[{"embeddable":true,"href":"https:\/\/aconteceunovale.com.br\/portal\/index.php?rest_route=\/wp\/v2\/media\/131650"}],"wp:attachment":[{"href":"https:\/\/aconteceunovale.com.br\/portal\/index.php?rest_route=%2Fwp%2Fv2%2Fmedia&parent=131649"}],"wp:term":[{"taxonomy":"category","embeddable":true,"href":"https:\/\/aconteceunovale.com.br\/portal\/index.php?rest_route=%2Fwp%2Fv2%2Fcategories&post=131649"},{"taxonomy":"post_tag","embeddable":true,"href":"https:\/\/aconteceunovale.com.br\/portal\/index.php?rest_route=%2Fwp%2Fv2%2Ftags&post=131649"}],"curies":[{"name":"wp","href":"https:\/\/api.w.org\/{rel}","templated":true}]}}