{"id":131642,"date":"2018-05-11T08:21:26","date_gmt":"2018-05-11T10:21:26","guid":{"rendered":"http:\/\/aconteceunovale.com.br\/portal\/?p=131642"},"modified":"2026-09-02T13:51:32","modified_gmt":"2026-09-02T16:51:32","slug":"ministerio-publico-e-parceiros-implantarao-protocolo-de-atendimento-da-mulher-em-situacao-de-violencia-em-turmalina","status":"publish","type":"post","link":"https:\/\/aconteceunovale.com.br\/portal\/?p=131642","title":{"rendered":"Minist\u00e9rio P\u00fablico e parceiros implantar\u00e3o protocolo de atendimento da mulher em situa\u00e7\u00e3o de viol\u00eancia em Turmalina"},"content":{"rendered":"<p>O Minist\u00e9rio P\u00fablico de Minas Gerais (MPMG), por meio da Promotoria de Justi\u00e7a de Turmalina, e os \u00f3rg\u00e3os integrantes da rede de prote\u00e7\u00e3o \u00e0 mulher do munic\u00edpio do Vale do Jequitinhonha assinaram termo de pactua\u00e7\u00e3o para a implanta\u00e7\u00e3o de protocolo municipal de atendimento da mulher em situa\u00e7\u00e3o de viol\u00eancia.<\/p>\n<p>O protocolo possibilitar\u00e1 que os \u00f3rg\u00e3os atuem de maneira articulada, com apoio rec\u00edproco e troca efetiva de informa\u00e7\u00f5es, visando prestar atendimento integral \u00e0 v\u00edtima de viol\u00eancia, ao agressor e aos outros integrantes do n\u00facleo familiar. O texto foi amplamente debatido, e os modelos de fichas de encaminhamento e atendimento, padronizados, com o objetivo de facilitar a identifica\u00e7\u00e3o. O documento ser\u00e1 reavaliado em tr\u00eas meses.<\/p>\n<p>De acordo com a promotora de Justi\u00e7a Shirley Machado de Oliveira, um levantamento estat\u00edstico do grande n\u00famero de casos de viol\u00eancia dom\u00e9stica e familiar contra a mulher no munic\u00edpio revelou a necessidade de se elaborar o documento. Al\u00e9m disso, um feminic\u00eddio praticado na cidade, em descumprimento de medida protetiva, demonstrou que a qualifica\u00e7\u00e3o da rede municipal de enfrentamento a esse tipo de viol\u00eancia \u00e9 uma medida urgente.<\/p>\n<p>Segundo a promotora, a rede vislumbra como a\u00e7\u00f5es futuras a cria\u00e7\u00e3o de grupos de apoio em prol da v\u00edtima e do agressor, bem como o desenvolvimento de cartilha sobre as esp\u00e9cies de viol\u00eancia e a identifica\u00e7\u00e3o dos \u00f3rg\u00e3os incumbidos de combat\u00ea-la no munic\u00edpio.<\/p>\n<p>A a\u00e7\u00e3o est\u00e1 alinhada com o objetivo estrat\u00e9gico\u00a0<em>fomentar a promo\u00e7\u00e3o da pol\u00edtica criminal<\/em>\u00a0e as iniciativas estrat\u00e9gicas\u00a0<em>promover a integra\u00e7\u00e3o entre os \u00f3rg\u00e3os de defesa social<\/em>\u00a0e\u00a0<em>dar efetividade \u00e0s medidas protetivas<\/em>, dentro dos resultados para a sociedade\u00a0<em>Combate \u00e0 Criminalidade<\/em>\u00a0do Plano Estrat\u00e9gico do MPMG.<\/p>\n<p><strong>Desenvolvimento<\/strong><\/p>\n<p>O desenvolvimento do protocolo ocorreu durante o ano passado e se encerrou neste ano. Durante a elabora\u00e7\u00e3o do texto, no ano passado, foram promovidas capacita\u00e7\u00e3o com integrantes dos \u00f3rg\u00e3os da rede sobre o tema<em>\u00a0Viol\u00eancia dom\u00e9stica e familiar contra a mulher \u2013 necessidade de enfrentamento por toda a sociedade<\/em>\u00a0e uma palestra para a popula\u00e7\u00e3o de Turmalina. Representantes dos \u00f3rg\u00e3os realizaram tamb\u00e9m simula\u00e7\u00e3o do atendimento conforme o protocolo.<\/p>\n<p>No dia da assinatura do termo, foi apresentada a logomarca da rede, desenvolvida pelo Coletivo Feminista Flor de Mar\u00e7o, e aprovado seu nome como \u201cAdriana Teles\u201d, homenageada no evento.<\/p>\n<p>Participaram das atividades representantes do Executivo, Legislativo, Judici\u00e1rio, Minist\u00e9rio P\u00fablico, Pol\u00edcias Civil e Militar, Secretarias Municipais de Sa\u00fade, Educa\u00e7\u00e3o e Assist\u00eancia Social, Vigil\u00e2ncia Epidemiol\u00f3gica, Estrat\u00e9gia Sa\u00fade da Fam\u00edlia (ESF), Centro de Aten\u00e7\u00e3o Psicossocial (CAPs), Centro de Refer\u00eancia de Assist\u00eancia Social (Cras), Centro de Refer\u00eancia Especializado de Assist\u00eancia Social (Creas), Conselho Tutelar, Hospital Municipal, Coletivo Feminista Flor de Mar\u00e7o e Assessoria Judici\u00e1ria do munic\u00edpio.<\/p>\n<p><strong>VER PRIMEIRO<\/strong><\/p>\n<p>Receba as not\u00edcias do Aconteceu no Vale em primeira m\u00e3o. Clique em curtir no endere\u00e7o <a href=\"https:\/\/www.facebook.com\/aconteceunovale\" target=\"_blank\"><font color=\"red\">www.facebook.com\/aconteceunovale<\/font><\/a> ou no box abaixo:<\/p>\n<div class=\"fb-like\" data-href=\"https:\/\/www.facebook.com\/aconteceunovale\" data-width=\"120\" data-layout=\"standard\" data-action=\"like\" data-size=\"small\" data-show-faces=\"true\" data-share=\"true\"><\/div>\n<p><\/br><\/p>\n<p><em>(Fonte: MPMG \/ Promotoria de Justi\u00e7a de Turmalina)<\/em><\/p>\n","protected":false},"excerpt":{"rendered":"<p>O Minist\u00e9rio P\u00fablico de Minas Gerais (MPMG), por meio da Promotoria de Justi\u00e7a de Turmalina, e os \u00f3rg\u00e3os integrantes da rede de prote\u00e7\u00e3o \u00e0 mulher do munic\u00edpio do Vale do Jequitinhonha assinaram termo de pactua\u00e7\u00e3o para a implanta\u00e7\u00e3o de protocolo municipal de atendimento da mulher em situa\u00e7\u00e3o de viol\u00eancia. O protocolo possibilitar\u00e1 que os \u00f3rg\u00e3os [&hellip;]<\/p>\n","protected":false},"author":1,"featured_media":49523,"comment_status":"open","ping_status":"closed","sticky":false,"template":"","format":"standard","meta":{"amp_status":"","footnotes":""},"categories":[272576,120],"tags":[19674,174117,19675,172065,172059,172064,178],"class_list":["post-131642","post","type-post","status-publish","format-standard","has-post-thumbnail","hentry","category-turmalina","category-jequi","tag-ministerio-publico-de-minas-gerais","tag-ministerio-publico-e-parceiros-implantarao-protocolo-de-atendimento-da-mulher-em-situacao-de-violencia-em-turmalina","tag-mpmg","tag-promotora-shirley-machado-de-oliveira","tag-promotoria-de-justica-de-turmalina","tag-shirley-machado-de-oliveira","tag-turmalina"],"yoast_head":"<!-- This site is optimized with the Yoast SEO plugin v28.3 - https:\/\/yoast.com\/product\/yoast-seo-wordpress\/ -->\n<title>Minist\u00e9rio P\u00fablico e parceiros implantar\u00e3o protocolo de atendimento da mulher em situa\u00e7\u00e3o de viol\u00eancia em Turmalina - Aconteceu no Vale<\/title>\n<meta name=\"robots\" content=\"index, follow, max-snippet:-1, max-image-preview:large, max-video-preview:-1\" \/>\n<link rel=\"canonical\" href=\"https:\/\/aconteceunovale.com.br\/portal\/?p=131642\" \/>\n<meta property=\"og:locale\" content=\"pt_BR\" \/>\n<meta property=\"og:type\" content=\"article\" \/>\n<meta property=\"og:title\" content=\"Minist\u00e9rio P\u00fablico e parceiros implantar\u00e3o protocolo de atendimento da mulher em situa\u00e7\u00e3o de viol\u00eancia em Turmalina - Aconteceu no Vale\" \/>\n<meta property=\"og:description\" content=\"O Minist\u00e9rio P\u00fablico de Minas Gerais (MPMG), por meio da Promotoria de Justi\u00e7a de Turmalina, e os \u00f3rg\u00e3os integrantes da rede de prote\u00e7\u00e3o \u00e0 mulher do munic\u00edpio do Vale do Jequitinhonha assinaram termo de pactua\u00e7\u00e3o para a implanta\u00e7\u00e3o de protocolo municipal de atendimento da mulher em situa\u00e7\u00e3o de viol\u00eancia. O protocolo possibilitar\u00e1 que os \u00f3rg\u00e3os [&hellip;]\" \/>\n<meta property=\"og:url\" content=\"https:\/\/aconteceunovale.com.br\/portal\/?p=131642\" \/>\n<meta property=\"og:site_name\" content=\"Aconteceu no Vale\" \/>\n<meta property=\"article:publisher\" content=\"https:\/\/www.facebook.com\/aconteceunovale\/\" \/>\n<meta property=\"article:published_time\" content=\"2018-05-11T10:21:26+00:00\" \/>\n<meta property=\"article:modified_time\" content=\"2026-09-02T16:51:32+00:00\" \/>\n<meta property=\"og:image\" content=\"https:\/\/aconteceunovale.com.br\/portal\/wp-content\/uploads\/2015\/01\/turmalina_mg.jpg\" \/>\n\t<meta property=\"og:image:width\" content=\"678\" \/>\n\t<meta property=\"og:image:height\" content=\"407\" \/>\n\t<meta property=\"og:image:type\" content=\"image\/jpeg\" \/>\n<meta name=\"author\" content=\"Aconteceu no Vale\" \/>\n<meta name=\"twitter:card\" content=\"summary_large_image\" \/>\n<meta name=\"twitter:creator\" content=\"@noticiadosvales\" \/>\n<meta name=\"twitter:site\" content=\"@noticiadosvales\" \/>\n<meta name=\"twitter:label1\" content=\"Escrito por\" \/>\n\t<meta name=\"twitter:data1\" content=\"Aconteceu no Vale\" \/>\n\t<meta name=\"twitter:label2\" content=\"Est. tempo de leitura\" \/>\n\t<meta name=\"twitter:data2\" content=\"3 minutos\" \/>\n<script type=\"application\/ld+json\" class=\"yoast-schema-graph\">{\"@context\":\"https:\\\/\\\/schema.org\",\"@graph\":[{\"@type\":\"Article\",\"@id\":\"https:\\\/\\\/aconteceunovale.com.br\\\/portal\\\/?p=131642#article\",\"isPartOf\":{\"@id\":\"https:\\\/\\\/aconteceunovale.com.br\\\/portal\\\/?p=131642\"},\"author\":{\"name\":\"Aconteceu no Vale\",\"@id\":\"https:\\\/\\\/aconteceunovale.com.br\\\/portal\\\/#\\\/schema\\\/person\\\/633529146f2c94272bef50ac2953d589\"},\"headline\":\"Minist\u00e9rio P\u00fablico e parceiros implantar\u00e3o protocolo de atendimento da mulher em situa\u00e7\u00e3o de viol\u00eancia em Turmalina\",\"datePublished\":\"2018-05-11T10:21:26+00:00\",\"dateModified\":\"2026-09-02T16:51:32+00:00\",\"mainEntityOfPage\":{\"@id\":\"https:\\\/\\\/aconteceunovale.com.br\\\/portal\\\/?p=131642\"},\"wordCount\":558,\"commentCount\":0,\"image\":{\"@id\":\"https:\\\/\\\/aconteceunovale.com.br\\\/portal\\\/?p=131642#primaryimage\"},\"thumbnailUrl\":\"https:\\\/\\\/aconteceunovale.com.br\\\/portal\\\/wp-content\\\/uploads\\\/2015\\\/01\\\/turmalina_mg.jpg\",\"keywords\":[\"Minist\u00e9rio P\u00fablico de Minas Gerais\",\"Minist\u00e9rio P\u00fablico e parceiros implantar\u00e3o protocolo de atendimento da mulher em situa\u00e7\u00e3o de viol\u00eancia em Turmalina\",\"MPMG\",\"Promotora Shirley Machado de Oliveira\",\"Promotoria de Justi\u00e7a de Turmalina\",\"Shirley Machado de Oliveira\",\"Turmalina\"],\"articleSection\":[\"Turmalina\",\"Vale do Jequitinhonha\"],\"inLanguage\":\"pt-BR\",\"potentialAction\":[{\"@type\":\"CommentAction\",\"name\":\"Comment\",\"target\":[\"https:\\\/\\\/aconteceunovale.com.br\\\/portal\\\/?p=131642#respond\"]}]},{\"@type\":\"WebPage\",\"@id\":\"https:\\\/\\\/aconteceunovale.com.br\\\/portal\\\/?p=131642\",\"url\":\"https:\\\/\\\/aconteceunovale.com.br\\\/portal\\\/?p=131642\",\"name\":\"Minist\u00e9rio P\u00fablico e parceiros implantar\u00e3o protocolo de atendimento da mulher em situa\u00e7\u00e3o de viol\u00eancia em Turmalina - Aconteceu no Vale\",\"isPartOf\":{\"@id\":\"https:\\\/\\\/aconteceunovale.com.br\\\/portal\\\/#website\"},\"primaryImageOfPage\":{\"@id\":\"https:\\\/\\\/aconteceunovale.com.br\\\/portal\\\/?p=131642#primaryimage\"},\"image\":{\"@id\":\"https:\\\/\\\/aconteceunovale.com.br\\\/portal\\\/?p=131642#primaryimage\"},\"thumbnailUrl\":\"https:\\\/\\\/aconteceunovale.com.br\\\/portal\\\/wp-content\\\/uploads\\\/2015\\\/01\\\/turmalina_mg.jpg\",\"datePublished\":\"2018-05-11T10:21:26+00:00\",\"dateModified\":\"2026-09-02T16:51:32+00:00\",\"author\":{\"@id\":\"https:\\\/\\\/aconteceunovale.com.br\\\/portal\\\/#\\\/schema\\\/person\\\/633529146f2c94272bef50ac2953d589\"},\"breadcrumb\":{\"@id\":\"https:\\\/\\\/aconteceunovale.com.br\\\/portal\\\/?p=131642#breadcrumb\"},\"inLanguage\":\"pt-BR\",\"potentialAction\":[{\"@type\":\"ReadAction\",\"target\":[\"https:\\\/\\\/aconteceunovale.com.br\\\/portal\\\/?p=131642\"]}]},{\"@type\":\"ImageObject\",\"inLanguage\":\"pt-BR\",\"@id\":\"https:\\\/\\\/aconteceunovale.com.br\\\/portal\\\/?p=131642#primaryimage\",\"url\":\"https:\\\/\\\/aconteceunovale.com.br\\\/portal\\\/wp-content\\\/uploads\\\/2015\\\/01\\\/turmalina_mg.jpg\",\"contentUrl\":\"https:\\\/\\\/aconteceunovale.com.br\\\/portal\\\/wp-content\\\/uploads\\\/2015\\\/01\\\/turmalina_mg.jpg\",\"width\":678,\"height\":407},{\"@type\":\"BreadcrumbList\",\"@id\":\"https:\\\/\\\/aconteceunovale.com.br\\\/portal\\\/?p=131642#breadcrumb\",\"itemListElement\":[{\"@type\":\"ListItem\",\"position\":1,\"name\":\"In\u00edcio\",\"item\":\"https:\\\/\\\/aconteceunovale.com.br\\\/portal\\\/\"},{\"@type\":\"ListItem\",\"position\":2,\"name\":\"Minist\u00e9rio P\u00fablico e parceiros implantar\u00e3o protocolo de atendimento da mulher em situa\u00e7\u00e3o de viol\u00eancia em Turmalina\"}]},{\"@type\":\"WebSite\",\"@id\":\"https:\\\/\\\/aconteceunovale.com.br\\\/portal\\\/#website\",\"url\":\"https:\\\/\\\/aconteceunovale.com.br\\\/portal\\\/\",\"name\":\"Aconteceu no Vale\",\"description\":\"Portal de Not\u00edcias\",\"potentialAction\":[{\"@type\":\"SearchAction\",\"target\":{\"@type\":\"EntryPoint\",\"urlTemplate\":\"https:\\\/\\\/aconteceunovale.com.br\\\/portal\\\/?s={search_term_string}\"},\"query-input\":{\"@type\":\"PropertyValueSpecification\",\"valueRequired\":true,\"valueName\":\"search_term_string\"}}],\"inLanguage\":\"pt-BR\"},{\"@type\":\"Person\",\"@id\":\"https:\\\/\\\/aconteceunovale.com.br\\\/portal\\\/#\\\/schema\\\/person\\\/633529146f2c94272bef50ac2953d589\",\"name\":\"Aconteceu no Vale\",\"description\":\"Equipe de reportagem do Aconteceu no Vale, portal de not\u00edcias do Vale do Jequitinhonha, em Minas Gerais. Cobrimos as 51 cidades do Vale desde 2013. Sugest\u00f5es de pauta e pedidos de corre\u00e7\u00e3o: contato@aconteceunovale.com.br\",\"sameAs\":[\"http:\\\/\\\/www.aconteceunovale.com.br\"],\"url\":\"https:\\\/\\\/aconteceunovale.com.br\\\/portal\\\/?author=1\"}]}<\/script>\n<!-- \/ Yoast SEO plugin. -->","yoast_head_json":{"title":"Minist\u00e9rio P\u00fablico e parceiros implantar\u00e3o protocolo de atendimento da mulher em situa\u00e7\u00e3o de viol\u00eancia em Turmalina - Aconteceu no Vale","robots":{"index":"index","follow":"follow","max-snippet":"max-snippet:-1","max-image-preview":"max-image-preview:large","max-video-preview":"max-video-preview:-1"},"canonical":"https:\/\/aconteceunovale.com.br\/portal\/?p=131642","og_locale":"pt_BR","og_type":"article","og_title":"Minist\u00e9rio P\u00fablico e parceiros implantar\u00e3o protocolo de atendimento da mulher em situa\u00e7\u00e3o de viol\u00eancia em Turmalina - Aconteceu no Vale","og_description":"O Minist\u00e9rio P\u00fablico de Minas Gerais (MPMG), por meio da Promotoria de Justi\u00e7a de Turmalina, e os \u00f3rg\u00e3os integrantes da rede de prote\u00e7\u00e3o \u00e0 mulher do munic\u00edpio do Vale do Jequitinhonha assinaram termo de pactua\u00e7\u00e3o para a implanta\u00e7\u00e3o de protocolo municipal de atendimento da mulher em situa\u00e7\u00e3o de viol\u00eancia. O protocolo possibilitar\u00e1 que os \u00f3rg\u00e3os [&hellip;]","og_url":"https:\/\/aconteceunovale.com.br\/portal\/?p=131642","og_site_name":"Aconteceu no Vale","article_publisher":"https:\/\/www.facebook.com\/aconteceunovale\/","article_published_time":"2018-05-11T10:21:26+00:00","article_modified_time":"2026-09-02T16:51:32+00:00","og_image":[{"width":678,"height":407,"url":"https:\/\/aconteceunovale.com.br\/portal\/wp-content\/uploads\/2015\/01\/turmalina_mg.jpg","type":"image\/jpeg"}],"author":"Aconteceu no Vale","twitter_card":"summary_large_image","twitter_creator":"@noticiadosvales","twitter_site":"@noticiadosvales","twitter_misc":{"Escrito por":"Aconteceu no Vale","Est. tempo de leitura":"3 minutos"},"schema":{"@context":"https:\/\/schema.org","@graph":[{"@type":"Article","@id":"https:\/\/aconteceunovale.com.br\/portal\/?p=131642#article","isPartOf":{"@id":"https:\/\/aconteceunovale.com.br\/portal\/?p=131642"},"author":{"name":"Aconteceu no Vale","@id":"https:\/\/aconteceunovale.com.br\/portal\/#\/schema\/person\/633529146f2c94272bef50ac2953d589"},"headline":"Minist\u00e9rio P\u00fablico e parceiros implantar\u00e3o protocolo de atendimento da mulher em situa\u00e7\u00e3o de viol\u00eancia em Turmalina","datePublished":"2018-05-11T10:21:26+00:00","dateModified":"2026-09-02T16:51:32+00:00","mainEntityOfPage":{"@id":"https:\/\/aconteceunovale.com.br\/portal\/?p=131642"},"wordCount":558,"commentCount":0,"image":{"@id":"https:\/\/aconteceunovale.com.br\/portal\/?p=131642#primaryimage"},"thumbnailUrl":"https:\/\/aconteceunovale.com.br\/portal\/wp-content\/uploads\/2015\/01\/turmalina_mg.jpg","keywords":["Minist\u00e9rio P\u00fablico de Minas Gerais","Minist\u00e9rio P\u00fablico e parceiros implantar\u00e3o protocolo de atendimento da mulher em situa\u00e7\u00e3o de viol\u00eancia em Turmalina","MPMG","Promotora Shirley Machado de Oliveira","Promotoria de Justi\u00e7a de Turmalina","Shirley Machado de Oliveira","Turmalina"],"articleSection":["Turmalina","Vale do Jequitinhonha"],"inLanguage":"pt-BR","potentialAction":[{"@type":"CommentAction","name":"Comment","target":["https:\/\/aconteceunovale.com.br\/portal\/?p=131642#respond"]}]},{"@type":"WebPage","@id":"https:\/\/aconteceunovale.com.br\/portal\/?p=131642","url":"https:\/\/aconteceunovale.com.br\/portal\/?p=131642","name":"Minist\u00e9rio P\u00fablico e parceiros implantar\u00e3o protocolo de atendimento da mulher em situa\u00e7\u00e3o de viol\u00eancia em Turmalina - Aconteceu no Vale","isPartOf":{"@id":"https:\/\/aconteceunovale.com.br\/portal\/#website"},"primaryImageOfPage":{"@id":"https:\/\/aconteceunovale.com.br\/portal\/?p=131642#primaryimage"},"image":{"@id":"https:\/\/aconteceunovale.com.br\/portal\/?p=131642#primaryimage"},"thumbnailUrl":"https:\/\/aconteceunovale.com.br\/portal\/wp-content\/uploads\/2015\/01\/turmalina_mg.jpg","datePublished":"2018-05-11T10:21:26+00:00","dateModified":"2026-09-02T16:51:32+00:00","author":{"@id":"https:\/\/aconteceunovale.com.br\/portal\/#\/schema\/person\/633529146f2c94272bef50ac2953d589"},"breadcrumb":{"@id":"https:\/\/aconteceunovale.com.br\/portal\/?p=131642#breadcrumb"},"inLanguage":"pt-BR","potentialAction":[{"@type":"ReadAction","target":["https:\/\/aconteceunovale.com.br\/portal\/?p=131642"]}]},{"@type":"ImageObject","inLanguage":"pt-BR","@id":"https:\/\/aconteceunovale.com.br\/portal\/?p=131642#primaryimage","url":"https:\/\/aconteceunovale.com.br\/portal\/wp-content\/uploads\/2015\/01\/turmalina_mg.jpg","contentUrl":"https:\/\/aconteceunovale.com.br\/portal\/wp-content\/uploads\/2015\/01\/turmalina_mg.jpg","width":678,"height":407},{"@type":"BreadcrumbList","@id":"https:\/\/aconteceunovale.com.br\/portal\/?p=131642#breadcrumb","itemListElement":[{"@type":"ListItem","position":1,"name":"In\u00edcio","item":"https:\/\/aconteceunovale.com.br\/portal\/"},{"@type":"ListItem","position":2,"name":"Minist\u00e9rio P\u00fablico e parceiros implantar\u00e3o protocolo de atendimento da mulher em situa\u00e7\u00e3o de viol\u00eancia em Turmalina"}]},{"@type":"WebSite","@id":"https:\/\/aconteceunovale.com.br\/portal\/#website","url":"https:\/\/aconteceunovale.com.br\/portal\/","name":"Aconteceu no Vale","description":"Portal de Not\u00edcias","potentialAction":[{"@type":"SearchAction","target":{"@type":"EntryPoint","urlTemplate":"https:\/\/aconteceunovale.com.br\/portal\/?s={search_term_string}"},"query-input":{"@type":"PropertyValueSpecification","valueRequired":true,"valueName":"search_term_string"}}],"inLanguage":"pt-BR"},{"@type":"Person","@id":"https:\/\/aconteceunovale.com.br\/portal\/#\/schema\/person\/633529146f2c94272bef50ac2953d589","name":"Aconteceu no Vale","description":"Equipe de reportagem do Aconteceu no Vale, portal de not\u00edcias do Vale do Jequitinhonha, em Minas Gerais. Cobrimos as 51 cidades do Vale desde 2013. Sugest\u00f5es de pauta e pedidos de corre\u00e7\u00e3o: contato@aconteceunovale.com.br","sameAs":["http:\/\/www.aconteceunovale.com.br"],"url":"https:\/\/aconteceunovale.com.br\/portal\/?author=1"}]}},"_links":{"self":[{"href":"https:\/\/aconteceunovale.com.br\/portal\/index.php?rest_route=\/wp\/v2\/posts\/131642","targetHints":{"allow":["GET"]}}],"collection":[{"href":"https:\/\/aconteceunovale.com.br\/portal\/index.php?rest_route=\/wp\/v2\/posts"}],"about":[{"href":"https:\/\/aconteceunovale.com.br\/portal\/index.php?rest_route=\/wp\/v2\/types\/post"}],"author":[{"embeddable":true,"href":"https:\/\/aconteceunovale.com.br\/portal\/index.php?rest_route=\/wp\/v2\/users\/1"}],"replies":[{"embeddable":true,"href":"https:\/\/aconteceunovale.com.br\/portal\/index.php?rest_route=%2Fwp%2Fv2%2Fcomments&post=131642"}],"version-history":[{"count":1,"href":"https:\/\/aconteceunovale.com.br\/portal\/index.php?rest_route=\/wp\/v2\/posts\/131642\/revisions"}],"predecessor-version":[{"id":201839,"href":"https:\/\/aconteceunovale.com.br\/portal\/index.php?rest_route=\/wp\/v2\/posts\/131642\/revisions\/201839"}],"wp:featuredmedia":[{"embeddable":true,"href":"https:\/\/aconteceunovale.com.br\/portal\/index.php?rest_route=\/wp\/v2\/media\/49523"}],"wp:attachment":[{"href":"https:\/\/aconteceunovale.com.br\/portal\/index.php?rest_route=%2Fwp%2Fv2%2Fmedia&parent=131642"}],"wp:term":[{"taxonomy":"category","embeddable":true,"href":"https:\/\/aconteceunovale.com.br\/portal\/index.php?rest_route=%2Fwp%2Fv2%2Fcategories&post=131642"},{"taxonomy":"post_tag","embeddable":true,"href":"https:\/\/aconteceunovale.com.br\/portal\/index.php?rest_route=%2Fwp%2Fv2%2Ftags&post=131642"}],"curies":[{"name":"wp","href":"https:\/\/api.w.org\/{rel}","templated":true}]}}