{"id":131622,"date":"2018-05-08T20:52:55","date_gmt":"2018-05-08T22:52:55","guid":{"rendered":"http:\/\/aconteceunovale.com.br\/portal\/?p=131622"},"modified":"2026-09-02T17:02:16","modified_gmt":"2026-09-02T20:02:16","slug":"vereador-de-medina-e-outras-oito-pessoas-sao-condenadas-por-trafico-de-drogas","status":"publish","type":"post","link":"https:\/\/aconteceunovale.com.br\/portal\/?p=131622","title":{"rendered":"Vereador de Medina \u00e9 condenado por tr\u00e1fico de drogas"},"content":{"rendered":"<p>O vereador Carlos Alberto Pereira Pardinho, da cidade de Medina, foi condenado a 15 anos e 6 meses de reclus\u00e3o em regime fechado por associa\u00e7\u00e3o e venda de drogas. Al\u00e9m dele, foram condenados Tiago Gomes Cardoso, Maicon Johnny Monteiro de Carvalho,  Leandro Rodrigues Jardim, Gabriel Alves Nunes, Giliard Cardoso Dutra, Nadson Aves de Almeida, Vanderlei Lopes Cardoso e J\u00falio Rafael Barbosa Sena.<\/p>\n<p>Segundo o Minist\u00e9rio P\u00fablico, o vereador e os outros oito denunciados vendiam e tinham em dep\u00f3sito drogas para fins de com\u00e9rcio na cidade de Itaobim e regi\u00e3o. A Pol\u00edcia Militar apurou, a partir de investiga\u00e7\u00f5es, den\u00fancias an\u00f4nimas e rastreamento de liga\u00e7\u00f5es telef\u00f4nicas, evid\u00eancias de trocas de informa\u00e7\u00e3o voltadas para a associa\u00e7\u00e3o para o tr\u00e1fico de drogas.<\/p>\n<p>A defesa buscou a absolvi\u00e7\u00e3o dos denunciados, alegando que as provas colhidas s\u00e3o fr\u00e1geis. O juiz Arnon Argolo Matos Rocha, no entanto, entendeu que os documentos presentes no processo demonstraram que os denunciados praticaram os delitos de tr\u00e1fico (associa\u00e7\u00e3o e venda) de drogas, fatos demonstrados na intercepta\u00e7\u00e3o telef\u00f4nica devidamente autorizada e nas declara\u00e7\u00f5es prestadas pelas testemunhas.<\/p>\n<p>Para o magistrado, a conduta criminosa do denunciado Carlos Alberto Pereira Pardinho est\u00e1 devidamente comprovada atrav\u00e9s das transcri\u00e7\u00f5es telef\u00f4nicas. A Pol\u00edcia Civil, quando do cumprimento de um mandado de busca e apreens\u00e3o e um mandado de pris\u00e3o tempor\u00e1ria, expedidos pelo Judici\u00e1rio, apreendeu drogas (2,03 g de maconha), 24 inv\u00f3lucros pl\u00e1sticos destinados ao armazenamento de drogas para o com\u00e9rcio e a quantia de R$ 1.817.<\/p>\n<p><span style=\"color: #ff0000;\"><a href=\"http:\/\/www4.tjmg.jus.br\/juridico\/sf\/proc_peca_movimentacao.jsp?id=28730186&#038;hash=6a625abf318ff10bcab19e9bf108befd\" target=\"_blank\"><span style=\"color: #ff0000;\">Clique aqui para ler a senten\u00e7a<\/span><\/a><\/span>.<\/p>\n<h4>Vereador mais votado<\/h4>\n<p>Carlos Alberto Pereira Pardinho, popularmente conhecido como Robert\u00e3o, de 50 anos, disputou as elei\u00e7\u00f5es 2016 pelo Partido da Social Democracia Brasileira (PSDB) e obteve 532 votos (4,42% dos v\u00e1lidos). Ele foi o candidato a vereador mais votado na cidade.<\/p>\n<p><strong>VER PRIMEIRO<\/strong><\/p>\n<p>Receba as not\u00edcias do Aconteceu no Vale em primeira m\u00e3o. Clique em curtir no endere\u00e7o <a href=\"https:\/\/www.facebook.com\/aconteceunovale\" target=\"_blank\"><font color=\"red\">www.facebook.com\/aconteceunovale<\/font><\/a> ou no box abaixo:<\/p>\n<div class=\"fb-like\" data-href=\"https:\/\/www.facebook.com\/aconteceunovale\" data-width=\"120\" data-layout=\"standard\" data-action=\"like\" data-size=\"small\" data-show-faces=\"true\" data-share=\"true\"><\/div>\n<p><\/br><\/p>\n<p><em>(Com informa\u00e7\u00f5es do TJMG e TSE)<\/em><\/p>\n","protected":false},"excerpt":{"rendered":"<p>O vereador Carlos Alberto Pereira Pardinho, da cidade de Medina, foi condenado a 15 anos e 6 meses de reclus\u00e3o em regime fechado por associa\u00e7\u00e3o e venda de drogas. Al\u00e9m dele, foram condenados Tiago Gomes Cardoso, Maicon Johnny Monteiro de Carvalho, Leandro Rodrigues Jardim, Gabriel Alves Nunes, Giliard Cardoso Dutra, Nadson Aves de Almeida, Vanderlei [&hellip;]<\/p>\n","protected":false},"author":1,"featured_media":120709,"comment_status":"open","ping_status":"closed","sticky":false,"template":"","format":"standard","meta":{"amp_status":"","footnotes":""},"categories":[272560,40240,120],"tags":[174074,174076,174109,174110,174113,174108,174107,389,174111,174106,73388,156639,174112,174075,174077,174105,174078],"class_list":["post-131622","post","type-post","status-publish","format-standard","has-post-thumbnail","hentry","category-medina","category-politica","category-jequi","tag-carlos-alberto-pereira-pardinho","tag-condenacao-de-vereador-em-medina","tag-gabriel-alves-nunes","tag-giliard-cardoso-dutra","tag-julio-rafael-barbosa-sena","tag-leandro-rodrigues-jardim","tag-maicon-johnny-monteiro-de-carvalho","tag-medina","tag-nadson-aves-de-almeida","tag-tiago-gomes-cardoso","tag-trafico-de-drogas-em-medina","tag-trafico-em-medina","tag-vanderlei-lopes-cardoso","tag-vereador-condenado-em-medina","tag-vereador-condenado-por-trafico-em-medina","tag-vereador-de-medina-e-condenado-por-trafico-de-drogas","tag-vereador-de-medina-e-outras-oito-pessoas-sao-condenadas-por-trafico-de-drogas"],"yoast_head":"<!-- This site is optimized with the Yoast SEO plugin v28.3 - https:\/\/yoast.com\/product\/yoast-seo-wordpress\/ -->\n<title>Vereador de Medina \u00e9 condenado por tr\u00e1fico de drogas - Aconteceu no Vale<\/title>\n<meta name=\"robots\" content=\"index, follow, max-snippet:-1, max-image-preview:large, max-video-preview:-1\" \/>\n<link rel=\"canonical\" href=\"https:\/\/aconteceunovale.com.br\/portal\/?p=131622\" \/>\n<meta property=\"og:locale\" content=\"pt_BR\" \/>\n<meta property=\"og:type\" content=\"article\" \/>\n<meta property=\"og:title\" content=\"Vereador de Medina \u00e9 condenado por tr\u00e1fico de drogas - Aconteceu no Vale\" \/>\n<meta property=\"og:description\" content=\"O vereador Carlos Alberto Pereira Pardinho, da cidade de Medina, foi condenado a 15 anos e 6 meses de reclus\u00e3o em regime fechado por associa\u00e7\u00e3o e venda de drogas. Al\u00e9m dele, foram condenados Tiago Gomes Cardoso, Maicon Johnny Monteiro de Carvalho, Leandro Rodrigues Jardim, Gabriel Alves Nunes, Giliard Cardoso Dutra, Nadson Aves de Almeida, Vanderlei [&hellip;]\" \/>\n<meta property=\"og:url\" content=\"https:\/\/aconteceunovale.com.br\/portal\/?p=131622\" \/>\n<meta property=\"og:site_name\" content=\"Aconteceu no Vale\" \/>\n<meta property=\"article:publisher\" content=\"https:\/\/www.facebook.com\/aconteceunovale\/\" \/>\n<meta property=\"article:published_time\" content=\"2018-05-08T22:52:55+00:00\" \/>\n<meta property=\"article:modified_time\" content=\"2026-09-02T20:02:16+00:00\" \/>\n<meta property=\"og:image\" content=\"https:\/\/aconteceunovale.com.br\/portal\/wp-content\/uploads\/2017\/08\/medina_mg.jpg\" \/>\n\t<meta property=\"og:image:width\" content=\"672\" \/>\n\t<meta property=\"og:image:height\" content=\"341\" \/>\n\t<meta property=\"og:image:type\" content=\"image\/jpeg\" \/>\n<meta name=\"author\" content=\"Aconteceu no Vale\" \/>\n<meta name=\"twitter:card\" content=\"summary_large_image\" \/>\n<meta name=\"twitter:creator\" content=\"@noticiadosvales\" \/>\n<meta name=\"twitter:site\" content=\"@noticiadosvales\" \/>\n<meta name=\"twitter:label1\" content=\"Escrito por\" \/>\n\t<meta name=\"twitter:data1\" content=\"Aconteceu no Vale\" \/>\n\t<meta name=\"twitter:label2\" content=\"Est. tempo de leitura\" \/>\n\t<meta name=\"twitter:data2\" content=\"2 minutos\" \/>\n<script type=\"application\/ld+json\" class=\"yoast-schema-graph\">{\"@context\":\"https:\\\/\\\/schema.org\",\"@graph\":[{\"@type\":\"Article\",\"@id\":\"https:\\\/\\\/aconteceunovale.com.br\\\/portal\\\/?p=131622#article\",\"isPartOf\":{\"@id\":\"https:\\\/\\\/aconteceunovale.com.br\\\/portal\\\/?p=131622\"},\"author\":{\"name\":\"Aconteceu no Vale\",\"@id\":\"https:\\\/\\\/aconteceunovale.com.br\\\/portal\\\/#\\\/schema\\\/person\\\/633529146f2c94272bef50ac2953d589\"},\"headline\":\"Vereador de Medina \u00e9 condenado por tr\u00e1fico de drogas\",\"datePublished\":\"2018-05-08T22:52:55+00:00\",\"dateModified\":\"2026-09-02T20:02:16+00:00\",\"mainEntityOfPage\":{\"@id\":\"https:\\\/\\\/aconteceunovale.com.br\\\/portal\\\/?p=131622\"},\"wordCount\":363,\"commentCount\":0,\"image\":{\"@id\":\"https:\\\/\\\/aconteceunovale.com.br\\\/portal\\\/?p=131622#primaryimage\"},\"thumbnailUrl\":\"https:\\\/\\\/aconteceunovale.com.br\\\/portal\\\/wp-content\\\/uploads\\\/2017\\\/08\\\/medina_mg.jpg\",\"keywords\":[\"Carlos Alberto Pereira Pardinho\",\"Condena\u00e7\u00e3o de vereador em Medina\",\"Gabriel Alves Nunes\",\"Giliard Cardoso Dutra\",\"J\u00falio Rafael Barbosa Sena\",\"Leandro Rodrigues Jardim\",\"Maicon Johnny Monteiro de Carvalho\",\"Medina\",\"Nadson Aves de Almeida\",\"Tiago Gomes Cardoso\",\"tr\u00e1fico de drogas em Medina\",\"Tr\u00e1fico em Medina\",\"Vanderlei Lopes Cardoso\",\"Vereador condenado em Medina\",\"Vereador condenado por tr\u00e1fico em Medina\",\"Vereador de Medina \u00e9 condenado por tr\u00e1fico de drogas\",\"Vereador de Medina e outras oito pessoas s\u00e3o condenadas por tr\u00e1fico de drogas\"],\"articleSection\":[\"Medina\",\"Pol\u00edtica\",\"Vale do Jequitinhonha\"],\"inLanguage\":\"pt-BR\",\"potentialAction\":[{\"@type\":\"CommentAction\",\"name\":\"Comment\",\"target\":[\"https:\\\/\\\/aconteceunovale.com.br\\\/portal\\\/?p=131622#respond\"]}]},{\"@type\":\"WebPage\",\"@id\":\"https:\\\/\\\/aconteceunovale.com.br\\\/portal\\\/?p=131622\",\"url\":\"https:\\\/\\\/aconteceunovale.com.br\\\/portal\\\/?p=131622\",\"name\":\"Vereador de Medina \u00e9 condenado por tr\u00e1fico de drogas - Aconteceu no Vale\",\"isPartOf\":{\"@id\":\"https:\\\/\\\/aconteceunovale.com.br\\\/portal\\\/#website\"},\"primaryImageOfPage\":{\"@id\":\"https:\\\/\\\/aconteceunovale.com.br\\\/portal\\\/?p=131622#primaryimage\"},\"image\":{\"@id\":\"https:\\\/\\\/aconteceunovale.com.br\\\/portal\\\/?p=131622#primaryimage\"},\"thumbnailUrl\":\"https:\\\/\\\/aconteceunovale.com.br\\\/portal\\\/wp-content\\\/uploads\\\/2017\\\/08\\\/medina_mg.jpg\",\"datePublished\":\"2018-05-08T22:52:55+00:00\",\"dateModified\":\"2026-09-02T20:02:16+00:00\",\"author\":{\"@id\":\"https:\\\/\\\/aconteceunovale.com.br\\\/portal\\\/#\\\/schema\\\/person\\\/633529146f2c94272bef50ac2953d589\"},\"breadcrumb\":{\"@id\":\"https:\\\/\\\/aconteceunovale.com.br\\\/portal\\\/?p=131622#breadcrumb\"},\"inLanguage\":\"pt-BR\",\"potentialAction\":[{\"@type\":\"ReadAction\",\"target\":[\"https:\\\/\\\/aconteceunovale.com.br\\\/portal\\\/?p=131622\"]}]},{\"@type\":\"ImageObject\",\"inLanguage\":\"pt-BR\",\"@id\":\"https:\\\/\\\/aconteceunovale.com.br\\\/portal\\\/?p=131622#primaryimage\",\"url\":\"https:\\\/\\\/aconteceunovale.com.br\\\/portal\\\/wp-content\\\/uploads\\\/2017\\\/08\\\/medina_mg.jpg\",\"contentUrl\":\"https:\\\/\\\/aconteceunovale.com.br\\\/portal\\\/wp-content\\\/uploads\\\/2017\\\/08\\\/medina_mg.jpg\",\"width\":672,\"height\":341},{\"@type\":\"BreadcrumbList\",\"@id\":\"https:\\\/\\\/aconteceunovale.com.br\\\/portal\\\/?p=131622#breadcrumb\",\"itemListElement\":[{\"@type\":\"ListItem\",\"position\":1,\"name\":\"In\u00edcio\",\"item\":\"https:\\\/\\\/aconteceunovale.com.br\\\/portal\\\/\"},{\"@type\":\"ListItem\",\"position\":2,\"name\":\"Vereador de Medina \u00e9 condenado por tr\u00e1fico de drogas\"}]},{\"@type\":\"WebSite\",\"@id\":\"https:\\\/\\\/aconteceunovale.com.br\\\/portal\\\/#website\",\"url\":\"https:\\\/\\\/aconteceunovale.com.br\\\/portal\\\/\",\"name\":\"Aconteceu no Vale\",\"description\":\"Portal de Not\u00edcias\",\"potentialAction\":[{\"@type\":\"SearchAction\",\"target\":{\"@type\":\"EntryPoint\",\"urlTemplate\":\"https:\\\/\\\/aconteceunovale.com.br\\\/portal\\\/?s={search_term_string}\"},\"query-input\":{\"@type\":\"PropertyValueSpecification\",\"valueRequired\":true,\"valueName\":\"search_term_string\"}}],\"inLanguage\":\"pt-BR\"},{\"@type\":\"Person\",\"@id\":\"https:\\\/\\\/aconteceunovale.com.br\\\/portal\\\/#\\\/schema\\\/person\\\/633529146f2c94272bef50ac2953d589\",\"name\":\"Aconteceu no Vale\",\"description\":\"Equipe de reportagem do Aconteceu no Vale, portal de not\u00edcias do Vale do Jequitinhonha, em Minas Gerais. Cobrimos as 51 cidades do Vale desde 2013. Sugest\u00f5es de pauta e pedidos de corre\u00e7\u00e3o: contato@aconteceunovale.com.br\",\"sameAs\":[\"http:\\\/\\\/www.aconteceunovale.com.br\"],\"url\":\"https:\\\/\\\/aconteceunovale.com.br\\\/portal\\\/?author=1\"}]}<\/script>\n<!-- \/ Yoast SEO plugin. -->","yoast_head_json":{"title":"Vereador de Medina \u00e9 condenado por tr\u00e1fico de drogas - Aconteceu no Vale","robots":{"index":"index","follow":"follow","max-snippet":"max-snippet:-1","max-image-preview":"max-image-preview:large","max-video-preview":"max-video-preview:-1"},"canonical":"https:\/\/aconteceunovale.com.br\/portal\/?p=131622","og_locale":"pt_BR","og_type":"article","og_title":"Vereador de Medina \u00e9 condenado por tr\u00e1fico de drogas - Aconteceu no Vale","og_description":"O vereador Carlos Alberto Pereira Pardinho, da cidade de Medina, foi condenado a 15 anos e 6 meses de reclus\u00e3o em regime fechado por associa\u00e7\u00e3o e venda de drogas. Al\u00e9m dele, foram condenados Tiago Gomes Cardoso, Maicon Johnny Monteiro de Carvalho, Leandro Rodrigues Jardim, Gabriel Alves Nunes, Giliard Cardoso Dutra, Nadson Aves de Almeida, Vanderlei [&hellip;]","og_url":"https:\/\/aconteceunovale.com.br\/portal\/?p=131622","og_site_name":"Aconteceu no Vale","article_publisher":"https:\/\/www.facebook.com\/aconteceunovale\/","article_published_time":"2018-05-08T22:52:55+00:00","article_modified_time":"2026-09-02T20:02:16+00:00","og_image":[{"width":672,"height":341,"url":"https:\/\/aconteceunovale.com.br\/portal\/wp-content\/uploads\/2017\/08\/medina_mg.jpg","type":"image\/jpeg"}],"author":"Aconteceu no Vale","twitter_card":"summary_large_image","twitter_creator":"@noticiadosvales","twitter_site":"@noticiadosvales","twitter_misc":{"Escrito por":"Aconteceu no Vale","Est. tempo de leitura":"2 minutos"},"schema":{"@context":"https:\/\/schema.org","@graph":[{"@type":"Article","@id":"https:\/\/aconteceunovale.com.br\/portal\/?p=131622#article","isPartOf":{"@id":"https:\/\/aconteceunovale.com.br\/portal\/?p=131622"},"author":{"name":"Aconteceu no Vale","@id":"https:\/\/aconteceunovale.com.br\/portal\/#\/schema\/person\/633529146f2c94272bef50ac2953d589"},"headline":"Vereador de Medina \u00e9 condenado por tr\u00e1fico de drogas","datePublished":"2018-05-08T22:52:55+00:00","dateModified":"2026-09-02T20:02:16+00:00","mainEntityOfPage":{"@id":"https:\/\/aconteceunovale.com.br\/portal\/?p=131622"},"wordCount":363,"commentCount":0,"image":{"@id":"https:\/\/aconteceunovale.com.br\/portal\/?p=131622#primaryimage"},"thumbnailUrl":"https:\/\/aconteceunovale.com.br\/portal\/wp-content\/uploads\/2017\/08\/medina_mg.jpg","keywords":["Carlos Alberto Pereira Pardinho","Condena\u00e7\u00e3o de vereador em Medina","Gabriel Alves Nunes","Giliard Cardoso Dutra","J\u00falio Rafael Barbosa Sena","Leandro Rodrigues Jardim","Maicon Johnny Monteiro de Carvalho","Medina","Nadson Aves de Almeida","Tiago Gomes Cardoso","tr\u00e1fico de drogas em Medina","Tr\u00e1fico em Medina","Vanderlei Lopes Cardoso","Vereador condenado em Medina","Vereador condenado por tr\u00e1fico em Medina","Vereador de Medina \u00e9 condenado por tr\u00e1fico de drogas","Vereador de Medina e outras oito pessoas s\u00e3o condenadas por tr\u00e1fico de drogas"],"articleSection":["Medina","Pol\u00edtica","Vale do Jequitinhonha"],"inLanguage":"pt-BR","potentialAction":[{"@type":"CommentAction","name":"Comment","target":["https:\/\/aconteceunovale.com.br\/portal\/?p=131622#respond"]}]},{"@type":"WebPage","@id":"https:\/\/aconteceunovale.com.br\/portal\/?p=131622","url":"https:\/\/aconteceunovale.com.br\/portal\/?p=131622","name":"Vereador de Medina \u00e9 condenado por tr\u00e1fico de drogas - Aconteceu no Vale","isPartOf":{"@id":"https:\/\/aconteceunovale.com.br\/portal\/#website"},"primaryImageOfPage":{"@id":"https:\/\/aconteceunovale.com.br\/portal\/?p=131622#primaryimage"},"image":{"@id":"https:\/\/aconteceunovale.com.br\/portal\/?p=131622#primaryimage"},"thumbnailUrl":"https:\/\/aconteceunovale.com.br\/portal\/wp-content\/uploads\/2017\/08\/medina_mg.jpg","datePublished":"2018-05-08T22:52:55+00:00","dateModified":"2026-09-02T20:02:16+00:00","author":{"@id":"https:\/\/aconteceunovale.com.br\/portal\/#\/schema\/person\/633529146f2c94272bef50ac2953d589"},"breadcrumb":{"@id":"https:\/\/aconteceunovale.com.br\/portal\/?p=131622#breadcrumb"},"inLanguage":"pt-BR","potentialAction":[{"@type":"ReadAction","target":["https:\/\/aconteceunovale.com.br\/portal\/?p=131622"]}]},{"@type":"ImageObject","inLanguage":"pt-BR","@id":"https:\/\/aconteceunovale.com.br\/portal\/?p=131622#primaryimage","url":"https:\/\/aconteceunovale.com.br\/portal\/wp-content\/uploads\/2017\/08\/medina_mg.jpg","contentUrl":"https:\/\/aconteceunovale.com.br\/portal\/wp-content\/uploads\/2017\/08\/medina_mg.jpg","width":672,"height":341},{"@type":"BreadcrumbList","@id":"https:\/\/aconteceunovale.com.br\/portal\/?p=131622#breadcrumb","itemListElement":[{"@type":"ListItem","position":1,"name":"In\u00edcio","item":"https:\/\/aconteceunovale.com.br\/portal\/"},{"@type":"ListItem","position":2,"name":"Vereador de Medina \u00e9 condenado por tr\u00e1fico de drogas"}]},{"@type":"WebSite","@id":"https:\/\/aconteceunovale.com.br\/portal\/#website","url":"https:\/\/aconteceunovale.com.br\/portal\/","name":"Aconteceu no Vale","description":"Portal de Not\u00edcias","potentialAction":[{"@type":"SearchAction","target":{"@type":"EntryPoint","urlTemplate":"https:\/\/aconteceunovale.com.br\/portal\/?s={search_term_string}"},"query-input":{"@type":"PropertyValueSpecification","valueRequired":true,"valueName":"search_term_string"}}],"inLanguage":"pt-BR"},{"@type":"Person","@id":"https:\/\/aconteceunovale.com.br\/portal\/#\/schema\/person\/633529146f2c94272bef50ac2953d589","name":"Aconteceu no Vale","description":"Equipe de reportagem do Aconteceu no Vale, portal de not\u00edcias do Vale do Jequitinhonha, em Minas Gerais. Cobrimos as 51 cidades do Vale desde 2013. Sugest\u00f5es de pauta e pedidos de corre\u00e7\u00e3o: contato@aconteceunovale.com.br","sameAs":["http:\/\/www.aconteceunovale.com.br"],"url":"https:\/\/aconteceunovale.com.br\/portal\/?author=1"}]}},"_links":{"self":[{"href":"https:\/\/aconteceunovale.com.br\/portal\/index.php?rest_route=\/wp\/v2\/posts\/131622","targetHints":{"allow":["GET"]}}],"collection":[{"href":"https:\/\/aconteceunovale.com.br\/portal\/index.php?rest_route=\/wp\/v2\/posts"}],"about":[{"href":"https:\/\/aconteceunovale.com.br\/portal\/index.php?rest_route=\/wp\/v2\/types\/post"}],"author":[{"embeddable":true,"href":"https:\/\/aconteceunovale.com.br\/portal\/index.php?rest_route=\/wp\/v2\/users\/1"}],"replies":[{"embeddable":true,"href":"https:\/\/aconteceunovale.com.br\/portal\/index.php?rest_route=%2Fwp%2Fv2%2Fcomments&post=131622"}],"version-history":[{"count":1,"href":"https:\/\/aconteceunovale.com.br\/portal\/index.php?rest_route=\/wp\/v2\/posts\/131622\/revisions"}],"predecessor-version":[{"id":202082,"href":"https:\/\/aconteceunovale.com.br\/portal\/index.php?rest_route=\/wp\/v2\/posts\/131622\/revisions\/202082"}],"wp:featuredmedia":[{"embeddable":true,"href":"https:\/\/aconteceunovale.com.br\/portal\/index.php?rest_route=\/wp\/v2\/media\/120709"}],"wp:attachment":[{"href":"https:\/\/aconteceunovale.com.br\/portal\/index.php?rest_route=%2Fwp%2Fv2%2Fmedia&parent=131622"}],"wp:term":[{"taxonomy":"category","embeddable":true,"href":"https:\/\/aconteceunovale.com.br\/portal\/index.php?rest_route=%2Fwp%2Fv2%2Fcategories&post=131622"},{"taxonomy":"post_tag","embeddable":true,"href":"https:\/\/aconteceunovale.com.br\/portal\/index.php?rest_route=%2Fwp%2Fv2%2Ftags&post=131622"}],"curies":[{"name":"wp","href":"https:\/\/api.w.org\/{rel}","templated":true}]}}