{"id":131620,"date":"2018-05-08T16:53:53","date_gmt":"2018-05-08T18:53:53","guid":{"rendered":"http:\/\/aconteceunovale.com.br\/portal\/?p=131620"},"modified":"2018-05-08T16:53:53","modified_gmt":"2018-05-08T18:53:53","slug":"ministro-do-supremo-envia-inquerito-contra-aecio-neves-para-primeira-instancia","status":"publish","type":"post","link":"https:\/\/aconteceunovale.com.br\/portal\/?p=131620","title":{"rendered":"Ministro do Supremo envia inqu\u00e9rito contra A\u00e9cio Neves para primeira inst\u00e2ncia"},"content":{"rendered":"<p>O ministro Alexandre de Moraes, do Supremo Tribunal Federal (STF), enviou um dos oito inqu\u00e9ritos contra o senador A\u00e9cio Neves (PSDB-MG) na Corte para a primeira inst\u00e2ncia da Justi\u00e7a de Minas Gerais.<\/p>\n<p>Trata-se da investiga\u00e7\u00e3o sobre desvios nas obras da Cidade Administrativa, sede do governo mineiro. O inqu\u00e9rito foi aberto com base na dela\u00e7\u00e3o premiado de executivos da empresa Odebrecht, que relataram o repasse de R$ 5,2 milh\u00f5es em propina ao parlamentar. O senador A\u00e9cio Neves ainda \u00e9 alvo de outros sete inqu\u00e9ritos no STF e figura como r\u00e9u em uma a\u00e7\u00e3o penal desdobramento da Lava Jato.<\/p>\n<p>Os crimes de corrup\u00e7\u00e3o teriam ocorrido a partir de 2007, quando A\u00e9cio era governador de Minas. Moraes aplicou a interpreta\u00e7\u00e3o mais restrita do foro privilegiado que foi firmada na pelo plen\u00e1rio do STF.<\/p>\n<p>Na semana passada, o plen\u00e1rio da Corte determinou que somente deveriam ser julgados no Supremo casos contra deputados e senadores envolvendo suspeitas de crimes cometidos durante e em rela\u00e7\u00e3o com o mandato.<\/p>\n<p>Quando o caso veio \u00e0 tona, a defesa de A\u00e9cio disse ser \u201cfalsa e absurda\u201d a acusa\u00e7\u00e3o de irregularidades nas obras da Cidade Administrativa e que todas as etapas da obra foram acompanhadas pelos \u00f3rg\u00e3os de fiscaliza\u00e7\u00e3o respons\u00e1veis.<\/p>\n<p><strong>Outros casos<\/strong><\/p>\n<p>Aplicando o mesmo entendimento sobre a restri\u00e7\u00e3o ao foro, Moraes enviou para inst\u00e2ncias inferiores outros cinco inqu\u00e9ritos e uma a\u00e7\u00e3o penal. Tais processos envolvem os deputados Roberto G\u00f3es (PDT-AP), Cesar Halum (PRB-TO), Carlos Henrique Amorim (DEM-TO), Luis Nishimori (PR-PR), Betinho Gomes (PSDB-PE), Rossoni (PSDB-PR) e Ricardo Teobaldo (Pode-PE).<\/p>\n<p><strong>VER PRIMEIRO<\/strong><\/p>\n<p>Receba as not\u00edcias do Aconteceu no Vale em primeira m\u00e3o. Clique em curtir no endere\u00e7o <a href=\"https:\/\/www.facebook.com\/aconteceunovale\" target=\"_blank\"><font color=\"red\">www.facebook.com\/aconteceunovale<\/font><\/a> ou no box abaixo:<\/p>\n<div class=\"fb-like\" data-href=\"https:\/\/www.facebook.com\/aconteceunovale\" data-width=\"120\" data-layout=\"standard\" data-action=\"like\" data-size=\"small\" data-show-faces=\"true\" data-share=\"true\"><\/div>\n<p><\/br><\/p>\n<p><em>(Fonte: Ag\u00eancia Brasil)<\/em><\/p>\n","protected":false},"excerpt":{"rendered":"<p>O ministro Alexandre de Moraes, do Supremo Tribunal Federal (STF), enviou um dos oito inqu\u00e9ritos contra o senador A\u00e9cio Neves (PSDB-MG) na Corte para a primeira inst\u00e2ncia da Justi\u00e7a de Minas Gerais. Trata-se da investiga\u00e7\u00e3o sobre desvios nas obras da Cidade Administrativa, sede do governo mineiro. O inqu\u00e9rito foi aberto com base na dela\u00e7\u00e3o premiado [&hellip;]<\/p>\n","protected":false},"author":1,"featured_media":122904,"comment_status":"open","ping_status":"closed","sticky":false,"template":"","format":"standard","meta":{"amp_status":"","footnotes":""},"categories":[6,123,40240],"tags":[172961,2728,35211,172960,99287,21883,151669,1018,83137,78303,78302,149610,149434,172784,27144,172392,173896,174073,85356,172785,92104,94940,171666,153038,173898,173899,154778,50854,173897,173900,28511,172934,172868,172393,28510],"class_list":["post-131620","post","type-post","status-publish","format-standard","has-post-thumbnail","hentry","category-br","category-gerais","category-politica","tag-aecio-diz-que-esta-tranquilo-e-provara-inocencia","tag-aecio-neves","tag-alexandre-de-moraes","tag-apos-virar-reu-no-supremo","tag-corrupcao-aecio-neves","tag-denuncia","tag-denuncia-contra-aecio-neves","tag-destaque","tag-foro-privilegiado","tag-investigacao-aecio-neves","tag-investigacao-contra-aecio-neves","tag-jf","tag-joesley-batista","tag-julgamento-de-denuncia-contra-aecio-neves","tag-lava-jato","tag-ministro-alexandre-de-moraes","tag-ministro-do-supremo-amplia-decisao-que-quebrou-sigilo-fiscal-de-aecio-neves","tag-ministro-do-supremo-envia-inquerito-contra-aecio-neves-para-primeira-instancia","tag-pgr","tag-pgr-reitera-pedido-para-que-supremo-receba-denuncia-contra-aecio-neves","tag-processo-aecio-neves","tag-processo-contra-aecio-neves","tag-procuradora-geral-da-republica","tag-psdb-mg","tag-quebra-de-sigilo-fiscal-de-aecio-neves","tag-quebra-sigilo-do-senador-aecio-neves","tag-raquel-dodge","tag-senador-aecio-neves","tag-sigilo-fiscal-de-aecio-neves","tag-sigilo-senador-aecio-neves","tag-stf","tag-stf-aceita-denuncia-contra-o-senador-aecio-neves-por-corrupcao-e-obstrucao-de-justica","tag-supremo-decide-nesta-terca-feira-se-aceita-denuncia-contra-aecio-neves","tag-supremo-marca-julgamento-de-denuncia-contra-aecio-neves","tag-supremo-tribunal-federal"],"yoast_head":"<!-- This site is optimized with the Yoast SEO plugin v28.3 - https:\/\/yoast.com\/product\/yoast-seo-wordpress\/ -->\n<title>Ministro do Supremo envia inqu\u00e9rito contra A\u00e9cio Neves para primeira inst\u00e2ncia - Aconteceu no Vale<\/title>\n<meta name=\"robots\" content=\"index, follow, max-snippet:-1, max-image-preview:large, max-video-preview:-1\" \/>\n<link rel=\"canonical\" href=\"https:\/\/aconteceunovale.com.br\/portal\/?p=131620\" \/>\n<meta property=\"og:locale\" content=\"pt_BR\" \/>\n<meta property=\"og:type\" content=\"article\" \/>\n<meta property=\"og:title\" content=\"Ministro do Supremo envia inqu\u00e9rito contra A\u00e9cio Neves para primeira inst\u00e2ncia - Aconteceu no Vale\" \/>\n<meta property=\"og:description\" content=\"O ministro Alexandre de Moraes, do Supremo Tribunal Federal (STF), enviou um dos oito inqu\u00e9ritos contra o senador A\u00e9cio Neves (PSDB-MG) na Corte para a primeira inst\u00e2ncia da Justi\u00e7a de Minas Gerais. Trata-se da investiga\u00e7\u00e3o sobre desvios nas obras da Cidade Administrativa, sede do governo mineiro. O inqu\u00e9rito foi aberto com base na dela\u00e7\u00e3o premiado [&hellip;]\" \/>\n<meta property=\"og:url\" content=\"https:\/\/aconteceunovale.com.br\/portal\/?p=131620\" \/>\n<meta property=\"og:site_name\" content=\"Aconteceu no Vale\" \/>\n<meta property=\"article:publisher\" content=\"https:\/\/www.facebook.com\/aconteceunovale\/\" \/>\n<meta property=\"article:published_time\" content=\"2018-05-08T18:53:53+00:00\" \/>\n<meta property=\"og:image\" content=\"https:\/\/aconteceunovale.com.br\/portal\/wp-content\/uploads\/2017\/10\/aecio_comemora.jpg\" \/>\n\t<meta property=\"og:image:width\" content=\"675\" \/>\n\t<meta property=\"og:image:height\" content=\"450\" \/>\n\t<meta property=\"og:image:type\" content=\"image\/jpeg\" \/>\n<meta name=\"author\" content=\"Aconteceu no Vale\" \/>\n<meta name=\"twitter:card\" content=\"summary_large_image\" \/>\n<meta name=\"twitter:creator\" content=\"@noticiadosvales\" \/>\n<meta name=\"twitter:site\" content=\"@noticiadosvales\" \/>\n<meta name=\"twitter:label1\" content=\"Escrito por\" \/>\n\t<meta name=\"twitter:data1\" content=\"Aconteceu no Vale\" \/>\n\t<meta name=\"twitter:label2\" content=\"Est. tempo de leitura\" \/>\n\t<meta name=\"twitter:data2\" content=\"2 minutos\" \/>\n<script type=\"application\/ld+json\" class=\"yoast-schema-graph\">{\"@context\":\"https:\\\/\\\/schema.org\",\"@graph\":[{\"@type\":\"Article\",\"@id\":\"https:\\\/\\\/aconteceunovale.com.br\\\/portal\\\/?p=131620#article\",\"isPartOf\":{\"@id\":\"https:\\\/\\\/aconteceunovale.com.br\\\/portal\\\/?p=131620\"},\"author\":{\"name\":\"Aconteceu no Vale\",\"@id\":\"https:\\\/\\\/aconteceunovale.com.br\\\/portal\\\/#\\\/schema\\\/person\\\/633529146f2c94272bef50ac2953d589\"},\"headline\":\"Ministro do Supremo envia inqu\u00e9rito contra A\u00e9cio Neves para primeira inst\u00e2ncia\",\"datePublished\":\"2018-05-08T18:53:53+00:00\",\"mainEntityOfPage\":{\"@id\":\"https:\\\/\\\/aconteceunovale.com.br\\\/portal\\\/?p=131620\"},\"wordCount\":320,\"commentCount\":0,\"image\":{\"@id\":\"https:\\\/\\\/aconteceunovale.com.br\\\/portal\\\/?p=131620#primaryimage\"},\"thumbnailUrl\":\"https:\\\/\\\/aconteceunovale.com.br\\\/portal\\\/wp-content\\\/uploads\\\/2017\\\/10\\\/aecio_comemora.jpg\",\"keywords\":[\"A\u00e9cio diz que est\u00e1 tranquilo e provar\u00e1 inoc\u00eancia\",\"A\u00e9cio Neves\",\"Alexandre de Moraes\",\"Ap\u00f3s virar r\u00e9u no Supremo\",\"Corrup\u00e7\u00e3o A\u00e9cio Neves\",\"den\u00fancia\",\"Den\u00fancia contra A\u00e9cio Neves\",\"destaque\",\"foro privilegiado\",\"investiga\u00e7\u00e3o A\u00e9cio Neves\",\"investiga\u00e7\u00e3o contra A\u00e9cio Neves\",\"J&amp;F\",\"Joesley Batista\",\"Julgamento de den\u00fancia contra A\u00e9cio Neves\",\"Lava Jato\",\"Ministro Alexandre de Moraes\",\"Ministro do Supremo amplia decis\u00e3o que quebrou sigilo fiscal de A\u00e9cio Neves\",\"Ministro do Supremo envia inqu\u00e9rito contra A\u00e9cio Neves para primeira inst\u00e2ncia\",\"PGR\",\"PGR reitera pedido para que Supremo receba den\u00fancia contra A\u00e9cio Neves\",\"Processo A\u00e9cio Neves\",\"Processo contra A\u00e9cio Neves\",\"Procuradora-geral da Rep\u00fablica\",\"PSDB-MG\",\"Quebra de sigilo fiscal de A\u00e9cio Neves\",\"Quebra sigilo do senador A\u00e9cio Neves\",\"Raquel Dodge\",\"senador A\u00e9cio Neves\",\"Sigilo fiscal de A\u00e9cio Neves\",\"Sigilo senador A\u00e9cio Neves\",\"STF\",\"STF aceita den\u00fancia contra o senador A\u00e9cio Neves por corrup\u00e7\u00e3o e obstru\u00e7\u00e3o de Justi\u00e7a\",\"Supremo decide nesta ter\u00e7a-feira se aceita den\u00fancia contra A\u00e9cio Neves\",\"Supremo marca julgamento de den\u00fancia contra A\u00e9cio Neves\",\"Supremo Tribunal Federal\"],\"articleSection\":[\"Brasil\",\"Minas Gerais\",\"Pol\u00edtica\"],\"inLanguage\":\"pt-BR\",\"potentialAction\":[{\"@type\":\"CommentAction\",\"name\":\"Comment\",\"target\":[\"https:\\\/\\\/aconteceunovale.com.br\\\/portal\\\/?p=131620#respond\"]}]},{\"@type\":\"WebPage\",\"@id\":\"https:\\\/\\\/aconteceunovale.com.br\\\/portal\\\/?p=131620\",\"url\":\"https:\\\/\\\/aconteceunovale.com.br\\\/portal\\\/?p=131620\",\"name\":\"Ministro do Supremo envia inqu\u00e9rito contra A\u00e9cio Neves para primeira inst\u00e2ncia - Aconteceu no Vale\",\"isPartOf\":{\"@id\":\"https:\\\/\\\/aconteceunovale.com.br\\\/portal\\\/#website\"},\"primaryImageOfPage\":{\"@id\":\"https:\\\/\\\/aconteceunovale.com.br\\\/portal\\\/?p=131620#primaryimage\"},\"image\":{\"@id\":\"https:\\\/\\\/aconteceunovale.com.br\\\/portal\\\/?p=131620#primaryimage\"},\"thumbnailUrl\":\"https:\\\/\\\/aconteceunovale.com.br\\\/portal\\\/wp-content\\\/uploads\\\/2017\\\/10\\\/aecio_comemora.jpg\",\"datePublished\":\"2018-05-08T18:53:53+00:00\",\"author\":{\"@id\":\"https:\\\/\\\/aconteceunovale.com.br\\\/portal\\\/#\\\/schema\\\/person\\\/633529146f2c94272bef50ac2953d589\"},\"breadcrumb\":{\"@id\":\"https:\\\/\\\/aconteceunovale.com.br\\\/portal\\\/?p=131620#breadcrumb\"},\"inLanguage\":\"pt-BR\",\"potentialAction\":[{\"@type\":\"ReadAction\",\"target\":[\"https:\\\/\\\/aconteceunovale.com.br\\\/portal\\\/?p=131620\"]}]},{\"@type\":\"ImageObject\",\"inLanguage\":\"pt-BR\",\"@id\":\"https:\\\/\\\/aconteceunovale.com.br\\\/portal\\\/?p=131620#primaryimage\",\"url\":\"https:\\\/\\\/aconteceunovale.com.br\\\/portal\\\/wp-content\\\/uploads\\\/2017\\\/10\\\/aecio_comemora.jpg\",\"contentUrl\":\"https:\\\/\\\/aconteceunovale.com.br\\\/portal\\\/wp-content\\\/uploads\\\/2017\\\/10\\\/aecio_comemora.jpg\",\"width\":675,\"height\":450},{\"@type\":\"BreadcrumbList\",\"@id\":\"https:\\\/\\\/aconteceunovale.com.br\\\/portal\\\/?p=131620#breadcrumb\",\"itemListElement\":[{\"@type\":\"ListItem\",\"position\":1,\"name\":\"In\u00edcio\",\"item\":\"https:\\\/\\\/aconteceunovale.com.br\\\/portal\\\/\"},{\"@type\":\"ListItem\",\"position\":2,\"name\":\"Ministro do Supremo envia inqu\u00e9rito contra A\u00e9cio Neves para primeira inst\u00e2ncia\"}]},{\"@type\":\"WebSite\",\"@id\":\"https:\\\/\\\/aconteceunovale.com.br\\\/portal\\\/#website\",\"url\":\"https:\\\/\\\/aconteceunovale.com.br\\\/portal\\\/\",\"name\":\"Aconteceu no Vale\",\"description\":\"Portal de Not\u00edcias\",\"potentialAction\":[{\"@type\":\"SearchAction\",\"target\":{\"@type\":\"EntryPoint\",\"urlTemplate\":\"https:\\\/\\\/aconteceunovale.com.br\\\/portal\\\/?s={search_term_string}\"},\"query-input\":{\"@type\":\"PropertyValueSpecification\",\"valueRequired\":true,\"valueName\":\"search_term_string\"}}],\"inLanguage\":\"pt-BR\"},{\"@type\":\"Person\",\"@id\":\"https:\\\/\\\/aconteceunovale.com.br\\\/portal\\\/#\\\/schema\\\/person\\\/633529146f2c94272bef50ac2953d589\",\"name\":\"Aconteceu no Vale\",\"description\":\"Equipe de reportagem do Aconteceu no Vale, portal de not\u00edcias do Vale do Jequitinhonha, em Minas Gerais. Cobrimos as 51 cidades do Vale desde 2013. Sugest\u00f5es de pauta e pedidos de corre\u00e7\u00e3o: contato@aconteceunovale.com.br\",\"sameAs\":[\"http:\\\/\\\/www.aconteceunovale.com.br\"],\"url\":\"https:\\\/\\\/aconteceunovale.com.br\\\/portal\\\/?author=1\"}]}<\/script>\n<!-- \/ Yoast SEO plugin. -->","yoast_head_json":{"title":"Ministro do Supremo envia inqu\u00e9rito contra A\u00e9cio Neves para primeira inst\u00e2ncia - Aconteceu no Vale","robots":{"index":"index","follow":"follow","max-snippet":"max-snippet:-1","max-image-preview":"max-image-preview:large","max-video-preview":"max-video-preview:-1"},"canonical":"https:\/\/aconteceunovale.com.br\/portal\/?p=131620","og_locale":"pt_BR","og_type":"article","og_title":"Ministro do Supremo envia inqu\u00e9rito contra A\u00e9cio Neves para primeira inst\u00e2ncia - Aconteceu no Vale","og_description":"O ministro Alexandre de Moraes, do Supremo Tribunal Federal (STF), enviou um dos oito inqu\u00e9ritos contra o senador A\u00e9cio Neves (PSDB-MG) na Corte para a primeira inst\u00e2ncia da Justi\u00e7a de Minas Gerais. Trata-se da investiga\u00e7\u00e3o sobre desvios nas obras da Cidade Administrativa, sede do governo mineiro. O inqu\u00e9rito foi aberto com base na dela\u00e7\u00e3o premiado [&hellip;]","og_url":"https:\/\/aconteceunovale.com.br\/portal\/?p=131620","og_site_name":"Aconteceu no Vale","article_publisher":"https:\/\/www.facebook.com\/aconteceunovale\/","article_published_time":"2018-05-08T18:53:53+00:00","og_image":[{"width":675,"height":450,"url":"https:\/\/aconteceunovale.com.br\/portal\/wp-content\/uploads\/2017\/10\/aecio_comemora.jpg","type":"image\/jpeg"}],"author":"Aconteceu no Vale","twitter_card":"summary_large_image","twitter_creator":"@noticiadosvales","twitter_site":"@noticiadosvales","twitter_misc":{"Escrito por":"Aconteceu no Vale","Est. tempo de leitura":"2 minutos"},"schema":{"@context":"https:\/\/schema.org","@graph":[{"@type":"Article","@id":"https:\/\/aconteceunovale.com.br\/portal\/?p=131620#article","isPartOf":{"@id":"https:\/\/aconteceunovale.com.br\/portal\/?p=131620"},"author":{"name":"Aconteceu no Vale","@id":"https:\/\/aconteceunovale.com.br\/portal\/#\/schema\/person\/633529146f2c94272bef50ac2953d589"},"headline":"Ministro do Supremo envia inqu\u00e9rito contra A\u00e9cio Neves para primeira inst\u00e2ncia","datePublished":"2018-05-08T18:53:53+00:00","mainEntityOfPage":{"@id":"https:\/\/aconteceunovale.com.br\/portal\/?p=131620"},"wordCount":320,"commentCount":0,"image":{"@id":"https:\/\/aconteceunovale.com.br\/portal\/?p=131620#primaryimage"},"thumbnailUrl":"https:\/\/aconteceunovale.com.br\/portal\/wp-content\/uploads\/2017\/10\/aecio_comemora.jpg","keywords":["A\u00e9cio diz que est\u00e1 tranquilo e provar\u00e1 inoc\u00eancia","A\u00e9cio Neves","Alexandre de Moraes","Ap\u00f3s virar r\u00e9u no Supremo","Corrup\u00e7\u00e3o A\u00e9cio Neves","den\u00fancia","Den\u00fancia contra A\u00e9cio Neves","destaque","foro privilegiado","investiga\u00e7\u00e3o A\u00e9cio Neves","investiga\u00e7\u00e3o contra A\u00e9cio Neves","J&amp;F","Joesley Batista","Julgamento de den\u00fancia contra A\u00e9cio Neves","Lava Jato","Ministro Alexandre de Moraes","Ministro do Supremo amplia decis\u00e3o que quebrou sigilo fiscal de A\u00e9cio Neves","Ministro do Supremo envia inqu\u00e9rito contra A\u00e9cio Neves para primeira inst\u00e2ncia","PGR","PGR reitera pedido para que Supremo receba den\u00fancia contra A\u00e9cio Neves","Processo A\u00e9cio Neves","Processo contra A\u00e9cio Neves","Procuradora-geral da Rep\u00fablica","PSDB-MG","Quebra de sigilo fiscal de A\u00e9cio Neves","Quebra sigilo do senador A\u00e9cio Neves","Raquel Dodge","senador A\u00e9cio Neves","Sigilo fiscal de A\u00e9cio Neves","Sigilo senador A\u00e9cio Neves","STF","STF aceita den\u00fancia contra o senador A\u00e9cio Neves por corrup\u00e7\u00e3o e obstru\u00e7\u00e3o de Justi\u00e7a","Supremo decide nesta ter\u00e7a-feira se aceita den\u00fancia contra A\u00e9cio Neves","Supremo marca julgamento de den\u00fancia contra A\u00e9cio Neves","Supremo Tribunal Federal"],"articleSection":["Brasil","Minas Gerais","Pol\u00edtica"],"inLanguage":"pt-BR","potentialAction":[{"@type":"CommentAction","name":"Comment","target":["https:\/\/aconteceunovale.com.br\/portal\/?p=131620#respond"]}]},{"@type":"WebPage","@id":"https:\/\/aconteceunovale.com.br\/portal\/?p=131620","url":"https:\/\/aconteceunovale.com.br\/portal\/?p=131620","name":"Ministro do Supremo envia inqu\u00e9rito contra A\u00e9cio Neves para primeira inst\u00e2ncia - Aconteceu no Vale","isPartOf":{"@id":"https:\/\/aconteceunovale.com.br\/portal\/#website"},"primaryImageOfPage":{"@id":"https:\/\/aconteceunovale.com.br\/portal\/?p=131620#primaryimage"},"image":{"@id":"https:\/\/aconteceunovale.com.br\/portal\/?p=131620#primaryimage"},"thumbnailUrl":"https:\/\/aconteceunovale.com.br\/portal\/wp-content\/uploads\/2017\/10\/aecio_comemora.jpg","datePublished":"2018-05-08T18:53:53+00:00","author":{"@id":"https:\/\/aconteceunovale.com.br\/portal\/#\/schema\/person\/633529146f2c94272bef50ac2953d589"},"breadcrumb":{"@id":"https:\/\/aconteceunovale.com.br\/portal\/?p=131620#breadcrumb"},"inLanguage":"pt-BR","potentialAction":[{"@type":"ReadAction","target":["https:\/\/aconteceunovale.com.br\/portal\/?p=131620"]}]},{"@type":"ImageObject","inLanguage":"pt-BR","@id":"https:\/\/aconteceunovale.com.br\/portal\/?p=131620#primaryimage","url":"https:\/\/aconteceunovale.com.br\/portal\/wp-content\/uploads\/2017\/10\/aecio_comemora.jpg","contentUrl":"https:\/\/aconteceunovale.com.br\/portal\/wp-content\/uploads\/2017\/10\/aecio_comemora.jpg","width":675,"height":450},{"@type":"BreadcrumbList","@id":"https:\/\/aconteceunovale.com.br\/portal\/?p=131620#breadcrumb","itemListElement":[{"@type":"ListItem","position":1,"name":"In\u00edcio","item":"https:\/\/aconteceunovale.com.br\/portal\/"},{"@type":"ListItem","position":2,"name":"Ministro do Supremo envia inqu\u00e9rito contra A\u00e9cio Neves para primeira inst\u00e2ncia"}]},{"@type":"WebSite","@id":"https:\/\/aconteceunovale.com.br\/portal\/#website","url":"https:\/\/aconteceunovale.com.br\/portal\/","name":"Aconteceu no Vale","description":"Portal de Not\u00edcias","potentialAction":[{"@type":"SearchAction","target":{"@type":"EntryPoint","urlTemplate":"https:\/\/aconteceunovale.com.br\/portal\/?s={search_term_string}"},"query-input":{"@type":"PropertyValueSpecification","valueRequired":true,"valueName":"search_term_string"}}],"inLanguage":"pt-BR"},{"@type":"Person","@id":"https:\/\/aconteceunovale.com.br\/portal\/#\/schema\/person\/633529146f2c94272bef50ac2953d589","name":"Aconteceu no Vale","description":"Equipe de reportagem do Aconteceu no Vale, portal de not\u00edcias do Vale do Jequitinhonha, em Minas Gerais. Cobrimos as 51 cidades do Vale desde 2013. Sugest\u00f5es de pauta e pedidos de corre\u00e7\u00e3o: contato@aconteceunovale.com.br","sameAs":["http:\/\/www.aconteceunovale.com.br"],"url":"https:\/\/aconteceunovale.com.br\/portal\/?author=1"}]}},"_links":{"self":[{"href":"https:\/\/aconteceunovale.com.br\/portal\/index.php?rest_route=\/wp\/v2\/posts\/131620","targetHints":{"allow":["GET"]}}],"collection":[{"href":"https:\/\/aconteceunovale.com.br\/portal\/index.php?rest_route=\/wp\/v2\/posts"}],"about":[{"href":"https:\/\/aconteceunovale.com.br\/portal\/index.php?rest_route=\/wp\/v2\/types\/post"}],"author":[{"embeddable":true,"href":"https:\/\/aconteceunovale.com.br\/portal\/index.php?rest_route=\/wp\/v2\/users\/1"}],"replies":[{"embeddable":true,"href":"https:\/\/aconteceunovale.com.br\/portal\/index.php?rest_route=%2Fwp%2Fv2%2Fcomments&post=131620"}],"version-history":[{"count":0,"href":"https:\/\/aconteceunovale.com.br\/portal\/index.php?rest_route=\/wp\/v2\/posts\/131620\/revisions"}],"wp:featuredmedia":[{"embeddable":true,"href":"https:\/\/aconteceunovale.com.br\/portal\/index.php?rest_route=\/wp\/v2\/media\/122904"}],"wp:attachment":[{"href":"https:\/\/aconteceunovale.com.br\/portal\/index.php?rest_route=%2Fwp%2Fv2%2Fmedia&parent=131620"}],"wp:term":[{"taxonomy":"category","embeddable":true,"href":"https:\/\/aconteceunovale.com.br\/portal\/index.php?rest_route=%2Fwp%2Fv2%2Fcategories&post=131620"},{"taxonomy":"post_tag","embeddable":true,"href":"https:\/\/aconteceunovale.com.br\/portal\/index.php?rest_route=%2Fwp%2Fv2%2Ftags&post=131620"}],"curies":[{"name":"wp","href":"https:\/\/api.w.org\/{rel}","templated":true}]}}