{"id":131613,"date":"2018-05-08T09:19:58","date_gmt":"2018-05-08T11:19:58","guid":{"rendered":"http:\/\/aconteceunovale.com.br\/portal\/?p=131613"},"modified":"2018-05-08T11:36:04","modified_gmt":"2018-05-08T13:36:04","slug":"estudante-minasnovense-esta-na-final-de-concurso-que-selecionara-a-identidade-visual-da-snct-2018","status":"publish","type":"post","link":"https:\/\/aconteceunovale.com.br\/portal\/?p=131613","title":{"rendered":"Estudante minasnovense est\u00e1 na final de concurso que selecionar\u00e1 a identidade visual da SNCT 2018"},"content":{"rendered":"<p>A estudante do Curso T\u00e9cnico em Agropecu\u00e1ria do Campus S\u00e3o Jo\u00e3o Evangelista do Instituto Federal de Minas Gerais (IFMG), N\u00e1thali Benigna Martins Ramalho, de 17 anos, \u00e9 a \u00fanica mineira na disputa final do concurso que selecionar\u00e1 a identidade visual da Semana Nacional de Ci\u00eancia e Tecnologia (SNCT) 2018. A marca elaborada por N\u00e1thali est\u00e1 concorrendo com outros nove desenhos de v\u00e1rios Estados. A seletiva faz parte do II Concurso de Desenhos promovido pelo Museu Itinerante Ponto da Universidade Federal de Minas Gerais (UFMG).<\/p>\n<p>Natural do distrito de Lagoa Grande, no munic\u00edpio de Minas Novas, N\u00e1thali \u00e9 a autora do desenho E. Para votar \u00e9 muito f\u00e1cil, basta <span style=\"color: #ff0000;\"><a href=\"https:\/\/docs.google.com\/forms\/d\/e\/1FAIpQLScX3fxoafUCXv2FDMhS2pcSbizDQRuVfGjOp22HPZ4M7K7sJQ\/viewform\" target=\"_blank\"><span style=\"color: #ff0000;\">acessar o link do concurso (dispon\u00edvel aqui) e clicar na marca desenvolvida pela minasnovense<\/span><\/a><\/span>. Em seguida, ser\u00e1 necess\u00e1rio preencher um formul\u00e1rio com seus dados para confirmar o voto.<\/p>\n<p>Caso seja vencedora do concurso, N\u00e1thali ser\u00e1 premiada com uma viagem para participar da cerim\u00f4nia de abertura da SNCT 2018, em Bras\u00edlia, com direito a um acompanhante. Ela tamb\u00e9m receber\u00e1 um notebook, um kit cient\u00edfico e certificado de participa\u00e7\u00e3o.<\/p>\n<p>Ser\u00e1 computado apenas um voto por CPF. Saiba mais em <span style=\"color: #ff0000;\"><a href=\"http:\/\/museu.cp.ufmg.br\" target=\"_blank\"><span style=\"color: #ff0000;\">http:\/\/museu.cp.ufmg.br<\/span><\/a><\/span>.<\/p>\n<p><img decoding=\"async\" src=\"http:\/\/aconteceunovale.com.br\/portal\/wp-content\/uploads\/2018\/05\/estudante_mn_concurso.png\" alt=\"\" \/><em>N\u00e1thali e a marca desenvolvida por ela (Foto: Montagem\/Aconteceu no Vale)<\/em><br \/>\n<\/br><\/p>\n<p><strong>VER PRIMEIRO<\/strong><\/p>\n<p>Receba as not\u00edcias do Aconteceu no Vale em primeira m\u00e3o. Clique em curtir no endere\u00e7o <a href=\"https:\/\/www.facebook.com\/aconteceunovale\" target=\"_blank\"><font color=\"red\">www.facebook.com\/aconteceunovale<\/font><\/a> ou no box abaixo:<\/p>\n<div class=\"fb-like\" data-href=\"https:\/\/www.facebook.com\/aconteceunovale\" data-width=\"120\" data-layout=\"standard\" data-action=\"like\" data-size=\"small\" data-show-faces=\"true\" data-share=\"true\"><\/div>\n<p><\/br><\/p>\n","protected":false},"excerpt":{"rendered":"<p>A estudante do Curso T\u00e9cnico em Agropecu\u00e1ria do Campus S\u00e3o Jo\u00e3o Evangelista do Instituto Federal de Minas Gerais (IFMG), N\u00e1thali Benigna Martins Ramalho, de 17 anos, \u00e9 a \u00fanica mineira na disputa final do concurso que selecionar\u00e1 a identidade visual da Semana Nacional de Ci\u00eancia e Tecnologia (SNCT) 2018. A marca elaborada por N\u00e1thali est\u00e1 [&hellip;]<\/p>\n","protected":false},"author":1,"featured_media":131614,"comment_status":"open","ping_status":"closed","sticky":false,"template":"","format":"standard","meta":{"amp_status":"","footnotes":""},"categories":[6,40238,123],"tags":[174062,174052,174061,25376,174043,174042,174045,174044,174047,174049,174060,174057,174053,174041,174063,174054,14684,174059,174058,160,15519,174048,174055,137,174050,174064,174056,94340,110094,1104,174046,174051,221,874],"class_list":["post-131613","post","type-post","status-publish","format-standard","has-post-thumbnail","hentry","category-br","category-educacao-2","category-gerais","tag-adriel-santana","tag-aline-hesley-silva-souza","tag-anan-beatriz-godim","tag-colatina","tag-concurso-de-desenhos-museu-ponto-ufmg","tag-concurso-de-desenhos-para-escolha-da-identidade-visual-da-semana-nacional-de-ciencia-e-tecnologia-2018","tag-concurso-de-desenhos-snct-2018","tag-concurso-de-desenhos-ufmg","tag-concurso-semana-nacional-de-ciencia-e-tecnologia-2018","tag-curso-tecnico-em-agropecuaria-do-campus-sao-joao-evangelista-do-instituto-federal-de-minas-gerais","tag-daniele-carnauba-goncalves","tag-eduarda-macao","tag-esther-magri","tag-estudante-minasnovense-e-a-unica-mineira-na-final-do-concurso-que-selecionara-a-identidade-visual-da-snct-2018","tag-estudante-minasnovense-esta-na-final-de-concurso-que-selecionara-a-identidade-visual-da-snct-2018","tag-fernando-luiz-souza","tag-fortaleza","tag-guiratinga","tag-helen-de-souza","tag-ifmg","tag-lagoa-grande","tag-logomarca-semana-nacional-de-ciencia-e-tecnologia-2018","tag-maria-paula-da-silva-santos","tag-minas-novas","tag-nathali-benigna-martins-carvalho","tag-nathali-benigna-martins-ramalho","tag-nazare-paulista","tag-nova-venecia","tag-pinheiro","tag-rio-de-janeiro","tag-semana-nacional-de-ciencia-e-tecnologia-2018","tag-snct-2018","tag-uberlandia","tag-ufmg"],"yoast_head":"<!-- This site is optimized with the Yoast SEO plugin v28.3 - https:\/\/yoast.com\/product\/yoast-seo-wordpress\/ -->\n<title>Estudante minasnovense est\u00e1 na final de concurso que selecionar\u00e1 a identidade visual da SNCT 2018 - Aconteceu no Vale<\/title>\n<meta name=\"robots\" content=\"index, follow, max-snippet:-1, max-image-preview:large, max-video-preview:-1\" \/>\n<link rel=\"canonical\" href=\"https:\/\/aconteceunovale.com.br\/portal\/?p=131613\" \/>\n<meta property=\"og:locale\" content=\"pt_BR\" \/>\n<meta property=\"og:type\" content=\"article\" \/>\n<meta property=\"og:title\" content=\"Estudante minasnovense est\u00e1 na final de concurso que selecionar\u00e1 a identidade visual da SNCT 2018 - Aconteceu no Vale\" \/>\n<meta property=\"og:description\" content=\"A estudante do Curso T\u00e9cnico em Agropecu\u00e1ria do Campus S\u00e3o Jo\u00e3o Evangelista do Instituto Federal de Minas Gerais (IFMG), N\u00e1thali Benigna Martins Ramalho, de 17 anos, \u00e9 a \u00fanica mineira na disputa final do concurso que selecionar\u00e1 a identidade visual da Semana Nacional de Ci\u00eancia e Tecnologia (SNCT) 2018. A marca elaborada por N\u00e1thali est\u00e1 [&hellip;]\" \/>\n<meta property=\"og:url\" content=\"https:\/\/aconteceunovale.com.br\/portal\/?p=131613\" \/>\n<meta property=\"og:site_name\" content=\"Aconteceu no Vale\" \/>\n<meta property=\"article:publisher\" content=\"https:\/\/www.facebook.com\/aconteceunovale\/\" \/>\n<meta property=\"article:published_time\" content=\"2018-05-08T11:19:58+00:00\" \/>\n<meta property=\"article:modified_time\" content=\"2018-05-08T13:36:04+00:00\" \/>\n<meta property=\"og:image\" content=\"https:\/\/aconteceunovale.com.br\/portal\/wp-content\/uploads\/2018\/05\/estudante_mn_concurso.png\" \/>\n\t<meta property=\"og:image:width\" content=\"664\" \/>\n\t<meta property=\"og:image:height\" content=\"450\" \/>\n\t<meta property=\"og:image:type\" content=\"image\/png\" \/>\n<meta name=\"author\" content=\"Aconteceu no Vale\" \/>\n<meta name=\"twitter:card\" content=\"summary_large_image\" \/>\n<meta name=\"twitter:creator\" content=\"@noticiadosvales\" \/>\n<meta name=\"twitter:site\" content=\"@noticiadosvales\" \/>\n<meta name=\"twitter:label1\" content=\"Escrito por\" \/>\n\t<meta name=\"twitter:data1\" content=\"Aconteceu no Vale\" \/>\n\t<meta name=\"twitter:label2\" content=\"Est. tempo de leitura\" \/>\n\t<meta name=\"twitter:data2\" content=\"1 minuto\" \/>\n<script type=\"application\/ld+json\" class=\"yoast-schema-graph\">{\"@context\":\"https:\\\/\\\/schema.org\",\"@graph\":[{\"@type\":\"Article\",\"@id\":\"https:\\\/\\\/aconteceunovale.com.br\\\/portal\\\/?p=131613#article\",\"isPartOf\":{\"@id\":\"https:\\\/\\\/aconteceunovale.com.br\\\/portal\\\/?p=131613\"},\"author\":{\"name\":\"Aconteceu no Vale\",\"@id\":\"https:\\\/\\\/aconteceunovale.com.br\\\/portal\\\/#\\\/schema\\\/person\\\/633529146f2c94272bef50ac2953d589\"},\"headline\":\"Estudante minasnovense est\u00e1 na final de concurso que selecionar\u00e1 a identidade visual da SNCT 2018\",\"datePublished\":\"2018-05-08T11:19:58+00:00\",\"dateModified\":\"2018-05-08T13:36:04+00:00\",\"mainEntityOfPage\":{\"@id\":\"https:\\\/\\\/aconteceunovale.com.br\\\/portal\\\/?p=131613\"},\"wordCount\":259,\"commentCount\":1,\"image\":{\"@id\":\"https:\\\/\\\/aconteceunovale.com.br\\\/portal\\\/?p=131613#primaryimage\"},\"thumbnailUrl\":\"https:\\\/\\\/aconteceunovale.com.br\\\/portal\\\/wp-content\\\/uploads\\\/2018\\\/05\\\/estudante_mn_concurso.png\",\"keywords\":[\"Adriel Sant'ana\",\"Aline Hesley Silva Souza\",\"Anan Beatriz Godim\",\"Colatina\",\"Concurso de Desenhos Museu Ponto UFMG\",\"Concurso de Desenhos para escolha da identidade visual da Semana Nacional de Ci\u00eancia e Tecnologia 2018\",\"Concurso de Desenhos SNCT 2018\",\"Concurso de Desenhos UFMG\",\"Concurso Semana Nacional de Ci\u00eancia e Tecnologia 2018\",\"Curso T\u00e9cnico em Agropecu\u00e1ria do Campus S\u00e3o Jo\u00e3o Evangelista do Instituto Federal de Minas Gerais\",\"Daniele Carna\u00faba Gon\u00e7alves\",\"Eduarda Ma\u00e7\u00e3o\",\"Esther Magri\",\"Estudante minasnovense \u00e9 a \u00fanica mineira na final do concurso que selecionar\u00e1 a identidade visual da SNCT 2018\",\"Estudante minasnovense est\u00e1 na final de concurso que selecionar\u00e1 a identidade visual da SNCT 2018\",\"Fernando Luiz Souza\",\"Fortaleza\",\"Guiratinga\",\"Helen de Souza\",\"IFMG\",\"Lagoa Grande\",\"Logomarca Semana Nacional de Ci\u00eancia e Tecnologia 2018\",\"Maria Paula da Silva Santos\",\"Minas Novas\",\"N\u00e1thali Benigna Martins Carvalho\",\"N\u00e1thali Benigna Martins Ramalho\",\"Nazar\u00e9 Paulista\",\"Nova Ven\u00e9cia\",\"Pinheiro\",\"Rio de Janeiro\",\"Semana Nacional de Ci\u00eancia e Tecnologia 2018\",\"SNCT 2018\",\"Uberl\u00e2ndia\",\"UFMG\"],\"articleSection\":[\"Brasil\",\"Educa\u00e7\u00e3o\",\"Minas Gerais\"],\"inLanguage\":\"pt-BR\",\"potentialAction\":[{\"@type\":\"CommentAction\",\"name\":\"Comment\",\"target\":[\"https:\\\/\\\/aconteceunovale.com.br\\\/portal\\\/?p=131613#respond\"]}]},{\"@type\":\"WebPage\",\"@id\":\"https:\\\/\\\/aconteceunovale.com.br\\\/portal\\\/?p=131613\",\"url\":\"https:\\\/\\\/aconteceunovale.com.br\\\/portal\\\/?p=131613\",\"name\":\"Estudante minasnovense est\u00e1 na final de concurso que selecionar\u00e1 a identidade visual da SNCT 2018 - Aconteceu no Vale\",\"isPartOf\":{\"@id\":\"https:\\\/\\\/aconteceunovale.com.br\\\/portal\\\/#website\"},\"primaryImageOfPage\":{\"@id\":\"https:\\\/\\\/aconteceunovale.com.br\\\/portal\\\/?p=131613#primaryimage\"},\"image\":{\"@id\":\"https:\\\/\\\/aconteceunovale.com.br\\\/portal\\\/?p=131613#primaryimage\"},\"thumbnailUrl\":\"https:\\\/\\\/aconteceunovale.com.br\\\/portal\\\/wp-content\\\/uploads\\\/2018\\\/05\\\/estudante_mn_concurso.png\",\"datePublished\":\"2018-05-08T11:19:58+00:00\",\"dateModified\":\"2018-05-08T13:36:04+00:00\",\"author\":{\"@id\":\"https:\\\/\\\/aconteceunovale.com.br\\\/portal\\\/#\\\/schema\\\/person\\\/633529146f2c94272bef50ac2953d589\"},\"breadcrumb\":{\"@id\":\"https:\\\/\\\/aconteceunovale.com.br\\\/portal\\\/?p=131613#breadcrumb\"},\"inLanguage\":\"pt-BR\",\"potentialAction\":[{\"@type\":\"ReadAction\",\"target\":[\"https:\\\/\\\/aconteceunovale.com.br\\\/portal\\\/?p=131613\"]}]},{\"@type\":\"ImageObject\",\"inLanguage\":\"pt-BR\",\"@id\":\"https:\\\/\\\/aconteceunovale.com.br\\\/portal\\\/?p=131613#primaryimage\",\"url\":\"https:\\\/\\\/aconteceunovale.com.br\\\/portal\\\/wp-content\\\/uploads\\\/2018\\\/05\\\/estudante_mn_concurso.png\",\"contentUrl\":\"https:\\\/\\\/aconteceunovale.com.br\\\/portal\\\/wp-content\\\/uploads\\\/2018\\\/05\\\/estudante_mn_concurso.png\",\"width\":664,\"height\":450},{\"@type\":\"BreadcrumbList\",\"@id\":\"https:\\\/\\\/aconteceunovale.com.br\\\/portal\\\/?p=131613#breadcrumb\",\"itemListElement\":[{\"@type\":\"ListItem\",\"position\":1,\"name\":\"In\u00edcio\",\"item\":\"https:\\\/\\\/aconteceunovale.com.br\\\/portal\\\/\"},{\"@type\":\"ListItem\",\"position\":2,\"name\":\"Estudante minasnovense est\u00e1 na final de concurso que selecionar\u00e1 a identidade visual da SNCT 2018\"}]},{\"@type\":\"WebSite\",\"@id\":\"https:\\\/\\\/aconteceunovale.com.br\\\/portal\\\/#website\",\"url\":\"https:\\\/\\\/aconteceunovale.com.br\\\/portal\\\/\",\"name\":\"Aconteceu no Vale\",\"description\":\"Portal de Not\u00edcias\",\"potentialAction\":[{\"@type\":\"SearchAction\",\"target\":{\"@type\":\"EntryPoint\",\"urlTemplate\":\"https:\\\/\\\/aconteceunovale.com.br\\\/portal\\\/?s={search_term_string}\"},\"query-input\":{\"@type\":\"PropertyValueSpecification\",\"valueRequired\":true,\"valueName\":\"search_term_string\"}}],\"inLanguage\":\"pt-BR\"},{\"@type\":\"Person\",\"@id\":\"https:\\\/\\\/aconteceunovale.com.br\\\/portal\\\/#\\\/schema\\\/person\\\/633529146f2c94272bef50ac2953d589\",\"name\":\"Aconteceu no Vale\",\"description\":\"Equipe de reportagem do Aconteceu no Vale, portal de not\u00edcias do Vale do Jequitinhonha, em Minas Gerais. Cobrimos as 51 cidades do Vale desde 2013. Sugest\u00f5es de pauta e pedidos de corre\u00e7\u00e3o: contato@aconteceunovale.com.br\",\"sameAs\":[\"http:\\\/\\\/www.aconteceunovale.com.br\"],\"url\":\"https:\\\/\\\/aconteceunovale.com.br\\\/portal\\\/?author=1\"}]}<\/script>\n<!-- \/ Yoast SEO plugin. -->","yoast_head_json":{"title":"Estudante minasnovense est\u00e1 na final de concurso que selecionar\u00e1 a identidade visual da SNCT 2018 - Aconteceu no Vale","robots":{"index":"index","follow":"follow","max-snippet":"max-snippet:-1","max-image-preview":"max-image-preview:large","max-video-preview":"max-video-preview:-1"},"canonical":"https:\/\/aconteceunovale.com.br\/portal\/?p=131613","og_locale":"pt_BR","og_type":"article","og_title":"Estudante minasnovense est\u00e1 na final de concurso que selecionar\u00e1 a identidade visual da SNCT 2018 - Aconteceu no Vale","og_description":"A estudante do Curso T\u00e9cnico em Agropecu\u00e1ria do Campus S\u00e3o Jo\u00e3o Evangelista do Instituto Federal de Minas Gerais (IFMG), N\u00e1thali Benigna Martins Ramalho, de 17 anos, \u00e9 a \u00fanica mineira na disputa final do concurso que selecionar\u00e1 a identidade visual da Semana Nacional de Ci\u00eancia e Tecnologia (SNCT) 2018. A marca elaborada por N\u00e1thali est\u00e1 [&hellip;]","og_url":"https:\/\/aconteceunovale.com.br\/portal\/?p=131613","og_site_name":"Aconteceu no Vale","article_publisher":"https:\/\/www.facebook.com\/aconteceunovale\/","article_published_time":"2018-05-08T11:19:58+00:00","article_modified_time":"2018-05-08T13:36:04+00:00","og_image":[{"width":664,"height":450,"url":"https:\/\/aconteceunovale.com.br\/portal\/wp-content\/uploads\/2018\/05\/estudante_mn_concurso.png","type":"image\/png"}],"author":"Aconteceu no Vale","twitter_card":"summary_large_image","twitter_creator":"@noticiadosvales","twitter_site":"@noticiadosvales","twitter_misc":{"Escrito por":"Aconteceu no Vale","Est. tempo de leitura":"1 minuto"},"schema":{"@context":"https:\/\/schema.org","@graph":[{"@type":"Article","@id":"https:\/\/aconteceunovale.com.br\/portal\/?p=131613#article","isPartOf":{"@id":"https:\/\/aconteceunovale.com.br\/portal\/?p=131613"},"author":{"name":"Aconteceu no Vale","@id":"https:\/\/aconteceunovale.com.br\/portal\/#\/schema\/person\/633529146f2c94272bef50ac2953d589"},"headline":"Estudante minasnovense est\u00e1 na final de concurso que selecionar\u00e1 a identidade visual da SNCT 2018","datePublished":"2018-05-08T11:19:58+00:00","dateModified":"2018-05-08T13:36:04+00:00","mainEntityOfPage":{"@id":"https:\/\/aconteceunovale.com.br\/portal\/?p=131613"},"wordCount":259,"commentCount":1,"image":{"@id":"https:\/\/aconteceunovale.com.br\/portal\/?p=131613#primaryimage"},"thumbnailUrl":"https:\/\/aconteceunovale.com.br\/portal\/wp-content\/uploads\/2018\/05\/estudante_mn_concurso.png","keywords":["Adriel Sant'ana","Aline Hesley Silva Souza","Anan Beatriz Godim","Colatina","Concurso de Desenhos Museu Ponto UFMG","Concurso de Desenhos para escolha da identidade visual da Semana Nacional de Ci\u00eancia e Tecnologia 2018","Concurso de Desenhos SNCT 2018","Concurso de Desenhos UFMG","Concurso Semana Nacional de Ci\u00eancia e Tecnologia 2018","Curso T\u00e9cnico em Agropecu\u00e1ria do Campus S\u00e3o Jo\u00e3o Evangelista do Instituto Federal de Minas Gerais","Daniele Carna\u00faba Gon\u00e7alves","Eduarda Ma\u00e7\u00e3o","Esther Magri","Estudante minasnovense \u00e9 a \u00fanica mineira na final do concurso que selecionar\u00e1 a identidade visual da SNCT 2018","Estudante minasnovense est\u00e1 na final de concurso que selecionar\u00e1 a identidade visual da SNCT 2018","Fernando Luiz Souza","Fortaleza","Guiratinga","Helen de Souza","IFMG","Lagoa Grande","Logomarca Semana Nacional de Ci\u00eancia e Tecnologia 2018","Maria Paula da Silva Santos","Minas Novas","N\u00e1thali Benigna Martins Carvalho","N\u00e1thali Benigna Martins Ramalho","Nazar\u00e9 Paulista","Nova Ven\u00e9cia","Pinheiro","Rio de Janeiro","Semana Nacional de Ci\u00eancia e Tecnologia 2018","SNCT 2018","Uberl\u00e2ndia","UFMG"],"articleSection":["Brasil","Educa\u00e7\u00e3o","Minas Gerais"],"inLanguage":"pt-BR","potentialAction":[{"@type":"CommentAction","name":"Comment","target":["https:\/\/aconteceunovale.com.br\/portal\/?p=131613#respond"]}]},{"@type":"WebPage","@id":"https:\/\/aconteceunovale.com.br\/portal\/?p=131613","url":"https:\/\/aconteceunovale.com.br\/portal\/?p=131613","name":"Estudante minasnovense est\u00e1 na final de concurso que selecionar\u00e1 a identidade visual da SNCT 2018 - Aconteceu no Vale","isPartOf":{"@id":"https:\/\/aconteceunovale.com.br\/portal\/#website"},"primaryImageOfPage":{"@id":"https:\/\/aconteceunovale.com.br\/portal\/?p=131613#primaryimage"},"image":{"@id":"https:\/\/aconteceunovale.com.br\/portal\/?p=131613#primaryimage"},"thumbnailUrl":"https:\/\/aconteceunovale.com.br\/portal\/wp-content\/uploads\/2018\/05\/estudante_mn_concurso.png","datePublished":"2018-05-08T11:19:58+00:00","dateModified":"2018-05-08T13:36:04+00:00","author":{"@id":"https:\/\/aconteceunovale.com.br\/portal\/#\/schema\/person\/633529146f2c94272bef50ac2953d589"},"breadcrumb":{"@id":"https:\/\/aconteceunovale.com.br\/portal\/?p=131613#breadcrumb"},"inLanguage":"pt-BR","potentialAction":[{"@type":"ReadAction","target":["https:\/\/aconteceunovale.com.br\/portal\/?p=131613"]}]},{"@type":"ImageObject","inLanguage":"pt-BR","@id":"https:\/\/aconteceunovale.com.br\/portal\/?p=131613#primaryimage","url":"https:\/\/aconteceunovale.com.br\/portal\/wp-content\/uploads\/2018\/05\/estudante_mn_concurso.png","contentUrl":"https:\/\/aconteceunovale.com.br\/portal\/wp-content\/uploads\/2018\/05\/estudante_mn_concurso.png","width":664,"height":450},{"@type":"BreadcrumbList","@id":"https:\/\/aconteceunovale.com.br\/portal\/?p=131613#breadcrumb","itemListElement":[{"@type":"ListItem","position":1,"name":"In\u00edcio","item":"https:\/\/aconteceunovale.com.br\/portal\/"},{"@type":"ListItem","position":2,"name":"Estudante minasnovense est\u00e1 na final de concurso que selecionar\u00e1 a identidade visual da SNCT 2018"}]},{"@type":"WebSite","@id":"https:\/\/aconteceunovale.com.br\/portal\/#website","url":"https:\/\/aconteceunovale.com.br\/portal\/","name":"Aconteceu no Vale","description":"Portal de Not\u00edcias","potentialAction":[{"@type":"SearchAction","target":{"@type":"EntryPoint","urlTemplate":"https:\/\/aconteceunovale.com.br\/portal\/?s={search_term_string}"},"query-input":{"@type":"PropertyValueSpecification","valueRequired":true,"valueName":"search_term_string"}}],"inLanguage":"pt-BR"},{"@type":"Person","@id":"https:\/\/aconteceunovale.com.br\/portal\/#\/schema\/person\/633529146f2c94272bef50ac2953d589","name":"Aconteceu no Vale","description":"Equipe de reportagem do Aconteceu no Vale, portal de not\u00edcias do Vale do Jequitinhonha, em Minas Gerais. Cobrimos as 51 cidades do Vale desde 2013. Sugest\u00f5es de pauta e pedidos de corre\u00e7\u00e3o: contato@aconteceunovale.com.br","sameAs":["http:\/\/www.aconteceunovale.com.br"],"url":"https:\/\/aconteceunovale.com.br\/portal\/?author=1"}]}},"_links":{"self":[{"href":"https:\/\/aconteceunovale.com.br\/portal\/index.php?rest_route=\/wp\/v2\/posts\/131613","targetHints":{"allow":["GET"]}}],"collection":[{"href":"https:\/\/aconteceunovale.com.br\/portal\/index.php?rest_route=\/wp\/v2\/posts"}],"about":[{"href":"https:\/\/aconteceunovale.com.br\/portal\/index.php?rest_route=\/wp\/v2\/types\/post"}],"author":[{"embeddable":true,"href":"https:\/\/aconteceunovale.com.br\/portal\/index.php?rest_route=\/wp\/v2\/users\/1"}],"replies":[{"embeddable":true,"href":"https:\/\/aconteceunovale.com.br\/portal\/index.php?rest_route=%2Fwp%2Fv2%2Fcomments&post=131613"}],"version-history":[{"count":0,"href":"https:\/\/aconteceunovale.com.br\/portal\/index.php?rest_route=\/wp\/v2\/posts\/131613\/revisions"}],"wp:featuredmedia":[{"embeddable":true,"href":"https:\/\/aconteceunovale.com.br\/portal\/index.php?rest_route=\/wp\/v2\/media\/131614"}],"wp:attachment":[{"href":"https:\/\/aconteceunovale.com.br\/portal\/index.php?rest_route=%2Fwp%2Fv2%2Fmedia&parent=131613"}],"wp:term":[{"taxonomy":"category","embeddable":true,"href":"https:\/\/aconteceunovale.com.br\/portal\/index.php?rest_route=%2Fwp%2Fv2%2Fcategories&post=131613"},{"taxonomy":"post_tag","embeddable":true,"href":"https:\/\/aconteceunovale.com.br\/portal\/index.php?rest_route=%2Fwp%2Fv2%2Ftags&post=131613"}],"curies":[{"name":"wp","href":"https:\/\/api.w.org\/{rel}","templated":true}]}}