{"id":131603,"date":"2018-05-07T21:37:44","date_gmt":"2018-05-07T23:37:44","guid":{"rendered":"http:\/\/aconteceunovale.com.br\/portal\/?p=131603"},"modified":"2018-05-07T21:37:44","modified_gmt":"2018-05-07T23:37:44","slug":"tres-pessoas-morrem-em-acidente-na-br-116-em-teofilo-otoni","status":"publish","type":"post","link":"https:\/\/aconteceunovale.com.br\/portal\/?p=131603","title":{"rendered":"Tr\u00eas pessoas morrem em acidente na BR-116, em Te\u00f3filo Otoni"},"content":{"rendered":"<p>A professora Maria Aparecida Rodrigues, de 46 anos, que lecionava em uma escola estadual na cidade de Jenipapo de Minas, no Vale do Jequitinhonha, \u00e9 a terceira v\u00edtima de um grave acidente que ocorreu na manh\u00e3 desta segunda-feira (7\/5\/2018) na BR-116, a cerca de 8 quil\u00f4metros de Te\u00f3filo Otoni. Ela era passageira da caminhonete Hilux, conduzida por Domingos de Oliveira Santos, de 48, propriet\u00e1rio de um trailer de lanches em Ara\u00e7ua\u00ed, onde residia com a fam\u00edlia. A professora chegou a ser socorrida e levada para a Unidade de Pronto Atendimento (UPA) de Te\u00f3filo Otoni, mas n\u00e3o resistiu. O outro passageiro da caminhonete, C\u00e1ssio Sales do Carmo, de 24 anos, morreu no local, juntamente com o comerciante.<\/p>\n<p>O acidente, que envolveu tr\u00eas ve\u00edculos, ocorreu por volta das 10 horas da manh\u00e3. Segundo o Corpo de Bombeiros, um caminh\u00e3o ca\u00e7amba, que seguia de Te\u00f3filo Otoni para Itaobim, foi atingido por um Ford Ka que transitava na mesma pista, mas n\u00e3o conseguiu realizar uma ultrapassagem e bateu na traseira do ve\u00edculo de carga, que invadiu a pista contr\u00e1ria e colidiu frontalmente contra a caminhonete Hilux, conduzida pelo comerciante Domingos de Oliveira.<\/p>\n<p>Os motoristas do caminh\u00e3o e do Ford Ka passaram pelo teste de etil\u00f4metro, sendo que o condutor do Ford Ka, S\u00e1vio Chaves Murta, de 60 anos, residente em Te\u00f3filo Otoni, apresentou presen\u00e7a de \u00e1lcool no sangue. Ele teve ferimentos leves e foi levado para um hospital.<\/p>\n<p>Todas as v\u00edtimas fatais estavam na caminhonete. C\u00e1ssio Sales do Carmo, de 24 anos, de Francisc\u00f3polis, morreu no local. Domingos Oliveira Santos, de 48 anos, chegou a ser socorrido, mas morreu na ambul\u00e2ncia do Samu durante o atendimento. A outra v\u00edtima, Maria Aparecida Rodrigues, de 46 anos, morreu ap\u00f3s dar entrada no hospital.<\/p>\n<p>O motorista do caminh\u00e3o e do Ford Ka, que levava um passageiro, tiveram ferimentos leves, sendo socorridos e encaminhados para um hospital de Te\u00f3filo Otoni.<\/p>\n<p>A pista ficou parcialmente interditada por cerca de duas horas, mas o tr\u00e2nsito j\u00e1 foi liberado. Os corpos das v\u00edtimas foram encaminhados para o Instituto M\u00e9dico Legal (IML) de Te\u00f3filo Otoni.<\/p>\n<p>O comerciante Domingos de Oliveira Santos, ser\u00e1 sepultado em Ara\u00e7ua\u00ed e a professora Maria Aparecida Lages em Jenipapo de Minas. N\u00e3o foi informado detalhes do sepultamento do jovem C\u00e1ssio Sales do Carmo, de Francisc\u00f3polis.<\/p>\n<p><img decoding=\"async\" src=\"http:\/\/aconteceunovale.com.br\/portal\/wp-content\/uploads\/2018\/05\/acidente_teo_1.jpeg\" alt=\"\" \/><\/p>\n<p><img decoding=\"async\" src=\"http:\/\/aconteceunovale.com.br\/portal\/wp-content\/uploads\/2018\/05\/acidente_teo_2.jpg\" alt=\"\" \/><\/p>\n<p><img decoding=\"async\" src=\"http:\/\/aconteceunovale.com.br\/portal\/wp-content\/uploads\/2018\/05\/acidente_teo_3.jpg\" alt=\"\" \/><\/p>\n<p><img decoding=\"async\" src=\"http:\/\/aconteceunovale.com.br\/portal\/wp-content\/uploads\/2018\/05\/acidente_teo_4.jpg\" alt=\"\" \/><\/p>\n<p><img decoding=\"async\" src=\"http:\/\/aconteceunovale.com.br\/portal\/wp-content\/uploads\/2018\/05\/acidente_teo_5.jpg\" alt=\"\" \/><\/p>\n<p><img decoding=\"async\" src=\"http:\/\/aconteceunovale.com.br\/portal\/wp-content\/uploads\/2018\/05\/acidente_teo_6.jpg\" alt=\"\" \/><br \/>\n<\/br><\/p>\n<p><strong>VER PRIMEIRO<\/strong><\/p>\n<p>Receba as not\u00edcias do Aconteceu no Vale em primeira m\u00e3o. Clique em curtir no endere\u00e7o <a href=\"https:\/\/www.facebook.com\/aconteceunovale\" target=\"_blank\"><font color=\"red\">www.facebook.com\/aconteceunovale<\/font><\/a> ou no box abaixo:<\/p>\n<div class=\"fb-like\" data-href=\"https:\/\/www.facebook.com\/aconteceunovale\" data-width=\"120\" data-layout=\"standard\" data-action=\"like\" data-size=\"small\" data-show-faces=\"true\" data-share=\"true\"><\/div>\n<p><\/br><\/p>\n<p><em>(Fonte: Gazeta de Ara\u00e7ua\u00ed \/ Fotos: Reprodu\u00e7\u00e3o WhatsApp)<\/em><\/p>\n","protected":false},"excerpt":{"rendered":"<p>A professora Maria Aparecida Rodrigues, de 46 anos, que lecionava em uma escola estadual na cidade de Jenipapo de Minas, no Vale do Jequitinhonha, \u00e9 a terceira v\u00edtima de um grave acidente que ocorreu na manh\u00e3 desta segunda-feira (7\/5\/2018) na BR-116, a cerca de 8 quil\u00f4metros de Te\u00f3filo Otoni. Ela era passageira da caminhonete Hilux, [&hellip;]<\/p>\n","protected":false},"author":1,"featured_media":131609,"comment_status":"open","ping_status":"closed","sticky":false,"template":"","format":"standard","meta":{"amp_status":"","footnotes":""},"categories":[120,122],"tags":[96444,174035,174034,174030,174029,13880,31846,3945,23211,2759,186,182,174033,1018,174032,58435,1089,1218,174031,164,75237,174028],"class_list":["post-131603","post","type-post","status-publish","format-standard","has-post-thumbnail","hentry","category-jequi","category-mucuri","tag-acidente-aracuai","tag-acidente-caminhonete-aracuai","tag-acidente-carro-de-aracuai","tag-acidente-com-comerciante-de-aracuai","tag-acidente-com-hilux-de-aracuai","tag-acidente-em-teofilo-otoni","tag-acidente-na-br-116-em-teofilo-otoni","tag-acidente-na-br-116","tag-acidente-perto-de-teofilo-otoni","tag-acidente-proximo-a-teofilo-otoni","tag-aracuai","tag-br-116","tag-cassio-sales-do-carmo","tag-destaque","tag-domingos-de-oliveira-santos","tag-em-teofilo-otoni","tag-franciscopolis","tag-jenipapo-de-minas","tag-maria-aparecida-rodrigues","tag-teofilo-otoni","tag-tres-pessoas-morrem-em-acidente-na-br-116","tag-tres-pessoas-morrem-em-acidente-na-br-116-em-v"],"yoast_head":"<!-- This site is optimized with the Yoast SEO plugin v28.3 - https:\/\/yoast.com\/product\/yoast-seo-wordpress\/ -->\n<title>Tr\u00eas pessoas morrem em acidente na BR-116, em Te\u00f3filo Otoni - Aconteceu no Vale<\/title>\n<meta name=\"robots\" content=\"index, follow, max-snippet:-1, max-image-preview:large, max-video-preview:-1\" \/>\n<link rel=\"canonical\" href=\"https:\/\/aconteceunovale.com.br\/portal\/?p=131603\" \/>\n<meta property=\"og:locale\" content=\"pt_BR\" \/>\n<meta property=\"og:type\" content=\"article\" \/>\n<meta property=\"og:title\" content=\"Tr\u00eas pessoas morrem em acidente na BR-116, em Te\u00f3filo Otoni - Aconteceu no Vale\" \/>\n<meta property=\"og:description\" content=\"A professora Maria Aparecida Rodrigues, de 46 anos, que lecionava em uma escola estadual na cidade de Jenipapo de Minas, no Vale do Jequitinhonha, \u00e9 a terceira v\u00edtima de um grave acidente que ocorreu na manh\u00e3 desta segunda-feira (7\/5\/2018) na BR-116, a cerca de 8 quil\u00f4metros de Te\u00f3filo Otoni. Ela era passageira da caminhonete Hilux, [&hellip;]\" \/>\n<meta property=\"og:url\" content=\"https:\/\/aconteceunovale.com.br\/portal\/?p=131603\" \/>\n<meta property=\"og:site_name\" content=\"Aconteceu no Vale\" \/>\n<meta property=\"article:publisher\" content=\"https:\/\/www.facebook.com\/aconteceunovale\/\" \/>\n<meta property=\"article:published_time\" content=\"2018-05-07T23:37:44+00:00\" \/>\n<meta property=\"og:image\" content=\"https:\/\/aconteceunovale.com.br\/portal\/wp-content\/uploads\/2018\/05\/acidente_teo_1.jpeg\" \/>\n\t<meta property=\"og:image:width\" content=\"678\" \/>\n\t<meta property=\"og:image:height\" content=\"381\" \/>\n\t<meta property=\"og:image:type\" content=\"image\/jpeg\" \/>\n<meta name=\"author\" content=\"Aconteceu no Vale\" \/>\n<meta name=\"twitter:card\" content=\"summary_large_image\" \/>\n<meta name=\"twitter:creator\" content=\"@noticiadosvales\" \/>\n<meta name=\"twitter:site\" content=\"@noticiadosvales\" \/>\n<meta name=\"twitter:label1\" content=\"Escrito por\" \/>\n\t<meta name=\"twitter:data1\" content=\"Aconteceu no Vale\" \/>\n\t<meta name=\"twitter:label2\" content=\"Est. tempo de leitura\" \/>\n\t<meta name=\"twitter:data2\" content=\"2 minutos\" \/>\n<script type=\"application\/ld+json\" class=\"yoast-schema-graph\">{\"@context\":\"https:\\\/\\\/schema.org\",\"@graph\":[{\"@type\":\"Article\",\"@id\":\"https:\\\/\\\/aconteceunovale.com.br\\\/portal\\\/?p=131603#article\",\"isPartOf\":{\"@id\":\"https:\\\/\\\/aconteceunovale.com.br\\\/portal\\\/?p=131603\"},\"author\":{\"name\":\"Aconteceu no Vale\",\"@id\":\"https:\\\/\\\/aconteceunovale.com.br\\\/portal\\\/#\\\/schema\\\/person\\\/633529146f2c94272bef50ac2953d589\"},\"headline\":\"Tr\u00eas pessoas morrem em acidente na BR-116, em Te\u00f3filo Otoni\",\"datePublished\":\"2018-05-07T23:37:44+00:00\",\"mainEntityOfPage\":{\"@id\":\"https:\\\/\\\/aconteceunovale.com.br\\\/portal\\\/?p=131603\"},\"wordCount\":453,\"commentCount\":1,\"image\":{\"@id\":\"https:\\\/\\\/aconteceunovale.com.br\\\/portal\\\/?p=131603#primaryimage\"},\"thumbnailUrl\":\"https:\\\/\\\/aconteceunovale.com.br\\\/portal\\\/wp-content\\\/uploads\\\/2018\\\/05\\\/acidente_teo_1.jpeg\",\"keywords\":[\"Acidente Ara\u00e7ua\u00ed\",\"Acidente caminhonete Ara\u00e7ua\u00ed\",\"Acidente carro de Ara\u00e7ua\u00ed\",\"Acidente com comerciante de Ara\u00e7ua\u00ed\",\"Acidente com hilux de Ara\u00e7ua\u00ed\",\"acidente em Te\u00f3filo Otoni\",\"acidente na br 116 em te\u00f3filo otoni\",\"acidente na br-116\",\"acidente perto de te\u00f3filo otoni\",\"Acidente pr\u00f3ximo a Te\u00f3filo Otoni\",\"Ara\u00e7ua\u00ed\",\"BR-116\",\"C\u00e1ssio Sales do Carmo\",\"destaque\",\"Domingos de Oliveira Santos\",\"em Te\u00f3filo Otoni\",\"francisc\u00f3polis\",\"Jenipapo de Minas\",\"Maria Aparecida Rodrigues\",\"Te\u00f3filo Otoni\",\"Tr\u00eas pessoas morrem em acidente na BR-116\",\"Tr\u00eas pessoas morrem em acidente na BR-116 em v\"],\"articleSection\":[\"Vale do Jequitinhonha\",\"Vale do Mucuri\"],\"inLanguage\":\"pt-BR\",\"potentialAction\":[{\"@type\":\"CommentAction\",\"name\":\"Comment\",\"target\":[\"https:\\\/\\\/aconteceunovale.com.br\\\/portal\\\/?p=131603#respond\"]}]},{\"@type\":\"WebPage\",\"@id\":\"https:\\\/\\\/aconteceunovale.com.br\\\/portal\\\/?p=131603\",\"url\":\"https:\\\/\\\/aconteceunovale.com.br\\\/portal\\\/?p=131603\",\"name\":\"Tr\u00eas pessoas morrem em acidente na BR-116, em Te\u00f3filo Otoni - Aconteceu no Vale\",\"isPartOf\":{\"@id\":\"https:\\\/\\\/aconteceunovale.com.br\\\/portal\\\/#website\"},\"primaryImageOfPage\":{\"@id\":\"https:\\\/\\\/aconteceunovale.com.br\\\/portal\\\/?p=131603#primaryimage\"},\"image\":{\"@id\":\"https:\\\/\\\/aconteceunovale.com.br\\\/portal\\\/?p=131603#primaryimage\"},\"thumbnailUrl\":\"https:\\\/\\\/aconteceunovale.com.br\\\/portal\\\/wp-content\\\/uploads\\\/2018\\\/05\\\/acidente_teo_1.jpeg\",\"datePublished\":\"2018-05-07T23:37:44+00:00\",\"author\":{\"@id\":\"https:\\\/\\\/aconteceunovale.com.br\\\/portal\\\/#\\\/schema\\\/person\\\/633529146f2c94272bef50ac2953d589\"},\"breadcrumb\":{\"@id\":\"https:\\\/\\\/aconteceunovale.com.br\\\/portal\\\/?p=131603#breadcrumb\"},\"inLanguage\":\"pt-BR\",\"potentialAction\":[{\"@type\":\"ReadAction\",\"target\":[\"https:\\\/\\\/aconteceunovale.com.br\\\/portal\\\/?p=131603\"]}]},{\"@type\":\"ImageObject\",\"inLanguage\":\"pt-BR\",\"@id\":\"https:\\\/\\\/aconteceunovale.com.br\\\/portal\\\/?p=131603#primaryimage\",\"url\":\"https:\\\/\\\/aconteceunovale.com.br\\\/portal\\\/wp-content\\\/uploads\\\/2018\\\/05\\\/acidente_teo_1.jpeg\",\"contentUrl\":\"https:\\\/\\\/aconteceunovale.com.br\\\/portal\\\/wp-content\\\/uploads\\\/2018\\\/05\\\/acidente_teo_1.jpeg\",\"width\":678,\"height\":381},{\"@type\":\"BreadcrumbList\",\"@id\":\"https:\\\/\\\/aconteceunovale.com.br\\\/portal\\\/?p=131603#breadcrumb\",\"itemListElement\":[{\"@type\":\"ListItem\",\"position\":1,\"name\":\"In\u00edcio\",\"item\":\"https:\\\/\\\/aconteceunovale.com.br\\\/portal\\\/\"},{\"@type\":\"ListItem\",\"position\":2,\"name\":\"Tr\u00eas pessoas morrem em acidente na BR-116, em Te\u00f3filo Otoni\"}]},{\"@type\":\"WebSite\",\"@id\":\"https:\\\/\\\/aconteceunovale.com.br\\\/portal\\\/#website\",\"url\":\"https:\\\/\\\/aconteceunovale.com.br\\\/portal\\\/\",\"name\":\"Aconteceu no Vale\",\"description\":\"Portal de Not\u00edcias\",\"potentialAction\":[{\"@type\":\"SearchAction\",\"target\":{\"@type\":\"EntryPoint\",\"urlTemplate\":\"https:\\\/\\\/aconteceunovale.com.br\\\/portal\\\/?s={search_term_string}\"},\"query-input\":{\"@type\":\"PropertyValueSpecification\",\"valueRequired\":true,\"valueName\":\"search_term_string\"}}],\"inLanguage\":\"pt-BR\"},{\"@type\":\"Person\",\"@id\":\"https:\\\/\\\/aconteceunovale.com.br\\\/portal\\\/#\\\/schema\\\/person\\\/633529146f2c94272bef50ac2953d589\",\"name\":\"Aconteceu no Vale\",\"description\":\"Equipe de reportagem do Aconteceu no Vale, portal de not\u00edcias do Vale do Jequitinhonha, em Minas Gerais. Cobrimos as 51 cidades do Vale desde 2013. Sugest\u00f5es de pauta e pedidos de corre\u00e7\u00e3o: contato@aconteceunovale.com.br\",\"sameAs\":[\"http:\\\/\\\/www.aconteceunovale.com.br\"],\"url\":\"https:\\\/\\\/aconteceunovale.com.br\\\/portal\\\/?author=1\"}]}<\/script>\n<!-- \/ Yoast SEO plugin. -->","yoast_head_json":{"title":"Tr\u00eas pessoas morrem em acidente na BR-116, em Te\u00f3filo Otoni - Aconteceu no Vale","robots":{"index":"index","follow":"follow","max-snippet":"max-snippet:-1","max-image-preview":"max-image-preview:large","max-video-preview":"max-video-preview:-1"},"canonical":"https:\/\/aconteceunovale.com.br\/portal\/?p=131603","og_locale":"pt_BR","og_type":"article","og_title":"Tr\u00eas pessoas morrem em acidente na BR-116, em Te\u00f3filo Otoni - Aconteceu no Vale","og_description":"A professora Maria Aparecida Rodrigues, de 46 anos, que lecionava em uma escola estadual na cidade de Jenipapo de Minas, no Vale do Jequitinhonha, \u00e9 a terceira v\u00edtima de um grave acidente que ocorreu na manh\u00e3 desta segunda-feira (7\/5\/2018) na BR-116, a cerca de 8 quil\u00f4metros de Te\u00f3filo Otoni. Ela era passageira da caminhonete Hilux, [&hellip;]","og_url":"https:\/\/aconteceunovale.com.br\/portal\/?p=131603","og_site_name":"Aconteceu no Vale","article_publisher":"https:\/\/www.facebook.com\/aconteceunovale\/","article_published_time":"2018-05-07T23:37:44+00:00","og_image":[{"width":678,"height":381,"url":"https:\/\/aconteceunovale.com.br\/portal\/wp-content\/uploads\/2018\/05\/acidente_teo_1.jpeg","type":"image\/jpeg"}],"author":"Aconteceu no Vale","twitter_card":"summary_large_image","twitter_creator":"@noticiadosvales","twitter_site":"@noticiadosvales","twitter_misc":{"Escrito por":"Aconteceu no Vale","Est. tempo de leitura":"2 minutos"},"schema":{"@context":"https:\/\/schema.org","@graph":[{"@type":"Article","@id":"https:\/\/aconteceunovale.com.br\/portal\/?p=131603#article","isPartOf":{"@id":"https:\/\/aconteceunovale.com.br\/portal\/?p=131603"},"author":{"name":"Aconteceu no Vale","@id":"https:\/\/aconteceunovale.com.br\/portal\/#\/schema\/person\/633529146f2c94272bef50ac2953d589"},"headline":"Tr\u00eas pessoas morrem em acidente na BR-116, em Te\u00f3filo Otoni","datePublished":"2018-05-07T23:37:44+00:00","mainEntityOfPage":{"@id":"https:\/\/aconteceunovale.com.br\/portal\/?p=131603"},"wordCount":453,"commentCount":1,"image":{"@id":"https:\/\/aconteceunovale.com.br\/portal\/?p=131603#primaryimage"},"thumbnailUrl":"https:\/\/aconteceunovale.com.br\/portal\/wp-content\/uploads\/2018\/05\/acidente_teo_1.jpeg","keywords":["Acidente Ara\u00e7ua\u00ed","Acidente caminhonete Ara\u00e7ua\u00ed","Acidente carro de Ara\u00e7ua\u00ed","Acidente com comerciante de Ara\u00e7ua\u00ed","Acidente com hilux de Ara\u00e7ua\u00ed","acidente em Te\u00f3filo Otoni","acidente na br 116 em te\u00f3filo otoni","acidente na br-116","acidente perto de te\u00f3filo otoni","Acidente pr\u00f3ximo a Te\u00f3filo Otoni","Ara\u00e7ua\u00ed","BR-116","C\u00e1ssio Sales do Carmo","destaque","Domingos de Oliveira Santos","em Te\u00f3filo Otoni","francisc\u00f3polis","Jenipapo de Minas","Maria Aparecida Rodrigues","Te\u00f3filo Otoni","Tr\u00eas pessoas morrem em acidente na BR-116","Tr\u00eas pessoas morrem em acidente na BR-116 em v"],"articleSection":["Vale do Jequitinhonha","Vale do Mucuri"],"inLanguage":"pt-BR","potentialAction":[{"@type":"CommentAction","name":"Comment","target":["https:\/\/aconteceunovale.com.br\/portal\/?p=131603#respond"]}]},{"@type":"WebPage","@id":"https:\/\/aconteceunovale.com.br\/portal\/?p=131603","url":"https:\/\/aconteceunovale.com.br\/portal\/?p=131603","name":"Tr\u00eas pessoas morrem em acidente na BR-116, em Te\u00f3filo Otoni - Aconteceu no Vale","isPartOf":{"@id":"https:\/\/aconteceunovale.com.br\/portal\/#website"},"primaryImageOfPage":{"@id":"https:\/\/aconteceunovale.com.br\/portal\/?p=131603#primaryimage"},"image":{"@id":"https:\/\/aconteceunovale.com.br\/portal\/?p=131603#primaryimage"},"thumbnailUrl":"https:\/\/aconteceunovale.com.br\/portal\/wp-content\/uploads\/2018\/05\/acidente_teo_1.jpeg","datePublished":"2018-05-07T23:37:44+00:00","author":{"@id":"https:\/\/aconteceunovale.com.br\/portal\/#\/schema\/person\/633529146f2c94272bef50ac2953d589"},"breadcrumb":{"@id":"https:\/\/aconteceunovale.com.br\/portal\/?p=131603#breadcrumb"},"inLanguage":"pt-BR","potentialAction":[{"@type":"ReadAction","target":["https:\/\/aconteceunovale.com.br\/portal\/?p=131603"]}]},{"@type":"ImageObject","inLanguage":"pt-BR","@id":"https:\/\/aconteceunovale.com.br\/portal\/?p=131603#primaryimage","url":"https:\/\/aconteceunovale.com.br\/portal\/wp-content\/uploads\/2018\/05\/acidente_teo_1.jpeg","contentUrl":"https:\/\/aconteceunovale.com.br\/portal\/wp-content\/uploads\/2018\/05\/acidente_teo_1.jpeg","width":678,"height":381},{"@type":"BreadcrumbList","@id":"https:\/\/aconteceunovale.com.br\/portal\/?p=131603#breadcrumb","itemListElement":[{"@type":"ListItem","position":1,"name":"In\u00edcio","item":"https:\/\/aconteceunovale.com.br\/portal\/"},{"@type":"ListItem","position":2,"name":"Tr\u00eas pessoas morrem em acidente na BR-116, em Te\u00f3filo Otoni"}]},{"@type":"WebSite","@id":"https:\/\/aconteceunovale.com.br\/portal\/#website","url":"https:\/\/aconteceunovale.com.br\/portal\/","name":"Aconteceu no Vale","description":"Portal de Not\u00edcias","potentialAction":[{"@type":"SearchAction","target":{"@type":"EntryPoint","urlTemplate":"https:\/\/aconteceunovale.com.br\/portal\/?s={search_term_string}"},"query-input":{"@type":"PropertyValueSpecification","valueRequired":true,"valueName":"search_term_string"}}],"inLanguage":"pt-BR"},{"@type":"Person","@id":"https:\/\/aconteceunovale.com.br\/portal\/#\/schema\/person\/633529146f2c94272bef50ac2953d589","name":"Aconteceu no Vale","description":"Equipe de reportagem do Aconteceu no Vale, portal de not\u00edcias do Vale do Jequitinhonha, em Minas Gerais. Cobrimos as 51 cidades do Vale desde 2013. Sugest\u00f5es de pauta e pedidos de corre\u00e7\u00e3o: contato@aconteceunovale.com.br","sameAs":["http:\/\/www.aconteceunovale.com.br"],"url":"https:\/\/aconteceunovale.com.br\/portal\/?author=1"}]}},"_links":{"self":[{"href":"https:\/\/aconteceunovale.com.br\/portal\/index.php?rest_route=\/wp\/v2\/posts\/131603","targetHints":{"allow":["GET"]}}],"collection":[{"href":"https:\/\/aconteceunovale.com.br\/portal\/index.php?rest_route=\/wp\/v2\/posts"}],"about":[{"href":"https:\/\/aconteceunovale.com.br\/portal\/index.php?rest_route=\/wp\/v2\/types\/post"}],"author":[{"embeddable":true,"href":"https:\/\/aconteceunovale.com.br\/portal\/index.php?rest_route=\/wp\/v2\/users\/1"}],"replies":[{"embeddable":true,"href":"https:\/\/aconteceunovale.com.br\/portal\/index.php?rest_route=%2Fwp%2Fv2%2Fcomments&post=131603"}],"version-history":[{"count":0,"href":"https:\/\/aconteceunovale.com.br\/portal\/index.php?rest_route=\/wp\/v2\/posts\/131603\/revisions"}],"wp:featuredmedia":[{"embeddable":true,"href":"https:\/\/aconteceunovale.com.br\/portal\/index.php?rest_route=\/wp\/v2\/media\/131609"}],"wp:attachment":[{"href":"https:\/\/aconteceunovale.com.br\/portal\/index.php?rest_route=%2Fwp%2Fv2%2Fmedia&parent=131603"}],"wp:term":[{"taxonomy":"category","embeddable":true,"href":"https:\/\/aconteceunovale.com.br\/portal\/index.php?rest_route=%2Fwp%2Fv2%2Fcategories&post=131603"},{"taxonomy":"post_tag","embeddable":true,"href":"https:\/\/aconteceunovale.com.br\/portal\/index.php?rest_route=%2Fwp%2Fv2%2Ftags&post=131603"}],"curies":[{"name":"wp","href":"https:\/\/api.w.org\/{rel}","templated":true}]}}