{"id":131594,"date":"2018-05-07T20:50:49","date_gmt":"2018-05-07T22:50:49","guid":{"rendered":"http:\/\/aconteceunovale.com.br\/portal\/?p=131594"},"modified":"2018-05-07T20:50:49","modified_gmt":"2018-05-07T22:50:49","slug":"prazo-para-regularizar-titulo-de-eleitor-termina-na-quarta-feira","status":"publish","type":"post","link":"https:\/\/aconteceunovale.com.br\/portal\/?p=131594","title":{"rendered":"Prazo para regularizar t\u00edtulo de eleitor termina na quarta-feira"},"content":{"rendered":"<p>Termina na pr\u00f3xima quarta-feira (9\/5\/2018) o prazo para tirar o t\u00edtulo de eleitor para o pleito de outubro. Essa tamb\u00e9m \u00e9 a data limite para regularizar o cadastro e requerer outros servi\u00e7os \u00e0 Justi\u00e7a Eleitoral, como mudar o endere\u00e7o do domic\u00edlio, regularizar o cadastro, incluir nome social no t\u00edtulo e pedir atendimento especial para deficientes.<\/p>\n<p>Quem perder esse prazo s\u00f3 poder\u00e1 fazer as altera\u00e7\u00f5es ap\u00f3s as elei\u00e7\u00f5es. O voto \u00e9 obrigat\u00f3rio para os brasileiros a partir dos 18 anos e facultativo aos jovens de 16 e 17 anos, aos maiores de 70 anos e aos analfabetos.<\/p>\n<p>Para obter o t\u00edtulo de eleitor, o cidad\u00e3o deve comparecer ao cart\u00f3rio eleitoral de sua regi\u00e3o com documento de identidade; comprovante de resid\u00eancia original e recente; e certificado de quita\u00e7\u00e3o do servi\u00e7o militar para os maiores de 18 anos do sexo masculino.<\/p>\n<p>Para verificar se o seu t\u00edtulo de eleitor est\u00e1 regular, basta preencher o nome completo e a data de nascimento diretamente na\u00a0<span style=\"text-decoration: underline;\"><span style=\"color: #ff0000;\"><a href=\"http:\/\/www.tse.jus.br\/\"><span style=\"color: #ff0000; text-decoration: underline;\">p\u00e1gina do Tribunal Superior Eleitoral<\/span><\/a><\/span><\/span>. Quem ficou mais de tr\u00eas elei\u00e7\u00f5es sem votar ou justificar sua aus\u00eancia nas urnas, por exemplo, deve regularizar a situa\u00e7\u00e3o.<\/p>\n<p>O primeiro turno da elei\u00e7\u00e3o ocorrer\u00e1 no dia 7 de outubro e o segundo turno no dia 28 de outubro.<\/p>\n<p><strong>VER PRIMEIRO<\/strong><\/p>\n<p>Receba as not\u00edcias do Aconteceu no Vale em primeira m\u00e3o. Clique em curtir no endere\u00e7o <a href=\"https:\/\/www.facebook.com\/aconteceunovale\" target=\"_blank\"><font color=\"red\">www.facebook.com\/aconteceunovale<\/font><\/a> ou no box abaixo:<\/p>\n<div class=\"fb-like\" data-href=\"https:\/\/www.facebook.com\/aconteceunovale\" data-width=\"120\" data-layout=\"standard\" data-action=\"like\" data-size=\"small\" data-show-faces=\"true\" data-share=\"true\"><\/div>\n<p><\/br><\/p>\n<p><em>(Fonte: Ag\u00eancia Brasil)<\/em><\/p>\n","protected":false},"excerpt":{"rendered":"<p>Termina na pr\u00f3xima quarta-feira (9\/5\/2018) o prazo para tirar o t\u00edtulo de eleitor para o pleito de outubro. Essa tamb\u00e9m \u00e9 a data limite para regularizar o cadastro e requerer outros servi\u00e7os \u00e0 Justi\u00e7a Eleitoral, como mudar o endere\u00e7o do domic\u00edlio, regularizar o cadastro, incluir nome social no t\u00edtulo e pedir atendimento especial para deficientes. [&hellip;]<\/p>\n","protected":false},"author":1,"featured_media":112147,"comment_status":"open","ping_status":"closed","sticky":false,"template":"","format":"standard","meta":{"amp_status":"","footnotes":""},"categories":[6,82600,40240],"tags":[173945,172185,173303,173944,173943,174020,36041,137432,140697,94060,267],"class_list":["post-131594","post","type-post","status-publish","format-standard","has-post-thumbnail","hentry","category-br","category-eleicoes-2018","category-politica","tag-brasileiros-que-ficaram-mais-de-tres-eleicoes-sem-votar-ou-justificar-a-ausencia-tem-ate-a-proxima-quarta-feira-9-para-regularizar-a-situacao","tag-eleicao-2018","tag-prazo-final","tag-prazo-para-regularizar-titulo-de-eleitor","tag-prazo-para-regularizar-titulo-de-eleitor-termina-dia-9-de-maio","tag-prazo-para-regularizar-titulo-de-eleitor-termina-na-quarta-feira","tag-regularizacao-do-titulo-de-eleitor","tag-regularizar-titulo-de-eleitor","tag-titulo-de-eleitor","tag-tribunal-superior-eleitoral","tag-tse"],"yoast_head":"<!-- This site is optimized with the Yoast SEO plugin v28.3 - https:\/\/yoast.com\/product\/yoast-seo-wordpress\/ -->\n<title>Prazo para regularizar t\u00edtulo de eleitor termina na quarta-feira - Aconteceu no Vale<\/title>\n<meta name=\"robots\" content=\"index, follow, max-snippet:-1, max-image-preview:large, max-video-preview:-1\" \/>\n<link rel=\"canonical\" href=\"https:\/\/aconteceunovale.com.br\/portal\/?p=131594\" \/>\n<meta property=\"og:locale\" content=\"pt_BR\" \/>\n<meta property=\"og:type\" content=\"article\" \/>\n<meta property=\"og:title\" content=\"Prazo para regularizar t\u00edtulo de eleitor termina na quarta-feira - Aconteceu no Vale\" \/>\n<meta property=\"og:description\" content=\"Termina na pr\u00f3xima quarta-feira (9\/5\/2018) o prazo para tirar o t\u00edtulo de eleitor para o pleito de outubro. Essa tamb\u00e9m \u00e9 a data limite para regularizar o cadastro e requerer outros servi\u00e7os \u00e0 Justi\u00e7a Eleitoral, como mudar o endere\u00e7o do domic\u00edlio, regularizar o cadastro, incluir nome social no t\u00edtulo e pedir atendimento especial para deficientes. [&hellip;]\" \/>\n<meta property=\"og:url\" content=\"https:\/\/aconteceunovale.com.br\/portal\/?p=131594\" \/>\n<meta property=\"og:site_name\" content=\"Aconteceu no Vale\" \/>\n<meta property=\"article:publisher\" content=\"https:\/\/www.facebook.com\/aconteceunovale\/\" \/>\n<meta property=\"article:published_time\" content=\"2018-05-07T22:50:49+00:00\" \/>\n<meta property=\"og:image\" content=\"https:\/\/aconteceunovale.com.br\/portal\/wp-content\/uploads\/2017\/04\/regularizar_titulo.jpeg\" \/>\n\t<meta property=\"og:image:width\" content=\"543\" \/>\n\t<meta property=\"og:image:height\" content=\"263\" \/>\n\t<meta property=\"og:image:type\" content=\"image\/jpeg\" \/>\n<meta name=\"author\" content=\"Aconteceu no Vale\" \/>\n<meta name=\"twitter:card\" content=\"summary_large_image\" \/>\n<meta name=\"twitter:creator\" content=\"@noticiadosvales\" \/>\n<meta name=\"twitter:site\" content=\"@noticiadosvales\" \/>\n<meta name=\"twitter:label1\" content=\"Escrito por\" \/>\n\t<meta name=\"twitter:data1\" content=\"Aconteceu no Vale\" \/>\n\t<meta name=\"twitter:label2\" content=\"Est. tempo de leitura\" \/>\n\t<meta name=\"twitter:data2\" content=\"1 minuto\" \/>\n<script type=\"application\/ld+json\" class=\"yoast-schema-graph\">{\"@context\":\"https:\\\/\\\/schema.org\",\"@graph\":[{\"@type\":\"Article\",\"@id\":\"https:\\\/\\\/aconteceunovale.com.br\\\/portal\\\/?p=131594#article\",\"isPartOf\":{\"@id\":\"https:\\\/\\\/aconteceunovale.com.br\\\/portal\\\/?p=131594\"},\"author\":{\"name\":\"Aconteceu no Vale\",\"@id\":\"https:\\\/\\\/aconteceunovale.com.br\\\/portal\\\/#\\\/schema\\\/person\\\/633529146f2c94272bef50ac2953d589\"},\"headline\":\"Prazo para regularizar t\u00edtulo de eleitor termina na quarta-feira\",\"datePublished\":\"2018-05-07T22:50:49+00:00\",\"mainEntityOfPage\":{\"@id\":\"https:\\\/\\\/aconteceunovale.com.br\\\/portal\\\/?p=131594\"},\"wordCount\":262,\"commentCount\":0,\"image\":{\"@id\":\"https:\\\/\\\/aconteceunovale.com.br\\\/portal\\\/?p=131594#primaryimage\"},\"thumbnailUrl\":\"https:\\\/\\\/aconteceunovale.com.br\\\/portal\\\/wp-content\\\/uploads\\\/2017\\\/04\\\/regularizar_titulo.jpeg\",\"keywords\":[\"Brasileiros que ficaram mais de tr\u00eas elei\u00e7\u00f5es sem votar ou justificar a aus\u00eancia t\u00eam at\u00e9 a pr\u00f3xima quarta-feira (9) para regularizar a situa\u00e7\u00e3o\",\"Elei\u00e7\u00e3o 2018\",\"prazo final\",\"Prazo para regularizar t\u00edtulo de eleitor\",\"Prazo para regularizar t\u00edtulo de eleitor termina dia 9 de maio\",\"Prazo para regularizar t\u00edtulo de eleitor termina na quarta-feira\",\"regulariza\u00e7\u00e3o do t\u00edtulo de eleitor\",\"Regularizar t\u00edtulo de eleitor\",\"t\u00edtulo de eleitor\",\"Tribunal Superior Eleitoral\",\"TSE\"],\"articleSection\":[\"Brasil\",\"Elei\u00e7\u00f5es 2018\",\"Pol\u00edtica\"],\"inLanguage\":\"pt-BR\",\"potentialAction\":[{\"@type\":\"CommentAction\",\"name\":\"Comment\",\"target\":[\"https:\\\/\\\/aconteceunovale.com.br\\\/portal\\\/?p=131594#respond\"]}]},{\"@type\":\"WebPage\",\"@id\":\"https:\\\/\\\/aconteceunovale.com.br\\\/portal\\\/?p=131594\",\"url\":\"https:\\\/\\\/aconteceunovale.com.br\\\/portal\\\/?p=131594\",\"name\":\"Prazo para regularizar t\u00edtulo de eleitor termina na quarta-feira - Aconteceu no Vale\",\"isPartOf\":{\"@id\":\"https:\\\/\\\/aconteceunovale.com.br\\\/portal\\\/#website\"},\"primaryImageOfPage\":{\"@id\":\"https:\\\/\\\/aconteceunovale.com.br\\\/portal\\\/?p=131594#primaryimage\"},\"image\":{\"@id\":\"https:\\\/\\\/aconteceunovale.com.br\\\/portal\\\/?p=131594#primaryimage\"},\"thumbnailUrl\":\"https:\\\/\\\/aconteceunovale.com.br\\\/portal\\\/wp-content\\\/uploads\\\/2017\\\/04\\\/regularizar_titulo.jpeg\",\"datePublished\":\"2018-05-07T22:50:49+00:00\",\"author\":{\"@id\":\"https:\\\/\\\/aconteceunovale.com.br\\\/portal\\\/#\\\/schema\\\/person\\\/633529146f2c94272bef50ac2953d589\"},\"breadcrumb\":{\"@id\":\"https:\\\/\\\/aconteceunovale.com.br\\\/portal\\\/?p=131594#breadcrumb\"},\"inLanguage\":\"pt-BR\",\"potentialAction\":[{\"@type\":\"ReadAction\",\"target\":[\"https:\\\/\\\/aconteceunovale.com.br\\\/portal\\\/?p=131594\"]}]},{\"@type\":\"ImageObject\",\"inLanguage\":\"pt-BR\",\"@id\":\"https:\\\/\\\/aconteceunovale.com.br\\\/portal\\\/?p=131594#primaryimage\",\"url\":\"https:\\\/\\\/aconteceunovale.com.br\\\/portal\\\/wp-content\\\/uploads\\\/2017\\\/04\\\/regularizar_titulo.jpeg\",\"contentUrl\":\"https:\\\/\\\/aconteceunovale.com.br\\\/portal\\\/wp-content\\\/uploads\\\/2017\\\/04\\\/regularizar_titulo.jpeg\",\"width\":543,\"height\":263},{\"@type\":\"BreadcrumbList\",\"@id\":\"https:\\\/\\\/aconteceunovale.com.br\\\/portal\\\/?p=131594#breadcrumb\",\"itemListElement\":[{\"@type\":\"ListItem\",\"position\":1,\"name\":\"In\u00edcio\",\"item\":\"https:\\\/\\\/aconteceunovale.com.br\\\/portal\\\/\"},{\"@type\":\"ListItem\",\"position\":2,\"name\":\"Prazo para regularizar t\u00edtulo de eleitor termina na quarta-feira\"}]},{\"@type\":\"WebSite\",\"@id\":\"https:\\\/\\\/aconteceunovale.com.br\\\/portal\\\/#website\",\"url\":\"https:\\\/\\\/aconteceunovale.com.br\\\/portal\\\/\",\"name\":\"Aconteceu no Vale\",\"description\":\"Portal de Not\u00edcias\",\"potentialAction\":[{\"@type\":\"SearchAction\",\"target\":{\"@type\":\"EntryPoint\",\"urlTemplate\":\"https:\\\/\\\/aconteceunovale.com.br\\\/portal\\\/?s={search_term_string}\"},\"query-input\":{\"@type\":\"PropertyValueSpecification\",\"valueRequired\":true,\"valueName\":\"search_term_string\"}}],\"inLanguage\":\"pt-BR\"},{\"@type\":\"Person\",\"@id\":\"https:\\\/\\\/aconteceunovale.com.br\\\/portal\\\/#\\\/schema\\\/person\\\/633529146f2c94272bef50ac2953d589\",\"name\":\"Aconteceu no Vale\",\"description\":\"Equipe de reportagem do Aconteceu no Vale, portal de not\u00edcias do Vale do Jequitinhonha, em Minas Gerais. Cobrimos as 51 cidades do Vale desde 2013. Sugest\u00f5es de pauta e pedidos de corre\u00e7\u00e3o: contato@aconteceunovale.com.br\",\"sameAs\":[\"http:\\\/\\\/www.aconteceunovale.com.br\"],\"url\":\"https:\\\/\\\/aconteceunovale.com.br\\\/portal\\\/?author=1\"}]}<\/script>\n<!-- \/ Yoast SEO plugin. -->","yoast_head_json":{"title":"Prazo para regularizar t\u00edtulo de eleitor termina na quarta-feira - Aconteceu no Vale","robots":{"index":"index","follow":"follow","max-snippet":"max-snippet:-1","max-image-preview":"max-image-preview:large","max-video-preview":"max-video-preview:-1"},"canonical":"https:\/\/aconteceunovale.com.br\/portal\/?p=131594","og_locale":"pt_BR","og_type":"article","og_title":"Prazo para regularizar t\u00edtulo de eleitor termina na quarta-feira - Aconteceu no Vale","og_description":"Termina na pr\u00f3xima quarta-feira (9\/5\/2018) o prazo para tirar o t\u00edtulo de eleitor para o pleito de outubro. Essa tamb\u00e9m \u00e9 a data limite para regularizar o cadastro e requerer outros servi\u00e7os \u00e0 Justi\u00e7a Eleitoral, como mudar o endere\u00e7o do domic\u00edlio, regularizar o cadastro, incluir nome social no t\u00edtulo e pedir atendimento especial para deficientes. [&hellip;]","og_url":"https:\/\/aconteceunovale.com.br\/portal\/?p=131594","og_site_name":"Aconteceu no Vale","article_publisher":"https:\/\/www.facebook.com\/aconteceunovale\/","article_published_time":"2018-05-07T22:50:49+00:00","og_image":[{"width":543,"height":263,"url":"https:\/\/aconteceunovale.com.br\/portal\/wp-content\/uploads\/2017\/04\/regularizar_titulo.jpeg","type":"image\/jpeg"}],"author":"Aconteceu no Vale","twitter_card":"summary_large_image","twitter_creator":"@noticiadosvales","twitter_site":"@noticiadosvales","twitter_misc":{"Escrito por":"Aconteceu no Vale","Est. tempo de leitura":"1 minuto"},"schema":{"@context":"https:\/\/schema.org","@graph":[{"@type":"Article","@id":"https:\/\/aconteceunovale.com.br\/portal\/?p=131594#article","isPartOf":{"@id":"https:\/\/aconteceunovale.com.br\/portal\/?p=131594"},"author":{"name":"Aconteceu no Vale","@id":"https:\/\/aconteceunovale.com.br\/portal\/#\/schema\/person\/633529146f2c94272bef50ac2953d589"},"headline":"Prazo para regularizar t\u00edtulo de eleitor termina na quarta-feira","datePublished":"2018-05-07T22:50:49+00:00","mainEntityOfPage":{"@id":"https:\/\/aconteceunovale.com.br\/portal\/?p=131594"},"wordCount":262,"commentCount":0,"image":{"@id":"https:\/\/aconteceunovale.com.br\/portal\/?p=131594#primaryimage"},"thumbnailUrl":"https:\/\/aconteceunovale.com.br\/portal\/wp-content\/uploads\/2017\/04\/regularizar_titulo.jpeg","keywords":["Brasileiros que ficaram mais de tr\u00eas elei\u00e7\u00f5es sem votar ou justificar a aus\u00eancia t\u00eam at\u00e9 a pr\u00f3xima quarta-feira (9) para regularizar a situa\u00e7\u00e3o","Elei\u00e7\u00e3o 2018","prazo final","Prazo para regularizar t\u00edtulo de eleitor","Prazo para regularizar t\u00edtulo de eleitor termina dia 9 de maio","Prazo para regularizar t\u00edtulo de eleitor termina na quarta-feira","regulariza\u00e7\u00e3o do t\u00edtulo de eleitor","Regularizar t\u00edtulo de eleitor","t\u00edtulo de eleitor","Tribunal Superior Eleitoral","TSE"],"articleSection":["Brasil","Elei\u00e7\u00f5es 2018","Pol\u00edtica"],"inLanguage":"pt-BR","potentialAction":[{"@type":"CommentAction","name":"Comment","target":["https:\/\/aconteceunovale.com.br\/portal\/?p=131594#respond"]}]},{"@type":"WebPage","@id":"https:\/\/aconteceunovale.com.br\/portal\/?p=131594","url":"https:\/\/aconteceunovale.com.br\/portal\/?p=131594","name":"Prazo para regularizar t\u00edtulo de eleitor termina na quarta-feira - Aconteceu no Vale","isPartOf":{"@id":"https:\/\/aconteceunovale.com.br\/portal\/#website"},"primaryImageOfPage":{"@id":"https:\/\/aconteceunovale.com.br\/portal\/?p=131594#primaryimage"},"image":{"@id":"https:\/\/aconteceunovale.com.br\/portal\/?p=131594#primaryimage"},"thumbnailUrl":"https:\/\/aconteceunovale.com.br\/portal\/wp-content\/uploads\/2017\/04\/regularizar_titulo.jpeg","datePublished":"2018-05-07T22:50:49+00:00","author":{"@id":"https:\/\/aconteceunovale.com.br\/portal\/#\/schema\/person\/633529146f2c94272bef50ac2953d589"},"breadcrumb":{"@id":"https:\/\/aconteceunovale.com.br\/portal\/?p=131594#breadcrumb"},"inLanguage":"pt-BR","potentialAction":[{"@type":"ReadAction","target":["https:\/\/aconteceunovale.com.br\/portal\/?p=131594"]}]},{"@type":"ImageObject","inLanguage":"pt-BR","@id":"https:\/\/aconteceunovale.com.br\/portal\/?p=131594#primaryimage","url":"https:\/\/aconteceunovale.com.br\/portal\/wp-content\/uploads\/2017\/04\/regularizar_titulo.jpeg","contentUrl":"https:\/\/aconteceunovale.com.br\/portal\/wp-content\/uploads\/2017\/04\/regularizar_titulo.jpeg","width":543,"height":263},{"@type":"BreadcrumbList","@id":"https:\/\/aconteceunovale.com.br\/portal\/?p=131594#breadcrumb","itemListElement":[{"@type":"ListItem","position":1,"name":"In\u00edcio","item":"https:\/\/aconteceunovale.com.br\/portal\/"},{"@type":"ListItem","position":2,"name":"Prazo para regularizar t\u00edtulo de eleitor termina na quarta-feira"}]},{"@type":"WebSite","@id":"https:\/\/aconteceunovale.com.br\/portal\/#website","url":"https:\/\/aconteceunovale.com.br\/portal\/","name":"Aconteceu no Vale","description":"Portal de Not\u00edcias","potentialAction":[{"@type":"SearchAction","target":{"@type":"EntryPoint","urlTemplate":"https:\/\/aconteceunovale.com.br\/portal\/?s={search_term_string}"},"query-input":{"@type":"PropertyValueSpecification","valueRequired":true,"valueName":"search_term_string"}}],"inLanguage":"pt-BR"},{"@type":"Person","@id":"https:\/\/aconteceunovale.com.br\/portal\/#\/schema\/person\/633529146f2c94272bef50ac2953d589","name":"Aconteceu no Vale","description":"Equipe de reportagem do Aconteceu no Vale, portal de not\u00edcias do Vale do Jequitinhonha, em Minas Gerais. Cobrimos as 51 cidades do Vale desde 2013. Sugest\u00f5es de pauta e pedidos de corre\u00e7\u00e3o: contato@aconteceunovale.com.br","sameAs":["http:\/\/www.aconteceunovale.com.br"],"url":"https:\/\/aconteceunovale.com.br\/portal\/?author=1"}]}},"_links":{"self":[{"href":"https:\/\/aconteceunovale.com.br\/portal\/index.php?rest_route=\/wp\/v2\/posts\/131594","targetHints":{"allow":["GET"]}}],"collection":[{"href":"https:\/\/aconteceunovale.com.br\/portal\/index.php?rest_route=\/wp\/v2\/posts"}],"about":[{"href":"https:\/\/aconteceunovale.com.br\/portal\/index.php?rest_route=\/wp\/v2\/types\/post"}],"author":[{"embeddable":true,"href":"https:\/\/aconteceunovale.com.br\/portal\/index.php?rest_route=\/wp\/v2\/users\/1"}],"replies":[{"embeddable":true,"href":"https:\/\/aconteceunovale.com.br\/portal\/index.php?rest_route=%2Fwp%2Fv2%2Fcomments&post=131594"}],"version-history":[{"count":0,"href":"https:\/\/aconteceunovale.com.br\/portal\/index.php?rest_route=\/wp\/v2\/posts\/131594\/revisions"}],"wp:featuredmedia":[{"embeddable":true,"href":"https:\/\/aconteceunovale.com.br\/portal\/index.php?rest_route=\/wp\/v2\/media\/112147"}],"wp:attachment":[{"href":"https:\/\/aconteceunovale.com.br\/portal\/index.php?rest_route=%2Fwp%2Fv2%2Fmedia&parent=131594"}],"wp:term":[{"taxonomy":"category","embeddable":true,"href":"https:\/\/aconteceunovale.com.br\/portal\/index.php?rest_route=%2Fwp%2Fv2%2Fcategories&post=131594"},{"taxonomy":"post_tag","embeddable":true,"href":"https:\/\/aconteceunovale.com.br\/portal\/index.php?rest_route=%2Fwp%2Fv2%2Ftags&post=131594"}],"curies":[{"name":"wp","href":"https:\/\/api.w.org\/{rel}","templated":true}]}}