{"id":131509,"date":"2018-05-05T00:23:48","date_gmt":"2018-05-05T02:23:48","guid":{"rendered":"http:\/\/aconteceunovale.com.br\/portal\/?p=131509"},"modified":"2018-05-05T00:23:48","modified_gmt":"2018-05-05T02:23:48","slug":"ciclista-morre-atropelado-por-carreta-na-br-116-em-itaobim","status":"publish","type":"post","link":"https:\/\/aconteceunovale.com.br\/portal\/?p=131509","title":{"rendered":"Ciclista morre atropelado por carreta na BR-116, em Itaobim"},"content":{"rendered":"<p>Um idoso de 64 anos morreu em um acidente no per\u00edmetro urbano da BR-116, em Itaobim, na noite dessa quinta-feira (03\/05\/2018). Segundo a Pol\u00edcia Rodovi\u00e1ria Federal (PRF), Jo\u00e3o Francisco Pinheiro estava de bicicleta e tentou atravessar a pista, quando foi atingido uma carreta.<\/p>\n<p>O Samu foi acionado para prestar socorro e constatou o \u00f3bito. O motorista da carreta permaneceu no local e foi liberado ap\u00f3s prestar esclarecimentos aos policiais rodovi\u00e1rios.<\/p>\n<p>O trecho da rodovia ficou parcialmente interditado por cerca de duas horas. O corpo da v\u00edtima foi encaminhado ao Instituto M\u00e9dico Legal (IML) em Te\u00f3filo Otoni.<\/p>\n<p><img decoding=\"async\" src=\"http:\/\/aconteceunovale.com.br\/portal\/wp-content\/uploads\/2018\/05\/atropelamento_ciclista.jpg\" alt=\"\" \/><em>Ciclista morreu no local (Foto: Reprodu\u00e7\u00e3o\/WhatsApp)<\/em><br \/>\n<\/br><\/p>\n<p><strong>VER PRIMEIRO<\/strong><\/p>\n<p>Receba as not\u00edcias do Aconteceu no Vale em primeira m\u00e3o. Clique em curtir no endere\u00e7o <a href=\"https:\/\/www.facebook.com\/aconteceunovale\" target=\"_blank\"><font color=\"red\">www.facebook.com\/aconteceunovale<\/font><\/a> ou no box abaixo:<\/p>\n<div class=\"fb-like\" data-href=\"https:\/\/www.facebook.com\/aconteceunovale\" data-width=\"120\" data-layout=\"standard\" data-action=\"like\" data-size=\"small\" data-show-faces=\"true\" data-share=\"true\"><\/div>\n<p><\/br><\/p>\n<p><em>(Fonte: G1 Vales)<\/em><\/p>\n","protected":false},"excerpt":{"rendered":"<p>Um idoso de 64 anos morreu em um acidente no per\u00edmetro urbano da BR-116, em Itaobim, na noite dessa quinta-feira (03\/05\/2018). Segundo a Pol\u00edcia Rodovi\u00e1ria Federal (PRF), Jo\u00e3o Francisco Pinheiro estava de bicicleta e tentou atravessar a pista, quando foi atingido uma carreta. O Samu foi acionado para prestar socorro e constatou o \u00f3bito. O [&hellip;]<\/p>\n","protected":false},"author":1,"featured_media":131510,"comment_status":"open","ping_status":"closed","sticky":false,"template":"","format":"standard","meta":{"amp_status":"","footnotes":""},"categories":[120],"tags":[47353,173907,173906,182,173908,173911,173912,75472,391,173910,173909],"class_list":["post-131509","post","type-post","status-publish","format-standard","has-post-thumbnail","hentry","category-jequi","tag-acidente-em-itaobim","tag-atropelamento-de-ciclista-em-itaobim","tag-atropelamento-em-itaobim","tag-br-116","tag-ciclista-atropelado-em-itaobim","tag-ciclista-morre-atropelado-por-carreta-na-br-116","tag-ciclista-morre-atropelado-por-carreta-na-br-116-em-itaobim","tag-em-itaobim","tag-itaobim","tag-joao-francisco-pinheiro","tag-morte-de-ciclista-em-itaobim"],"_links":{"self":[{"href":"https:\/\/aconteceunovale.com.br\/portal\/index.php?rest_route=\/wp\/v2\/posts\/131509","targetHints":{"allow":["GET"]}}],"collection":[{"href":"https:\/\/aconteceunovale.com.br\/portal\/index.php?rest_route=\/wp\/v2\/posts"}],"about":[{"href":"https:\/\/aconteceunovale.com.br\/portal\/index.php?rest_route=\/wp\/v2\/types\/post"}],"author":[{"embeddable":true,"href":"https:\/\/aconteceunovale.com.br\/portal\/index.php?rest_route=\/wp\/v2\/users\/1"}],"replies":[{"embeddable":true,"href":"https:\/\/aconteceunovale.com.br\/portal\/index.php?rest_route=%2Fwp%2Fv2%2Fcomments&post=131509"}],"version-history":[{"count":0,"href":"https:\/\/aconteceunovale.com.br\/portal\/index.php?rest_route=\/wp\/v2\/posts\/131509\/revisions"}],"wp:featuredmedia":[{"embeddable":true,"href":"https:\/\/aconteceunovale.com.br\/portal\/index.php?rest_route=\/wp\/v2\/media\/131510"}],"wp:attachment":[{"href":"https:\/\/aconteceunovale.com.br\/portal\/index.php?rest_route=%2Fwp%2Fv2%2Fmedia&parent=131509"}],"wp:term":[{"taxonomy":"category","embeddable":true,"href":"https:\/\/aconteceunovale.com.br\/portal\/index.php?rest_route=%2Fwp%2Fv2%2Fcategories&post=131509"},{"taxonomy":"post_tag","embeddable":true,"href":"https:\/\/aconteceunovale.com.br\/portal\/index.php?rest_route=%2Fwp%2Fv2%2Ftags&post=131509"}],"curies":[{"name":"wp","href":"https:\/\/api.w.org\/{rel}","templated":true}]}}