{"id":131505,"date":"2018-05-04T23:36:58","date_gmt":"2018-05-05T01:36:58","guid":{"rendered":"http:\/\/aconteceunovale.com.br\/portal\/?p=131505"},"modified":"2018-05-04T23:36:58","modified_gmt":"2018-05-05T01:36:58","slug":"tribunal-nega-pedido-de-anulacao-da-condenacao-do-ex-presidente-lula","status":"publish","type":"post","link":"https:\/\/aconteceunovale.com.br\/portal\/?p=131505","title":{"rendered":"Tribunal nega pedido de anula\u00e7\u00e3o da condena\u00e7\u00e3o do ex-presidente Lula"},"content":{"rendered":"<p>A vice-presidente do Tribunal Regional Federal da 4\u00aa Regi\u00e3o (TRF4), desembargadora Maria de F\u00e1tima Freitas Labarr\u00e8re, negou hoje (4) recurso da defesa do ex-presidente Luiz In\u00e1cio Lula da Silva para suspender a decis\u00e3o da 8\u00aa Turma do tribunal, que condenou o r\u00e9u a 12 anos e 1 m\u00eas, com execu\u00e7\u00e3o provis\u00f3ria da pena de pris\u00e3o.<\/p>\n<p>O pedido havia sido protocolado no dia 27 de abril pela defesa do ex-presidente. Os advogados apontaram supostas viola\u00e7\u00f5es cometidas pelo ju\u00edz federal S\u00e9rgio Moro, entre elas a falta de comprovada rela\u00e7\u00e3o entre contratos com a Petrobras e o favorecimento il\u00edcito considerado na senten\u00e7a. A defesa alega que a 13\u00aa Vara de Curitiba n\u00e3o teria compet\u00eancia para julgar a a\u00e7\u00e3o. <\/p>\n<p>Segundo a desembargadora, embora presente o periculum in mora (perigo na demora) decorrente da pris\u00e3o do r\u00e9u, n\u00e3o estariam preenchidos os demais requisitos necess\u00e1rios ao deferimento da medida, que s\u00e3o a possibilidade de admissibilidade dos recursos junto aos tribunais superiores e a probabilidade de acolhimento das teses levantadas pela defesa.<\/p>\n<p>\u201cVale dizer, somente com argumentos s\u00f3lidos e pass\u00edveis de acolhimento pelas inst\u00e2ncias superiores, do ponto de vista da legalidade e constitucionalidade, \u00e9 que se pode obstaculizar o cumprimento do julgado emitido pela Corte Regional\u201d, afirmou a desembargadora.<\/p>\n<p><strong>VER PRIMEIRO<\/strong><\/p>\n<p>Receba as not\u00edcias do Aconteceu no Vale em primeira m\u00e3o. Clique em curtir no endere\u00e7o <a href=\"https:\/\/www.facebook.com\/aconteceunovale\" target=\"_blank\"><font color=\"red\">www.facebook.com\/aconteceunovale<\/font><\/a> ou no box abaixo:<\/p>\n<div class=\"fb-like\" data-href=\"https:\/\/www.facebook.com\/aconteceunovale\" data-width=\"120\" data-layout=\"standard\" data-action=\"like\" data-size=\"small\" data-show-faces=\"true\" data-share=\"true\"><\/div>\n<p><\/br><\/p>\n<p><em>(Fonte: Ag\u00eancia Brasil)<\/em><\/p>\n","protected":false},"excerpt":{"rendered":"<p>A vice-presidente do Tribunal Regional Federal da 4\u00aa Regi\u00e3o (TRF4), desembargadora Maria de F\u00e1tima Freitas Labarr\u00e8re, negou hoje (4) recurso da defesa do ex-presidente Luiz In\u00e1cio Lula da Silva para suspender a decis\u00e3o da 8\u00aa Turma do tribunal, que condenou o r\u00e9u a 12 anos e 1 m\u00eas, com execu\u00e7\u00e3o provis\u00f3ria da pena de pris\u00e3o. [&hellip;]<\/p>\n","protected":false},"author":1,"featured_media":130462,"comment_status":"open","ping_status":"closed","sticky":false,"template":"","format":"standard","meta":{"amp_status":"","footnotes":""},"categories":[6,40240],"tags":[173904,168082,75954,172028,172029,171897,77983,44728,171928,82255,171929,171888,172167,84400,171891,171894,68076,171890,171899,83065,171893,171892,23452,27144,14124,171887,7147,172041,171885,81924,171886,171955,171956,171898,109699,171884,171883,20966,772,172040,19707,80861,44724,81922,171927,171896,103373,172131,35052,171930,171931,171925,171926,171895,28511,171889,61747,28510,27179,173905],"class_list":["post-131505","post","type-post","status-publish","format-standard","has-post-thumbnail","hentry","category-br","category-politica-2","tag-anulacao","tag-caso-triplex","tag-condenacao","tag-defesa-de-lula-protocola-pedido-de-habeas-corpus-junto-ao-superior-tribunal-de-justica","tag-defesa-do-ex-presidente-lula-protocola-pedido-de-habeas-corpus-junto-ao-superior-tribunal-de-justica","tag-dia-tragico-para-a-democracia-e-para-o-brasil","tag-edson-fachin","tag-ex-presidente-luiz-inacio-lula-da-silva","tag-ex-presidente-luiz-inacio-lula-da-silva-e-preso","tag-ex-presidente-lula","tag-ex-presidente-lula-e-preso","tag-ex-presidente-lula-pode-ser-preso-a-qualquer-momento","tag-fachin-nega-novo-recurso-do-ex-presidente-lula","tag-habeas-corpus","tag-habeas-corpus-de-lula","tag-hc-preventivo","tag-imprensa-internacional","tag-inicio-da-prisao-de-lula-ainda-nao-tem-data","tag-inicio-da-prisao-do-ex-presidente-lula-ainda-nao-tem-data","tag-juiz-federal-sergio-moro","tag-julgamento-do-hc-de-lula","tag-julgamento-do-stf","tag-justica-federal","tag-lava-jato","tag-luiz-inacio-lula-da-silva","tag-luiz-inacio-lula-da-silva-pode-ser-preso-a-qualquer-momentoe","tag-lula","tag-lula-nao-e-considerado-foragido","tag-lula-pode-ser-preso-a-qualquer-momento","tag-lula-preso","tag-lula-vai-ser-preso","tag-mandado-de-prisao","tag-mandado-de-prisao-contra-lula-repercute-na-imprensa-internacional","tag-mesmo-com-rejeicao-de-habeas-corpus","tag-ministra-carmen-lucia","tag-ministros-do-supremo-negam-habeas-corpus-preventivo-a-lula","tag-ministros-do-supremo-negam-habeas-corpus-preventivo-e-lula-pode-ser-preso","tag-pf","tag-policia-federal","tag-prazo-para-lula-se-apresentar-a-policia-federal-termina-ex-presidente-continua-em-sindicato","tag-prisao","tag-prisao-de-luiz-inacio-lula-da-silva","tag-prisao-de-lula","tag-prisao-do-ex-presidente-lula","tag-prisao-ex-presidente-luiz-inacio-lula-da-silva","tag-pt-critica-decisao-do-stf","tag-recurso","tag-relembre-as-fases-do-processo-que-levou-a-ordem-de-prisao-do-ex-presidente-lula","tag-sergio-moro","tag-sergio-moro-determina-prisao-do-ex-presidente-luiz-inacio-lula-da-silva","tag-sergio-moro-determina-prisao-do-ex-presidente-lula","tag-sergio-moro-manda-prender-lula","tag-sergio-moro-prende-lula","tag-sindicato-dos-metalurgicos","tag-stf","tag-stf-nega-habeas-corpus-preventivo-a-lula","tag-stj","tag-supremo-tribunal-federal","tag-trf4","tag-tribunal-nega-pedido-de-anulacao-da-condenacao-do-ex-presidente-lula"],"_links":{"self":[{"href":"https:\/\/aconteceunovale.com.br\/portal\/index.php?rest_route=\/wp\/v2\/posts\/131505","targetHints":{"allow":["GET"]}}],"collection":[{"href":"https:\/\/aconteceunovale.com.br\/portal\/index.php?rest_route=\/wp\/v2\/posts"}],"about":[{"href":"https:\/\/aconteceunovale.com.br\/portal\/index.php?rest_route=\/wp\/v2\/types\/post"}],"author":[{"embeddable":true,"href":"https:\/\/aconteceunovale.com.br\/portal\/index.php?rest_route=\/wp\/v2\/users\/1"}],"replies":[{"embeddable":true,"href":"https:\/\/aconteceunovale.com.br\/portal\/index.php?rest_route=%2Fwp%2Fv2%2Fcomments&post=131505"}],"version-history":[{"count":0,"href":"https:\/\/aconteceunovale.com.br\/portal\/index.php?rest_route=\/wp\/v2\/posts\/131505\/revisions"}],"wp:featuredmedia":[{"embeddable":true,"href":"https:\/\/aconteceunovale.com.br\/portal\/index.php?rest_route=\/wp\/v2\/media\/130462"}],"wp:attachment":[{"href":"https:\/\/aconteceunovale.com.br\/portal\/index.php?rest_route=%2Fwp%2Fv2%2Fmedia&parent=131505"}],"wp:term":[{"taxonomy":"category","embeddable":true,"href":"https:\/\/aconteceunovale.com.br\/portal\/index.php?rest_route=%2Fwp%2Fv2%2Fcategories&post=131505"},{"taxonomy":"post_tag","embeddable":true,"href":"https:\/\/aconteceunovale.com.br\/portal\/index.php?rest_route=%2Fwp%2Fv2%2Ftags&post=131505"}],"curies":[{"name":"wp","href":"https:\/\/api.w.org\/{rel}","templated":true}]}}