{"id":131480,"date":"2018-05-04T11:14:17","date_gmt":"2018-05-04T13:14:17","guid":{"rendered":"http:\/\/aconteceunovale.com.br\/portal\/?p=131480"},"modified":"2018-05-05T00:06:47","modified_gmt":"2018-05-05T02:06:47","slug":"acidente-entre-cinco-veiculos-mata-fundador-de-site-de-noticias-e-jornalista-na-br-381","status":"publish","type":"post","link":"https:\/\/aconteceunovale.com.br\/portal\/?p=131480","title":{"rendered":"Acidente mata fundador de site de not\u00edcias e jornalista na BR-381"},"content":{"rendered":"<p>O vel\u00f3rio do jornalista Ronaldo Lenoir, ex-editor-adjunto do caderno de Pol\u00edtica do Estado de Minas e ex-funcion\u00e1rio da Secretaria de Comunica\u00e7\u00e3o do Governo de Minas Gerais, ser\u00e1 no Sindicato dos Jornalistas, na Avenida \u00c1lvares Cabral, no Centro. J\u00e1 Pedro Guadalupe, fundador do portal Bhaz, ser\u00e1 velado amanh\u00e3, no Cemit\u00e9rio Bosque da Esperan\u00e7a.<\/p>\n<p>Inicialmente, a expectativa era de que os corpos chegariam na noite desta sexta-feira de Jo\u00e3o Monlevade, por volta das 19h, e seriam velados juntos no Sindicato dos Jornalistas. Mas houve um atraso na libera\u00e7\u00e3o de Pedro Guadalupe. Os dois morreram em um grave acidente envolvendo cinco ve\u00edculos na BR-381, em Nova Era, Regi\u00e3o Central de Minas. <\/p>\n<p>Em nota, familiares informaram que o sepultamento de Pedro Guadalupe ser\u00e1 no Cemit\u00e9rio Bosque da Esperan\u00e7a, \u00e0s 13h. O sepultamento de Ronaldo Lenoir ser\u00e1 no Cemit\u00e9rio Bonfim, com hor\u00e1rio a confirmar. <\/p>\n<p><img decoding=\"async\" src=\"http:\/\/aconteceunovale.com.br\/portal\/wp-content\/uploads\/2018\/05\/acidente_jornalistas_6.jpg\" alt=\"\" \/><em>Pedro Guadalupe (esquerda) criou o site de not\u00edcias BHAZ. Ronaldo Lenoir foi editor adjunto de Pol\u00edtica do Estado de Minas (Fotos: Reprodu\u00e7\u00e3o da Internet\/Facebook)<\/em><br \/>\n<\/br><\/p>\n<p>O grave acidente aconteceu no in\u00edcio da noite de quinta-feira (03\/05\/2018). Segundo a Pol\u00edcia Rodovi\u00e1ria Federal (PRF), a batida ocorreu \u00e0s 18h e foi causada por um caminh\u00e3o-ba\u00fa, carregado de sacos de carv\u00e3o para churrasco. Todos os ve\u00edculos envolvidos, sendo o caminh\u00e3o, uma carreta, uma van e tr\u00eas carros de passeio, seguiam no sentido Jo\u00e3o Monlevade\/Belo Horizonte e estavam em uma fila, cujo primeiro ve\u00edculo era a carreta de min\u00e9rio. <\/p>\n<p>O caminh\u00e3o-ba\u00fa, desgovernado, atingiu a van e dois carros de passeio, jogando os ve\u00edculos, um Renault Sandero e uma Fiat Strada, em uma ribanceira de aproximadamente 40 metros. O Peugeot 207, onde estavam Ronaldo e Pedro, acabou prensado pelo caminh\u00e3o-ba\u00fa na carreta de min\u00e9rio e ficou completamente destru\u00eddo.<\/p>\n<p><strong>Velocidade<\/strong><\/p>\n<p>Ainda segundo a PRF, o disco de tac\u00f3grafo do caminh\u00e3o-ba\u00fa estava vencido e por isso n\u00e3o foi poss\u00edvel aferir a velocidade do ve\u00edculo causador do acidente. J\u00e1 o tac\u00f3grafo da carreta de min\u00e9rio foi aferido normalmente e apontou 60 Km\/h, velocidade permitida para o trecho. Somente a per\u00edcia da Pol\u00edcia Civil vai apontar as causas da batida, mas a PRF identificou cerca de 200 metros de frenagem no local, o que inicialmente descarta algum tipo de mal s\u00fabito e d\u00e1 ind\u00edcios de excesso de velocidade. <\/p>\n<p>Al\u00e9m dos dois mortos, outras duas pessoas ficaram feridas, conforme a PRF. Um deles \u00e9 o motorista do caminh\u00e3o-ba\u00fa, Paulo Vitor Batista Gon\u00e7alves, de 29 anos, e o outro \u00e9 o motorista do Renault Sandero, Jos\u00e9 Bittencourt, de 69 anos, que \u00e9 delegado aposentado da Pol\u00edcia Civil. Ambos foram encaminhados ao Hospital S\u00e3o Jos\u00e9, de Nova Era. Quando a PRF chegou ao local, o motorista do caminh\u00e3o j\u00e1 tinha sido socorrido e por isso ele n\u00e3o foi submetido ao teste do baf\u00f4metro no local. <\/p>\n<p>Todos os outros motoristas passaram pelo teste, que apontou negativo. A PRF colheu informa\u00e7\u00f5es sobre o condutor do caminh\u00e3o com o pai dele, que esteve no local do acidente, e tamb\u00e9m com socorristas dos grupos de resgate volunt\u00e1rio Servor e Gave, que atuaram na ocorr\u00eancia. As informa\u00e7\u00f5es iniciais d\u00e3o conta de que o motorista ficou em estado de choque e relatou que n\u00e3o se lembra do que aconteceu.<\/p>\n<p>O atendimento durou das 18h de ontem at\u00e9 \u00e0s 2h da madrugada de hoje, segundo a PRF, em raz\u00e3o da complexidade do acidente. Quando a dupla de policiais que estava de plant\u00e3o no turno em que ocorreu a batida chegou at\u00e9 o hospital de Nova Era, o condutor do caminh\u00e3o causador da batida tinha recebido alta m\u00e9dica.<\/p>\n<p><strong>Repercuss\u00e3o<\/strong><\/p>\n<p>A informa\u00e7\u00e3o da morte de Ronaldo Lenoir e Pedro Guadalupe foi confirmada pelo Sindicato dos Jornalistas Profissionais de Minas Gerais por meio de uma nota publicada em sua p\u00e1gina no Facebook. \u201c\u00c9 com enorme pesar que comunicamos o falecimento nessa madrugada de Ronaldo Lenoir e Pedro Guadalupe, do site BHAZ. Os dois foram v\u00edtimas de um acidente de carro na BR-381, que envolveu uma carreta e diversos ve\u00edculos. V\u00e3o em paz. For\u00e7a para a fam\u00edlia\u201d, escreveu a entidade.<\/p>\n<p>&#8220;Um dia muito triste para todos n\u00f3s. S\u00e3o perdas inesperadas e profundamente lament\u00e1veis&#8221;, disse Rafael D&#8217;Oliveira, um dos editores do portal BHAZ. <\/p>\n<p><strong>Conhe\u00e7a  <\/strong><\/p>\n<p>O jornalista Ronaldo Lenoir tinha 63 anos era casado e deixa duas filhas: Camila Lenoir, formada em Direito, e Carolina Lenoir que, inclusive, seguiu os passos profissionais do pai e atuou como rep\u00f3rter de Economia do Estado de Minas. <\/p>\n<p>Ronaldo se formou em jornalismo em 1987 e trabalhou como subeditor de pol\u00edtica do EM entre setembro de 1996 e outubro de 2003. Lenoir tamb\u00e9m foi editor, redator e rep\u00f3rter dos cadernos de Pol\u00edtica e Economia dos Jornais Di\u00e1rio do Com\u00e9rcio, Hoje em Dia e na R\u00e1dio Itatiaia. <\/p>\n<p>Durante os governos de H\u00e9lio Garcia (1992-1994) e A\u00e9cio Neves (2003-2007), Ronaldo Lenoir tamb\u00e9m ocupou o cargo de Superintendente de Imprensa na Secretaria de Estado e Comunica\u00e7\u00e3o de Minas Gerais. Entre 2007 e 2012, Lenoir trabalhou como assessor de comunica\u00e7\u00e3o da Companhia de G\u00e1s de Minas Gerais (Gasmig). <\/p>\n<p>Ronaldo trabalhou na cria\u00e7\u00e3o do site de not\u00edcias BHAZ junto com o empres\u00e1rio Pedro Guadalupe. Atualmente, Lenoir prestava consultoria na \u00e1rea de comunica\u00e7\u00e3o digital para o site e outras empresas.<\/p>\n<p>J\u00e1 Guadalupe, nascido em dezembro de 1985, era especializado em Marketing Digital, criou e era diretor do site BHAZ. Pedro trabalhou na \u00e1rea de cria\u00e7\u00e3o digital de ag\u00eancias publicit\u00e1rias ao longo de sua carreira. <\/p>\n<p>Pedro tamb\u00e9m acumulou experi\u00eancia como consultor de marketing digital em campanhas pol\u00edticas de partidos como PSDB, PP e Democratas e entidades como a Associa\u00e7\u00e3o Brasileira de Bares e Restaurantes (Abrasel).<\/p>\n<p>Pedro Guadalupe tinha 33 anos e deixa uma filha, de dois anos, e a esposa, al\u00e9m de dois filhos, de outro relacionamento. Guadalupe \u00e9 filho de Jacyntho Jos\u00e9 Lins Brand\u00e3o, professor do curso de Letras da Universidade Federal de Minas Gerais (UFMG).<\/p>\n<p><strong><\/p>\n<h4>Fotos do acidente<\/h4>\n<p><\/strong><\/p>\n<p><img decoding=\"async\" src=\"http:\/\/aconteceunovale.com.br\/portal\/wp-content\/uploads\/2018\/05\/acidente_jornalistas_1.jpeg\" alt=\"\" \/><\/p>\n<p><img decoding=\"async\" src=\"http:\/\/aconteceunovale.com.br\/portal\/wp-content\/uploads\/2018\/05\/acidente_jornalistas_2.jpeg\" alt=\"\" \/><\/p>\n<p><img decoding=\"async\" src=\"http:\/\/aconteceunovale.com.br\/portal\/wp-content\/uploads\/2018\/05\/acidente_jornalistas_3.jpeg\" alt=\"\" \/><\/p>\n<p><img decoding=\"async\" src=\"http:\/\/aconteceunovale.com.br\/portal\/wp-content\/uploads\/2018\/05\/acidente_jornalistas_4.jpeg\" alt=\"\" \/><\/p>\n<p><img decoding=\"async\" src=\"http:\/\/aconteceunovale.com.br\/portal\/wp-content\/uploads\/2018\/05\/acidente_jornalistas_5.jpeg\" alt=\"\" \/><br \/>\n<\/br><\/p>\n<p><strong>VER PRIMEIRO<\/strong><\/p>\n<p>Receba as not\u00edcias do Aconteceu no Vale em primeira m\u00e3o. Clique em curtir no endere\u00e7o <a href=\"https:\/\/www.facebook.com\/aconteceunovale\" target=\"_blank\"><font color=\"red\">www.facebook.com\/aconteceunovale<\/font><\/a> ou no box abaixo:<\/p>\n<div class=\"fb-like\" data-href=\"https:\/\/www.facebook.com\/aconteceunovale\" data-width=\"120\" data-layout=\"standard\" data-action=\"like\" data-size=\"small\" data-show-faces=\"true\" data-share=\"true\"><\/div>\n<p><\/br><\/p>\n<p><em>(Fonte: Estado de Minas \/ Fotos do acidente: Divulga\u00e7\u00e3o PRF)<\/em><\/p>\n","protected":false},"excerpt":{"rendered":"<p>O vel\u00f3rio do jornalista Ronaldo Lenoir, ex-editor-adjunto do caderno de Pol\u00edtica do Estado de Minas e ex-funcion\u00e1rio da Secretaria de Comunica\u00e7\u00e3o do Governo de Minas Gerais, ser\u00e1 no Sindicato dos Jornalistas, na Avenida \u00c1lvares Cabral, no Centro. J\u00e1 Pedro Guadalupe, fundador do portal Bhaz, ser\u00e1 velado amanh\u00e3, no Cemit\u00e9rio Bosque da Esperan\u00e7a. Inicialmente, a expectativa [&hellip;]<\/p>\n","protected":false},"author":1,"featured_media":131482,"comment_status":"open","ping_status":"closed","sticky":false,"template":"","format":"standard","meta":{"amp_status":"","footnotes":""},"categories":[123],"tags":[74823,173876,20919,173882,173875,173868,173881,8237,173872,173867,173879,1397,173874,173869,173873,1103,173871,173878,173866,173880,173870,173877,36403],"class_list":["post-131480","post","type-post","status-publish","format-standard","has-post-thumbnail","hentry","category-gerais","tag-acidente-br-381","tag-acidente-dono-do-site-bhaz","tag-acidente-em-nova-era","tag-acidente-entre-cinco-veiculos-mata-fundador-de-site-de-noticias-e-jornalista-na-br-381","tag-acidente-fundador-do-site-bhaz","tag-acidente-jornalistas","tag-acidente-jornalistas-br-381","tag-acidente-na-br-381","tag-acidente-pedro-guadalupe","tag-acidente-ronaldo-lenoir","tag-bhaz","tag-br-381","tag-morre-pedro-guadalupe","tag-morte-de-jornalistas-na-br-381","tag-morte-de-pedro-guadalupe","tag-nova-era","tag-pedro-guadalupe","tag-portal-bhaz","tag-ronaldo-lenoir","tag-tragedia-br-381","tag-tragedia-com-jornalistas-na-br-381","tag-tragedia-dono-do-site-bhaz","tag-tragedia-na-br-381"],"_links":{"self":[{"href":"https:\/\/aconteceunovale.com.br\/portal\/index.php?rest_route=\/wp\/v2\/posts\/131480","targetHints":{"allow":["GET"]}}],"collection":[{"href":"https:\/\/aconteceunovale.com.br\/portal\/index.php?rest_route=\/wp\/v2\/posts"}],"about":[{"href":"https:\/\/aconteceunovale.com.br\/portal\/index.php?rest_route=\/wp\/v2\/types\/post"}],"author":[{"embeddable":true,"href":"https:\/\/aconteceunovale.com.br\/portal\/index.php?rest_route=\/wp\/v2\/users\/1"}],"replies":[{"embeddable":true,"href":"https:\/\/aconteceunovale.com.br\/portal\/index.php?rest_route=%2Fwp%2Fv2%2Fcomments&post=131480"}],"version-history":[{"count":0,"href":"https:\/\/aconteceunovale.com.br\/portal\/index.php?rest_route=\/wp\/v2\/posts\/131480\/revisions"}],"wp:featuredmedia":[{"embeddable":true,"href":"https:\/\/aconteceunovale.com.br\/portal\/index.php?rest_route=\/wp\/v2\/media\/131482"}],"wp:attachment":[{"href":"https:\/\/aconteceunovale.com.br\/portal\/index.php?rest_route=%2Fwp%2Fv2%2Fmedia&parent=131480"}],"wp:term":[{"taxonomy":"category","embeddable":true,"href":"https:\/\/aconteceunovale.com.br\/portal\/index.php?rest_route=%2Fwp%2Fv2%2Fcategories&post=131480"},{"taxonomy":"post_tag","embeddable":true,"href":"https:\/\/aconteceunovale.com.br\/portal\/index.php?rest_route=%2Fwp%2Fv2%2Ftags&post=131480"}],"curies":[{"name":"wp","href":"https:\/\/api.w.org\/{rel}","templated":true}]}}