{"id":131437,"date":"2018-05-02T22:40:23","date_gmt":"2018-05-03T00:40:23","guid":{"rendered":"http:\/\/aconteceunovale.com.br\/portal\/?p=131437"},"modified":"2018-05-02T22:40:23","modified_gmt":"2018-05-03T00:40:23","slug":"homem-e-preso-acusado-de-assassinar-o-cunhado-em-timoteo-no-vale-do-aco","status":"publish","type":"post","link":"https:\/\/aconteceunovale.com.br\/portal\/?p=131437","title":{"rendered":"Homem \u00e9 preso acusado de assassinar o cunhado em Tim\u00f3teo, no Vale do A\u00e7o"},"content":{"rendered":"<p>Um homem de 43 anos foi preso nessa ter\u00e7a-feira (1\u00ba de maio de 2018) acusado de ser o autor de um homic\u00eddio ocorrido no Bairro Timirim, em Tim\u00f3teo (MG). O crime ocorreu na noite da segunda (30\/04). Segundo a Pol\u00edcia Militar (PM), o autor foi localizado em uma casa no Bairro Alvorada, onde estava escondido, e afirmou aos militares que teve uma discuss\u00e3o com a v\u00edtima, Jos\u00e9 Roberto Ara\u00fajo Pina, que era seu cunhado, e em seguida cometeu o assassinato.<\/p>\n<p>O carro utilizado pelo autor na fuga foi apreendido pela pol\u00edcia. Na resid\u00eancia, onde estava o ve\u00edculo, os militares localizaram uma por\u00e7\u00e3o de maconha, um simulacro de arma de fogo e dois celulares. Outro homem foi preso no im\u00f3vel por tr\u00e1fico de drogas. Os dois foram conduzidos \u00e0 Delegacia de Pol\u00edcia Civil para demais provid\u00eancias.<\/p>\n<p><img decoding=\"async\" src=\"http:\/\/aconteceunovale.com.br\/portal\/wp-content\/uploads\/2018\/05\/homicidio_timoteo.jpg\" alt=\"\" \/><em>Carro usado pelo autor do crime durante a fuga (Foto: Pol\u00edcia Militar\/Divulga\u00e7\u00e3o)<\/em><br \/>\n<\/br><\/p>\n<p><strong>Crime<\/strong><\/p>\n<p>Jos\u00e9 Roberto Ara\u00fajo Pina e o autor do crime, que moravam no mesmo endere\u00e7o, se desentenderam durante a tarde da \u00faltima segunda-feira (30). Horas depois, a v\u00edtima foi atingida por v\u00e1rios disparos de arma de fogo. <\/p>\n<p>A v\u00edtima chegou a ser socorrida a um hospital pelo Corpo de Bombeiros, mas n\u00e3o resistiu aos ferimentos e veio a \u00f3bito. O crime ser\u00e1 investigado pela Pol\u00edcia Civil.<\/p>\n<p><strong>VER PRIMEIRO<\/strong><\/p>\n<p>Receba as not\u00edcias do Aconteceu no Vale em primeira m\u00e3o. Clique em curtir no endere\u00e7o <a href=\"https:\/\/www.facebook.com\/aconteceunovale\" target=\"_blank\"><font color=\"red\">www.facebook.com\/aconteceunovale<\/font><\/a> ou no box abaixo:<\/p>\n<div class=\"fb-like\" data-href=\"https:\/\/www.facebook.com\/aconteceunovale\" data-width=\"120\" data-layout=\"standard\" data-action=\"like\" data-size=\"small\" data-show-faces=\"true\" data-share=\"true\"><\/div>\n<p><\/br><\/p>\n<p><em>(Fonte: G1 Grande Minas)<\/em><\/p>\n","protected":false},"excerpt":{"rendered":"<p>Um homem de 43 anos foi preso nessa ter\u00e7a-feira (1\u00ba de maio de 2018) acusado de ser o autor de um homic\u00eddio ocorrido no Bairro Timirim, em Tim\u00f3teo (MG). O crime ocorreu na noite da segunda (30\/04). Segundo a Pol\u00edcia Militar (PM), o autor foi localizado em uma casa no Bairro Alvorada, onde estava escondido, [&hellip;]<\/p>\n","protected":false},"author":1,"featured_media":131438,"comment_status":"open","ping_status":"closed","sticky":false,"template":"","format":"standard","meta":{"amp_status":"","footnotes":""},"categories":[121],"tags":[56275,21048,173778,173780,173775,20792,173776,173777,173779,23087,1105],"class_list":["post-131437","post","type-post","status-publish","format-standard","has-post-thumbnail","hentry","category-leste","tag-assassinado-em-timoteo","tag-assassinato-em-timoteo","tag-emerson-dias-da-silva","tag-homem-e-preso-acusado-de-assassinar-o-cunhado-em-timoteo","tag-homem-morto-em-timoteo","tag-homicidio-em-timoteo","tag-jose-roberto-araujo","tag-jose-roberto-araujo-pina","tag-kellvym-ramom-ferreira-silva","tag-morto-em-timoteo","tag-timoteo"],"_links":{"self":[{"href":"https:\/\/aconteceunovale.com.br\/portal\/index.php?rest_route=\/wp\/v2\/posts\/131437","targetHints":{"allow":["GET"]}}],"collection":[{"href":"https:\/\/aconteceunovale.com.br\/portal\/index.php?rest_route=\/wp\/v2\/posts"}],"about":[{"href":"https:\/\/aconteceunovale.com.br\/portal\/index.php?rest_route=\/wp\/v2\/types\/post"}],"author":[{"embeddable":true,"href":"https:\/\/aconteceunovale.com.br\/portal\/index.php?rest_route=\/wp\/v2\/users\/1"}],"replies":[{"embeddable":true,"href":"https:\/\/aconteceunovale.com.br\/portal\/index.php?rest_route=%2Fwp%2Fv2%2Fcomments&post=131437"}],"version-history":[{"count":0,"href":"https:\/\/aconteceunovale.com.br\/portal\/index.php?rest_route=\/wp\/v2\/posts\/131437\/revisions"}],"wp:featuredmedia":[{"embeddable":true,"href":"https:\/\/aconteceunovale.com.br\/portal\/index.php?rest_route=\/wp\/v2\/media\/131438"}],"wp:attachment":[{"href":"https:\/\/aconteceunovale.com.br\/portal\/index.php?rest_route=%2Fwp%2Fv2%2Fmedia&parent=131437"}],"wp:term":[{"taxonomy":"category","embeddable":true,"href":"https:\/\/aconteceunovale.com.br\/portal\/index.php?rest_route=%2Fwp%2Fv2%2Fcategories&post=131437"},{"taxonomy":"post_tag","embeddable":true,"href":"https:\/\/aconteceunovale.com.br\/portal\/index.php?rest_route=%2Fwp%2Fv2%2Ftags&post=131437"}],"curies":[{"name":"wp","href":"https:\/\/api.w.org\/{rel}","templated":true}]}}