{"id":131430,"date":"2018-05-02T21:22:17","date_gmt":"2018-05-02T23:22:17","guid":{"rendered":"http:\/\/aconteceunovale.com.br\/portal\/?p=131430"},"modified":"2018-05-02T21:22:17","modified_gmt":"2018-05-02T23:22:17","slug":"familiares-de-vitima-de-desabamento-em-caratinga-devem-ser-indenizados","status":"publish","type":"post","link":"https:\/\/aconteceunovale.com.br\/portal\/?p=131430","title":{"rendered":"Familiares de v\u00edtima de desabamento em Caratinga devem ser indenizados"},"content":{"rendered":"<p>O marido e os dois filhos de uma mulher, v\u00edtima de desabamento, dever\u00e3o ser indenizados pelos propriet\u00e1rios do im\u00f3vel pelos danos morais e materiais. A mulher estava hospedada em pens\u00e3o na cidade de Caratinga, cujo pr\u00e9dio veio a desabar em raz\u00e3o das m\u00e1s condi\u00e7\u00f5es de conserva\u00e7\u00e3o. Cada um dos familiares dever\u00e1 ser indenizado em 300 sal\u00e1rios m\u00ednimos, al\u00e9m de pensionamento mensal at\u00e9 a data em que a v\u00edtima completaria 65 anos.<\/p>\n<p>A decis\u00e3o \u00e9 do juiz auxiliar da Comarca de Caratinga, Marco Ant\u00f4nio de Oliveira Roberto, em a\u00e7\u00e3o da 1\u00aa Vara C\u00edvel. O magistrado entendeu que, em se tratando de estabelecimento que explore servi\u00e7o de hospedagem e cong\u00eaneres, a responsabilidade de seu propriet\u00e1rio \u00e9 objetiva, ou seja, independente de culpa.<\/p>\n<p>Na a\u00e7\u00e3o de repara\u00e7\u00e3o proposta contra os donos da pens\u00e3o, a defesa dos autores (marido e filhos representados pelo pai), informou que os propriet\u00e1rios do estabelecimento tamb\u00e9m s\u00e3o propriet\u00e1rios do pr\u00e9dio desabado e sempre souberam do estado ruinoso e do risco de desabamento, mas, ainda assim, continuaram explorando a atividade econ\u00f4mica.<\/p>\n<p>Os denunciados, por sua vez, alegaram que s\u00e3o propriet\u00e1rios do im\u00f3vel situado no andar superior ao im\u00f3vel que desabou, motivo por que, em caso de condena\u00e7\u00e3o, fazem jus ao direito de regresso. Alegaram ainda que o estabelecimento, situado em pavimento superior, possu\u00eda alvar\u00e1 para funcionamento para fins de hospedagem. Argumentaram que os autores n\u00e3o se preocuparam em buscar o verdadeiro causador do lament\u00e1vel fato, que, no caso, foi o propriet\u00e1rio do im\u00f3vel situado no primeiro pavimento, onde se encontravam as deteriora\u00e7\u00f5es que deram causa ao desabamento.<\/p>\n<p>Na r\u00e9plica, a defesa dos autores sustentou que a responsabilidade objetiva dos r\u00e9us decorre do simples fato de exercerem a atividade relacionada \u00e0 hospedagem, bem como pelo fato de serem cond\u00f4mino do pr\u00e9dio desabado, pelo que tinham pleno conhecimento de seu estado ruinoso.  <\/p>\n<p><img decoding=\"async\" src=\"http:\/\/aconteceunovale.com.br\/portal\/wp-content\/uploads\/2018\/05\/desabamento_caratinga.jpg\" alt=\"\" \/><em>Desabamento do pr\u00e9dio de tr\u00eas andares aconteceu na noite do dia 5 de setembro de 2009 e causou a morte de dois casais (Foto: Wilson Martins\/Di\u00e1rio de Caratinga\/Reprodu\u00e7\u00e3o O Tempo)<\/em><br \/>\n<\/br><\/p>\n<p><strong>Responsabilidade<\/strong><\/p>\n<p>De acordo com o juiz, os r\u00e9us, conforme admitido na contesta\u00e7\u00e3o, exploravam atividade econ\u00f4mica no pr\u00e9dio, consistente em servi\u00e7os de hospedagem. Al\u00e9m disso, a Defesa Civil do munic\u00edpio, em 2004, constatara, ap\u00f3s vistorias, que o edif\u00edcio em quest\u00e3o j\u00e1 se encontrava em estado prec\u00e1rio, com rachaduras e trincas, principalmente no primeiro pavimento, com fundado risco de colapso, motivo por que houve a interdi\u00e7\u00e3o, como fruto do poder de pol\u00edcia\u201d.<\/p>\n<p>Ainda conforme o magistrado, no curso do inqu\u00e9rito policial instaurado para apurar a responsabilidade penal pelo fato, foi elaborado laudo, subscrito por profissional da Engenharia Legal, que constatou que o pr\u00e9dio desabado j\u00e1 estava interditado pela Defesa Civil, haja vista o fundado risco de colapso, bem como pelo fato de situar-se em \u00e1rea de risco, mais precisamente \u00e0s margens do Rio Caratinga.<\/p>\n<p>Segundo o juiz, o laudo de vistoria foi enf\u00e1tico em constatar que a causa do desabamento n\u00e3o decorreu exclusivamente do primeiro pavimento. Para ele, a farta prova documental demonstrou cabalmente a conduta culposa dos propriet\u00e1rios de fra\u00e7\u00e3o do im\u00f3vel em que se situava o pr\u00e9dio desabado, uma vez que, h\u00e1 muito, tinham plena ci\u00eancia de seu estado prec\u00e1rio.<\/p>\n<p><strong>Indeniza\u00e7\u00e3o\/pens\u00e3o<\/strong><\/p>\n<p>Levando em conta a conduta praticada pelos propriet\u00e1rios, que deixaram de fazer os devidos reparos no pr\u00e9dio e, desobedecendo a interdi\u00e7\u00e3o administrativa, continuaram explorando a atividade econ\u00f4mica de hospedagem, colocando em risco as pessoas que se hospedavam no pr\u00e9dio j\u00e1 em ru\u00ednas; a sua condi\u00e7\u00e3o financeira; a intensidade do sofrimento dos autores, que foram privados da conviv\u00eancia da esposa e da m\u00e3e, respectivamente; e a gravidade, a natureza e repercuss\u00e3o da ofensa, o juiz arbitrou a compensa\u00e7\u00e3o por dano moral, no valor correspondente a 300 sal\u00e1rios para cada autor.<\/p>\n<p>Para fixar o valor da pens\u00e3o com base no sal\u00e1rio m\u00ednimo, o juiz levou em conta que, \u00e0 \u00e9poca do \u00f3bito, n\u00e3o consta que a v\u00edtima exercesse atividade com registro em carteira, n\u00e3o havendo prova de qual era seu rendimento quando de seu falecimento.<\/p>\n<p>No caso, considerando a exist\u00eancia de tr\u00eas benefici\u00e1rios da pens\u00e3o aliment\u00edcia, esta dever\u00e1 ser fracionada, observando-se o seguinte: a um dos filhos os alimentos ser\u00e3o devidos na fra\u00e7\u00e3o de 25% de 2\/3 do sal\u00e1rio m\u00ednimo at\u00e9 a data em que completar 25 anos de idade (28.11.2027), ap\u00f3s a cota reverter\u00e1 em favor do pai.<\/p>\n<p>Ao outro filho, os alimentos ser\u00e3o devidos, na fra\u00e7\u00e3o de 25% de 2\/3 do sal\u00e1rio m\u00ednimo, at\u00e9 a data em que completar 25 anos de idade (17.05.2032), devendo depois dessa data o valor ser revertido em favor do pai.<\/p>\n<p>Ao esposo, os alimentos ser\u00e3o devidos, na fra\u00e7\u00e3o de 50% de 2\/3 do sal\u00e1rio m\u00ednimo, at\u00e9 a data de 28.11.2027, ap\u00f3s o que, revertida a cota do primeiro filho, passar\u00e1 para 75%. J\u00e1 a partir da data de 17.05.2032, com a revers\u00e3o da cota do segundo filho, passar\u00e1 a receber 100% de 2\/3 do sal\u00e1rio m\u00ednimo.<\/p>\n<p>Em rela\u00e7\u00e3o \u00e0 pens\u00e3o mensal vital\u00edcia fixada, o juiz determinou aos propriet\u00e1rios a constitui\u00e7\u00e3o de capital.<\/p>\n<p>Esta \u00e9 uma  decis\u00e3o de Primeira Inst\u00e2ncia, portanto, dela cabe recurso. <a href=\"http:\/\/www4.tjmg.jus.br\/juridico\/sf\/proc_resultado.jsp?tipoPesquisa=1&#038;txtProcesso=0134091284064&#038;comrCodigo=134&#038;nomePessoa=&#038;tipoPessoa=X&#038;naturezaProcesso=0&#038;situacaoParte=X&#038;codigoOAB=&#038;tipoOAB=N&#038;ufOAB=MG&#038;numero=1&#038;select=1&#038;tipoConsulta=1&#038;natureza=0&#038;ativoBaixado=X&#038;listaProcessos=09128406\" target=\"_blank\">Confira a movimenta\u00e7\u00e3o processual (0134.09.128406-4) no site tjmg.jus.br<\/a>.<\/p>\n<p><strong>VER PRIMEIRO<\/strong><\/p>\n<p>Receba as not\u00edcias do Aconteceu no Vale em primeira m\u00e3o. Clique em curtir no endere\u00e7o <a href=\"https:\/\/www.facebook.com\/aconteceunovale\" target=\"_blank\"><font color=\"red\">www.facebook.com\/aconteceunovale<\/font><\/a> ou no box abaixo:<\/p>\n<div class=\"fb-like\" data-href=\"https:\/\/www.facebook.com\/aconteceunovale\" data-width=\"120\" data-layout=\"standard\" data-action=\"like\" data-size=\"small\" data-show-faces=\"true\" data-share=\"true\"><\/div>\n<p><\/br><\/p>\n<p><em>(Fonte: TJMG)<\/em><\/p>\n","protected":false},"excerpt":{"rendered":"<p>O marido e os dois filhos de uma mulher, v\u00edtima de desabamento, dever\u00e3o ser indenizados pelos propriet\u00e1rios do im\u00f3vel pelos danos morais e materiais. A mulher estava hospedada em pens\u00e3o na cidade de Caratinga, cujo pr\u00e9dio veio a desabar em raz\u00e3o das m\u00e1s condi\u00e7\u00f5es de conserva\u00e7\u00e3o. Cada um dos familiares dever\u00e1 ser indenizado em 300 [&hellip;]<\/p>\n","protected":false},"author":1,"featured_media":131431,"comment_status":"open","ping_status":"closed","sticky":false,"template":"","format":"standard","meta":{"amp_status":"","footnotes":""},"categories":[121],"tags":[237,141105,173765,173767,173764,150549,173766,311],"class_list":["post-131430","post","type-post","status-publish","format-standard","has-post-thumbnail","hentry","category-leste","tag-caratinga","tag-comarca-de-caratinga","tag-desabamento-em-caratinga","tag-desabamento-em-pensao-de-caratinga","tag-familiares-de-vitima-de-desabamento-em-caratinga-devem-ser-indenizados","tag-marco-antonio-de-oliveira-roberto","tag-pensao-de-caratinga","tag-santa-barbara-do-leste"],"_links":{"self":[{"href":"https:\/\/aconteceunovale.com.br\/portal\/index.php?rest_route=\/wp\/v2\/posts\/131430","targetHints":{"allow":["GET"]}}],"collection":[{"href":"https:\/\/aconteceunovale.com.br\/portal\/index.php?rest_route=\/wp\/v2\/posts"}],"about":[{"href":"https:\/\/aconteceunovale.com.br\/portal\/index.php?rest_route=\/wp\/v2\/types\/post"}],"author":[{"embeddable":true,"href":"https:\/\/aconteceunovale.com.br\/portal\/index.php?rest_route=\/wp\/v2\/users\/1"}],"replies":[{"embeddable":true,"href":"https:\/\/aconteceunovale.com.br\/portal\/index.php?rest_route=%2Fwp%2Fv2%2Fcomments&post=131430"}],"version-history":[{"count":0,"href":"https:\/\/aconteceunovale.com.br\/portal\/index.php?rest_route=\/wp\/v2\/posts\/131430\/revisions"}],"wp:featuredmedia":[{"embeddable":true,"href":"https:\/\/aconteceunovale.com.br\/portal\/index.php?rest_route=\/wp\/v2\/media\/131431"}],"wp:attachment":[{"href":"https:\/\/aconteceunovale.com.br\/portal\/index.php?rest_route=%2Fwp%2Fv2%2Fmedia&parent=131430"}],"wp:term":[{"taxonomy":"category","embeddable":true,"href":"https:\/\/aconteceunovale.com.br\/portal\/index.php?rest_route=%2Fwp%2Fv2%2Fcategories&post=131430"},{"taxonomy":"post_tag","embeddable":true,"href":"https:\/\/aconteceunovale.com.br\/portal\/index.php?rest_route=%2Fwp%2Fv2%2Ftags&post=131430"}],"curies":[{"name":"wp","href":"https:\/\/api.w.org\/{rel}","templated":true}]}}