{"id":131428,"date":"2018-05-02T21:06:41","date_gmt":"2018-05-02T23:06:41","guid":{"rendered":"http:\/\/aconteceunovale.com.br\/portal\/?p=131428"},"modified":"2018-05-02T22:01:24","modified_gmt":"2018-05-03T00:01:24","slug":"vereador-de-municipio-norte-mineiro-e-condenado-por-fornecimento-indevido-de-alimentacao-para-eleitores","status":"publish","type":"post","link":"https:\/\/aconteceunovale.com.br\/portal\/?p=131428","title":{"rendered":"Vereador de munic\u00edpio norte-mineiro \u00e9 condenado por fornecimento indevido de alimenta\u00e7\u00e3o para eleitores"},"content":{"rendered":"<p>Atendendo a a\u00e7\u00e3o penal proposta pelo Minist\u00e9rio P\u00fablico de Minas Gerais (MPMG), por meio da Promotoria de Justi\u00e7a Eleitoral da comarca de Jana\u00faba, a Justi\u00e7a condenou um vereador do munic\u00edpio de Verdel\u00e2ndia a quatro anos de pris\u00e3o em regime aberto, \u00e0 perda do mandato e \u00e0 suspens\u00e3o dos direitos pol\u00edticos por fornecimento indevido de alimenta\u00e7\u00e3o para eleitores. O parlamentar, do Partido Social Crist\u00e3o (PSC), ofereceu almo\u00e7o e cerveja para v\u00e1rias pessoas no dia da elei\u00e7\u00e3o de 2016.<\/p>\n<p>A senten\u00e7a substitui a pena de quatro anos de reclus\u00e3o por presta\u00e7\u00e3o de servi\u00e7os \u00e0 comunidade pelo mesmo prazo. Fixa indeniza\u00e7\u00e3o de R$ 5 mil para suprir o dano \u00e0 coletividade e pagamento de 200 dias-multa com valor unit\u00e1rio de 1\/15 do sal\u00e1rio m\u00ednimo vigente. O vereador dever\u00e1 tamb\u00e9m pagar um sal\u00e1rio m\u00ednimo a uma entidade com destina\u00e7\u00e3o social.<\/p>\n<p>Consta na den\u00fancia oferecida pelo MPMG que, no dia 2 de outubro de 2016, o promotor eleitoral e policiais militares flagraram v\u00e1rias pessoas com lata de cerveja na m\u00e3o saindo da resid\u00eancia do vereador, onde tamb\u00e9m foram encontrados pratos de refei\u00e7\u00e3o sujos e latas de cerveja vazias.<\/p>\n<p>Duas testemunhas informaram ao MPMG que estavam passando de moto em frente \u00e0 resid\u00eancia do vereador quando ele os convidou a entrar. Uma delas disse que almo\u00e7ou a convite e que a bebida e a comida teriam ficado \u00e0 disposi\u00e7\u00e3o de 10 a 20 pessoas por mais de duas horas.<\/p>\n<p>Uma outra testemunha afirmou ter visto tamb\u00e9m \u201csantinhos\u201d da campanha eleitoral dispon\u00edveis na resid\u00eancia do vereador.<\/p>\n<p>Consta ainda na senten\u00e7a que \u201cfoi provado que o vereador agiu com dolo espec\u00edfico e que seu comportamento foi antijur\u00eddico, culp\u00e1vel e t\u00edpico\u201d.<\/p>\n<p><strong>VER PRIMEIRO<\/strong><\/p>\n<p>Receba as not\u00edcias do Aconteceu no Vale em primeira m\u00e3o. Clique em curtir no endere\u00e7o <a href=\"https:\/\/www.facebook.com\/aconteceunovale\" target=\"_blank\"><font color=\"red\">www.facebook.com\/aconteceunovale<\/font><\/a> ou no box abaixo:<\/p>\n<div class=\"fb-like\" data-href=\"https:\/\/www.facebook.com\/aconteceunovale\" data-width=\"120\" data-layout=\"standard\" data-action=\"like\" data-size=\"small\" data-show-faces=\"true\" data-share=\"true\"><\/div>\n<p><\/br><\/p>\n<p><em>(Fonte: MPMG)<\/em><\/p>\n","protected":false},"excerpt":{"rendered":"<p>Atendendo a a\u00e7\u00e3o penal proposta pelo Minist\u00e9rio P\u00fablico de Minas Gerais (MPMG), por meio da Promotoria de Justi\u00e7a Eleitoral da comarca de Jana\u00faba, a Justi\u00e7a condenou um vereador do munic\u00edpio de Verdel\u00e2ndia a quatro anos de pris\u00e3o em regime aberto, \u00e0 perda do mandato e \u00e0 suspens\u00e3o dos direitos pol\u00edticos por fornecimento indevido de alimenta\u00e7\u00e3o [&hellip;]<\/p>\n","protected":false},"author":1,"featured_media":51461,"comment_status":"open","ping_status":"closed","sticky":false,"template":"","format":"standard","meta":{"amp_status":"","footnotes":""},"categories":[1236,40240],"tags":[173761,173769,173768,204,19674,19675,173759,78226,1814,173760,173762,173763],"class_list":["post-131428","post","type-post","status-publish","format-standard","has-post-thumbnail","hentry","category-norte_de_minas","category-politica-2","tag-condenacao-de-vereador-de-verdelandia","tag-harley-matos","tag-harley-matos-de-aguiar","tag-janauba","tag-ministerio-publico-de-minas-gerais","tag-mpmg","tag-promotoria-de-justica-eleitoral-da-comarca-de-janauba","tag-psc","tag-verdelandia","tag-vereador-condenado-em-verdelandia","tag-vereador-de-municipio-norte-mineiro-e-condenado-a-quatro-anos-de-prisao-por-fornecimento-indevido-de-alimentacao-para-eleitores","tag-vereador-de-municipio-norte-mineiro-e-condenado-por-fornecimento-indevido-de-alimentacao-para-eleitores"],"_links":{"self":[{"href":"https:\/\/aconteceunovale.com.br\/portal\/index.php?rest_route=\/wp\/v2\/posts\/131428","targetHints":{"allow":["GET"]}}],"collection":[{"href":"https:\/\/aconteceunovale.com.br\/portal\/index.php?rest_route=\/wp\/v2\/posts"}],"about":[{"href":"https:\/\/aconteceunovale.com.br\/portal\/index.php?rest_route=\/wp\/v2\/types\/post"}],"author":[{"embeddable":true,"href":"https:\/\/aconteceunovale.com.br\/portal\/index.php?rest_route=\/wp\/v2\/users\/1"}],"replies":[{"embeddable":true,"href":"https:\/\/aconteceunovale.com.br\/portal\/index.php?rest_route=%2Fwp%2Fv2%2Fcomments&post=131428"}],"version-history":[{"count":0,"href":"https:\/\/aconteceunovale.com.br\/portal\/index.php?rest_route=\/wp\/v2\/posts\/131428\/revisions"}],"wp:featuredmedia":[{"embeddable":true,"href":"https:\/\/aconteceunovale.com.br\/portal\/index.php?rest_route=\/wp\/v2\/media\/51461"}],"wp:attachment":[{"href":"https:\/\/aconteceunovale.com.br\/portal\/index.php?rest_route=%2Fwp%2Fv2%2Fmedia&parent=131428"}],"wp:term":[{"taxonomy":"category","embeddable":true,"href":"https:\/\/aconteceunovale.com.br\/portal\/index.php?rest_route=%2Fwp%2Fv2%2Fcategories&post=131428"},{"taxonomy":"post_tag","embeddable":true,"href":"https:\/\/aconteceunovale.com.br\/portal\/index.php?rest_route=%2Fwp%2Fv2%2Ftags&post=131428"}],"curies":[{"name":"wp","href":"https:\/\/api.w.org\/{rel}","templated":true}]}}