{"id":131425,"date":"2018-05-02T20:56:43","date_gmt":"2018-05-02T22:56:43","guid":{"rendered":"http:\/\/aconteceunovale.com.br\/portal\/?p=131425"},"modified":"2018-05-02T20:56:43","modified_gmt":"2018-05-02T22:56:43","slug":"justica-eleitoral-afasta-prefeito-de-itanhomi-no-vale-do-rio-doce","status":"publish","type":"post","link":"https:\/\/aconteceunovale.com.br\/portal\/?p=131425","title":{"rendered":"Justi\u00e7a Eleitoral afasta prefeito de Itanhomi, no Vale do Rio Doce"},"content":{"rendered":"<p>A Justi\u00e7a Eleitoral comunicou, nesta quarta-feira (2\/5\/2018), ao presidente da C\u00e2mara Municipal de Itanhomi (Vale do Rio Doce), Antonieli Costa Maia, a decis\u00e3o proferida pelo TRE mineiro que cassou os diplomas e determinou o afastamento do prefeito Jaeder Carlos Pereira (PSDB), e do vice-prefeito, Paulo Tarc\u00edsio de Andrade Nogueira (DEM), por abuso de poder econ\u00f4mico nas elei\u00e7\u00f5es de 2016.<\/p>\n<p>O documento, assinado pelo juiz da 138\u00aa Zona Eleitoral, de Itanhomi, Cl\u00e1udio Alves de Souza, determinou ao presidente da C\u00e2mara que adotasse, de imediato, \u201cas medidas legais pertinentes no \u00e2mbito municipal\u201d, cumprindo o que foi determinado pela Corte Eleitoral. Em raz\u00e3o disso, o chefe do Legislativo assume interinamente a prefeitura local e responder\u00e1 pelo munic\u00edpio at\u00e9 que novo prefeito seja eleito e tome posse. O novo pleito ainda ser\u00e1 marcado pelo Tribunal.<\/p>\n<p>A Corte Eleitoral havia fixado que a execu\u00e7\u00e3o da decis\u00e3o que cassou os diplomas do prefeito e do vice e a convoca\u00e7\u00e3o de novas elei\u00e7\u00f5es majorit\u00e1rias, nos termos do art. 224 do C\u00f3digo Eleitoral, ocorresse ap\u00f3s a publica\u00e7\u00e3o do resultado do julgamento de embargos de declara\u00e7\u00e3o, o que ocorreu no Di\u00e1rio da Justi\u00e7a Eletr\u00f4nico (DJE) dessa quarta-feira (2).<\/p>\n<p><strong>VER PRIMEIRO<\/strong><\/p>\n<p>Receba as not\u00edcias do Aconteceu no Vale em primeira m\u00e3o. Clique em curtir no endere\u00e7o <a href=\"https:\/\/www.facebook.com\/aconteceunovale\" target=\"_blank\"><font color=\"red\">www.facebook.com\/aconteceunovale<\/font><\/a> ou no box abaixo:<\/p>\n<div class=\"fb-like\" data-href=\"https:\/\/www.facebook.com\/aconteceunovale\" data-width=\"120\" data-layout=\"standard\" data-action=\"like\" data-size=\"small\" data-show-faces=\"true\" data-share=\"true\"><\/div>\n<p><\/br><\/p>\n<p><em>(Fonte: TRE-MG)<\/em><\/p>\n","protected":false},"excerpt":{"rendered":"<p>A Justi\u00e7a Eleitoral comunicou, nesta quarta-feira (2\/5\/2018), ao presidente da C\u00e2mara Municipal de Itanhomi (Vale do Rio Doce), Antonieli Costa Maia, a decis\u00e3o proferida pelo TRE mineiro que cassou os diplomas e determinou o afastamento do prefeito Jaeder Carlos Pereira (PSDB), e do vice-prefeito, Paulo Tarc\u00edsio de Andrade Nogueira (DEM), por abuso de poder econ\u00f4mico [&hellip;]<\/p>\n","protected":false},"author":1,"featured_media":131426,"comment_status":"open","ping_status":"closed","sticky":false,"template":"","format":"standard","meta":{"amp_status":"","footnotes":""},"categories":[121,40240],"tags":[173752,173756,173755,173754,173757,297,165035,173751,173758,58056,87780,165036,173753,156495],"class_list":["post-131425","post","type-post","status-publish","format-standard","has-post-thumbnail","hentry","category-leste","category-politica-2","tag-afastamento-prefeito-de-itanhomi","tag-antonieli-costa-maia","tag-camara-de-itanhomi","tag-camara-municipal-de-itanhomi","tag-claudio-alves-de-souza","tag-itanhomi","tag-jaeder-carlos-pereira","tag-justica-afasta-prefeito-de-itanhomi","tag-justica-eleitoral-afasta-prefeito-de-itanhomi","tag-no-vale-do-rio-doce","tag-novo-prefeito-de-itanhomi","tag-paulo-tarcisio-de-andrade-nogueira","tag-prefeito-de-itanhomi-e-afastado-do-cargo","tag-prefeitura-de-itanhomi"],"_links":{"self":[{"href":"https:\/\/aconteceunovale.com.br\/portal\/index.php?rest_route=\/wp\/v2\/posts\/131425","targetHints":{"allow":["GET"]}}],"collection":[{"href":"https:\/\/aconteceunovale.com.br\/portal\/index.php?rest_route=\/wp\/v2\/posts"}],"about":[{"href":"https:\/\/aconteceunovale.com.br\/portal\/index.php?rest_route=\/wp\/v2\/types\/post"}],"author":[{"embeddable":true,"href":"https:\/\/aconteceunovale.com.br\/portal\/index.php?rest_route=\/wp\/v2\/users\/1"}],"replies":[{"embeddable":true,"href":"https:\/\/aconteceunovale.com.br\/portal\/index.php?rest_route=%2Fwp%2Fv2%2Fcomments&post=131425"}],"version-history":[{"count":0,"href":"https:\/\/aconteceunovale.com.br\/portal\/index.php?rest_route=\/wp\/v2\/posts\/131425\/revisions"}],"wp:featuredmedia":[{"embeddable":true,"href":"https:\/\/aconteceunovale.com.br\/portal\/index.php?rest_route=\/wp\/v2\/media\/131426"}],"wp:attachment":[{"href":"https:\/\/aconteceunovale.com.br\/portal\/index.php?rest_route=%2Fwp%2Fv2%2Fmedia&parent=131425"}],"wp:term":[{"taxonomy":"category","embeddable":true,"href":"https:\/\/aconteceunovale.com.br\/portal\/index.php?rest_route=%2Fwp%2Fv2%2Fcategories&post=131425"},{"taxonomy":"post_tag","embeddable":true,"href":"https:\/\/aconteceunovale.com.br\/portal\/index.php?rest_route=%2Fwp%2Fv2%2Ftags&post=131425"}],"curies":[{"name":"wp","href":"https:\/\/api.w.org\/{rel}","templated":true}]}}